{"id":100738,"date":"2023-10-21T19:03:25","date_gmt":"2023-10-21T22:03:25","guid":{"rendered":"https:\/\/www.cordobatimes.com\/showup\/?p=100738"},"modified":"2023-10-21T19:03:25","modified_gmt":"2023-10-21T22:03:25","slug":"canosa-contra-massa-tras-su-renuncia-a-a24-me-tuve-que-ir-porque-el-me-censuraba","status":"publish","type":"post","link":"https:\/\/www.cordobatimes.com\/showup\/famosos\/2023\/10\/21\/canosa-contra-massa-tras-su-renuncia-a-a24-me-tuve-que-ir-porque-el-me-censuraba\/","title":{"rendered":"Canosa contra Massa tras su renuncia a A24: \u00abMe tuve que ir porque \u00e9l me censuraba\u00bb"},"content":{"rendered":"<h3 class=\"headline\"><strong>La conductora de +Viviana record\u00f3 su escandalosa salida del Grupo Am\u00e9rica y dispar\u00f3 contra el precandidato a presidente.<\/strong><\/h3>\n<p>En agosto de 2022,\u00a0Viviana Canosa\u00a0renunci\u00f3 a A24 luego de que no la dejaran pasar al aire de su programa un informe cr\u00edtico sobre Sergio Massa. A casi un a\u00f1o de dicho episodio y a d\u00edas de las elecciones\u00a0Primarias, Abiertas, Simult\u00e1neas y Obligatorias\u00a0(PASO) 2023\u00a0del pasado 13 de agosto,\u00a0la conductora apunt\u00f3 nuevamente contra el precandidato a presidente por\u00a0Uni\u00f3n por la Patria.<\/p>\n<p>Viviana Canosa\u00a0habl\u00f3 en\u00a0De Ida y Vuelta, el ciclo de\u00a0Laura Di Marco\u00a0en\u00a0CNN Radio, y se despach\u00f3 contra\u00a0Sergio Massa, actual Ministro de Econom\u00eda: \u00abSi gana Massa, mi trabajo no se va a hacer m\u00e1s f\u00e1cil.\u00a0Me resulta imposible que ganen, pero los veo con el Plan Platita, sin autocr\u00edtica y llev\u00e1ndose al mundo por delante y diciendo cosas tan absurdas, que ya a esta altura no s\u00e9 qu\u00e9 va a pasar\u00bb.<\/p>\n<p>Y sobre su episodio en\u00a0A24\u00a0record\u00f3: \u00abMe tuve que ir de A24 porque \u00e9l me censuraba. Me qued\u00e9 lastimada, golpeada y sensible, pero eso a la vez me dio m\u00e1s garra. Segu\u00ed con mi vida, a\u00fan a pesar de las amenazas\u00bb.<\/p>\n<p>A su vez, la conductora de\u00a0+Viviana\u00a0(LN+) dio su punto de vista sobre la actualidad del pa\u00eds: \u00abTenemos un pa\u00eds que se est\u00e1 cayendo a pedazos\u00a0y lo siento en carne propia. Soy un privilegiada total, pero tambi\u00e9n padecemos a esa gente que debiera hacer las cosas mejore en este maravilloso pa\u00eds y no lo hace\u00bb. Y agreg\u00f3: \u00abMe gustar\u00eda que tengamos un pa\u00eds un poquitito m\u00e1s normal. El pa\u00eds es un quilombo para la gente de a pie y la realidad es que no se puede vivir en un pa\u00eds tan demencial\u00bb.<\/p>\n<p>\u00abTodas las peleas de Juntos por el Cambio me tienen muy preocupada, no puedo creer que en vez de pelearse contra el kirchnerismo se peleen entre ellos.\u00a0Con todo lo que est\u00e1 pasando, ah\u00ed te das cuenta de los egos y el narcicismo y ya nadie escucha al ciudadano de a pie\u00bb, opin\u00f3.<\/p>\n<h3><strong>Qu\u00e9 pas\u00f3 con Viviana Canosa en A24<\/strong><\/h3>\n<p>\u00abEsta noche ha terminado nuestro ciclo #Vivianaconvos por A24.\u00a0Hemos tenido diferencias con el canal en cuanto a la noci\u00f3n de libertad de expresi\u00f3n. Creemos que defender la libertad es tambi\u00e9n defender una instituci\u00f3n b\u00e1sica\u00bb, comenz\u00f3 Canosa el a\u00f1o pasado su descargo a trav\u00e9s de Twitter, tras renunciar a A24.<\/p>\n<p><img alt=\"\" loading=\"lazy\" decoding=\"async\" class=\"alignnone size-medium wp-image-100740\" src=\"https:\/\/www.cordobatimes.com\/showup\/wp-content\/uploads\/2023\/10\/Pantallazo-21-10-2023-18.58.25-699x420.jpg\" alt=\"\" width=\"699\" height=\"420\" srcset=\"https:\/\/www.cordobatimes.com\/showup\/wp-content\/uploads\/2023\/10\/Pantallazo-21-10-2023-18.58.25-699x420.jpg 699w, https:\/\/www.cordobatimes.com\/showup\/wp-content\/uploads\/2023\/10\/Pantallazo-21-10-2023-18.58.25-768x461.jpg 768w, https:\/\/www.cordobatimes.com\/showup\/wp-content\/uploads\/2023\/10\/Pantallazo-21-10-2023-18.58.25-696x418.jpg 696w, https:\/\/www.cordobatimes.com\/showup\/wp-content\/uploads\/2023\/10\/Pantallazo-21-10-2023-18.58.25.jpg 1002w\" sizes=\"auto, (max-width: 699px) 100vw, 699px\" \/><\/p>\n<p>Y continu\u00f3: \u00abCreemos tambi\u00e9n que\u00a0defender instituciones y personas, son asuntos distintos.\u00a0Tambi\u00e9n tenemos con el canal una\u00a0diferencia respecto de la noci\u00f3n de violencia. A nuestro criterio, lo que genera la violencia es la pobreza, la indigencia, la desocupaci\u00f3n, la inflaci\u00f3n y todos los desastres que nos ahorraremos mencionar\u00bb, remarc\u00f3.<\/p>\n<p><img alt=\"\" loading=\"lazy\" decoding=\"async\" class=\"alignnone wp-image-100741 size-full\" src=\"https:\/\/www.cordobatimes.com\/showup\/wp-content\/uploads\/2023\/10\/Pantallazo-21-10-2023-18.59.50.jpg\" alt=\"\" width=\"1123\" height=\"631\" srcset=\"https:\/\/www.cordobatimes.com\/showup\/wp-content\/uploads\/2023\/10\/Pantallazo-21-10-2023-18.59.50.jpg 1123w, https:\/\/www.cordobatimes.com\/showup\/wp-content\/uploads\/2023\/10\/Pantallazo-21-10-2023-18.59.50-747x420.jpg 747w, https:\/\/www.cordobatimes.com\/showup\/wp-content\/uploads\/2023\/10\/Pantallazo-21-10-2023-18.59.50-1024x575.jpg 1024w, https:\/\/www.cordobatimes.com\/showup\/wp-content\/uploads\/2023\/10\/Pantallazo-21-10-2023-18.59.50-768x432.jpg 768w, https:\/\/www.cordobatimes.com\/showup\/wp-content\/uploads\/2023\/10\/Pantallazo-21-10-2023-18.59.50-696x391.jpg 696w, https:\/\/www.cordobatimes.com\/showup\/wp-content\/uploads\/2023\/10\/Pantallazo-21-10-2023-18.59.50-1068x600.jpg 1068w\" sizes=\"auto, (max-width: 1123px) 100vw, 1123px\" \/><\/p>\n<p>\u00abNo somos ingenuos.\u00a0Sabemos que la comunicaci\u00f3n amplifica e influye.\u00a0Pero\u00a0no confundimos el problema con el s\u00edntoma. No son lo mismo. Nuestro compromiso es con los hechos y con la verdad. Nuestras opiniones y l\u00ednea editorial son meramente nuestras, y siempre hemos estado dispuestos a asumir los costos de defenderlas\u00bb, indic\u00f3 la conductora.<\/p>\n<p>Por otro lado,\u00a0Viviana Canosa\u00a0agradeci\u00f3 a\u00a0A24\u00a0por haberle \u00abdado pantalla durante un a\u00f1o y medio\u00bb, as\u00ed como tambi\u00e9n \u00aba todos los trabajadores del canal por la calidad de su trabajo y su cari\u00f1o\u00bb.<\/p>\n<p>Por \u00faltimo, expres\u00f3 contundente: \u00abPodemos estar acertados o equivocados.\u00a0Pero siempre libres y dignos. Gracias a ustedes por acompa\u00f1arnos cada noche\u00bb.<\/p>\n<p>El texto compartido en varios posteos se viraliz\u00f3 r\u00e1pidamente y cada uno cosech\u00f3 miles de likes, adem\u00e1s de ser citados y erreteados, n\u00fameros que a cada minuto aumentaban. El apoyo que recibi\u00f3, a pesar de ser una de las comunicadoras m\u00e1s pol\u00e9micas del medio, fue total.<\/p>\n","protected":false},"excerpt":{"rendered":"<p>La conductora de +Viviana record\u00f3 su escandalosa salida del Grupo Am\u00e9rica y dispar\u00f3 contra el precandidato a presidente. En agosto de 2022,\u00a0Viviana Canosa\u00a0renunci\u00f3 a A24 luego de que no la dejaran pasar al aire de su programa un informe cr\u00edtico sobre Sergio Massa. A casi un a\u00f1o de dicho episodio y a d\u00edas de las [&hellip;]<\/p>\n","protected":false},"author":1,"featured_media":100739,"comment_status":"closed","ping_status":"closed","sticky":false,"template":"","format":"standard","meta":{"_seopress_robots_primary_cat":"","_seopress_titles_title":"","_seopress_titles_desc":"","_seopress_robots_index":"","footnotes":""},"categories":[4],"tags":[38364,38362,38363],"class_list":{"0":"post-100738","1":"post","2":"type-post","3":"status-publish","4":"format-standard","5":"has-post-thumbnail","7":"category-famosos","8":"tag-renuncia-a-a24-de-viviana-canosa","9":"tag-viviana-canosa-contra-sergio-massa","10":"tag-viviana-canosa-sergio-massa"},"_links":{"self":[{"href":"https:\/\/www.cordobatimes.com\/showup\/wp-json\/wp\/v2\/posts\/100738","targetHints":{"allow":["GET"]}}],"collection":[{"href":"https:\/\/www.cordobatimes.com\/showup\/wp-json\/wp\/v2\/posts"}],"about":[{"href":"https:\/\/www.cordobatimes.com\/showup\/wp-json\/wp\/v2\/types\/post"}],"author":[{"embeddable":true,"href":"https:\/\/www.cordobatimes.com\/showup\/wp-json\/wp\/v2\/users\/1"}],"replies":[{"embeddable":true,"href":"https:\/\/www.cordobatimes.com\/showup\/wp-json\/wp\/v2\/comments?post=100738"}],"version-history":[{"count":0,"href":"https:\/\/www.cordobatimes.com\/showup\/wp-json\/wp\/v2\/posts\/100738\/revisions"}],"wp:featuredmedia":[{"embeddable":true,"href":"https:\/\/www.cordobatimes.com\/showup\/wp-json\/wp\/v2\/media\/100739"}],"wp:attachment":[{"href":"https:\/\/www.cordobatimes.com\/showup\/wp-json\/wp\/v2\/media?parent=100738"}],"wp:term":[{"taxonomy":"category","embeddable":true,"href":"https:\/\/www.cordobatimes.com\/showup\/wp-json\/wp\/v2\/categories?post=100738"},{"taxonomy":"post_tag","embeddable":true,"href":"https:\/\/www.cordobatimes.com\/showup\/wp-json\/wp\/v2\/tags?post=100738"}],"curies":[{"name":"wp","href":"https:\/\/api.w.org\/{rel}","templated":true}]}}