{"id":100726,"date":"2023-10-21T17:19:38","date_gmt":"2023-10-21T20:19:38","guid":{"rendered":"https:\/\/www.cordobatimes.com\/showup\/?p=100726"},"modified":"2023-10-21T17:19:58","modified_gmt":"2023-10-21T20:19:58","slug":"meryl-streep-recibio-el-premio-princesa-de-asturias","status":"publish","type":"post","link":"https:\/\/www.cordobatimes.com\/showup\/cine-y-series\/2023\/10\/21\/meryl-streep-recibio-el-premio-princesa-de-asturias\/","title":{"rendered":"Meryl Streep recibi\u00f3 el premio Princesa de Asturias"},"content":{"rendered":"<h3><strong>Streep dio su discurso de aceptaci\u00f3n en el Teatro Campoamor, en la capital asturiana, en una alocuci\u00f3n en la que\u00a0record\u00f3 que de joven actu\u00f3 en<i>\u00a0La casa de Bernarda Alba\u00a0<\/i>de Federico Garc\u00eda Lorca, lo cual le permiti\u00f3 aludir a la situaci\u00f3n pol\u00edtica mundial.<\/strong><\/h3>\n<p>La actriz estadounidense\u00a0<b>Meryl Streep<\/b>, una de las m\u00e1s grandes de la historia del cine, recibi\u00f3 este viernes en Oviedo el <b>Premio Princesa de las Artes<\/b>. El galard\u00f3n fue anunciado en junio y la actriz ganadora de tres Oscars lo recibi\u00f3 de manos de Leonor de Borb\u00f3n, heredera al trono espa\u00f1ol.<\/p>\n<p>\u00ab\u00bfQu\u00e9 es lo que hacen los actores realmente? El intangible don de metamorfosis del actor es lo que hace que sea dif\u00edcil cuantificarlo o medirlo. \u00bfQu\u00e9 importancia tiene para nosotros? S\u00e9 por mi misma que cuando veo una actuaci\u00f3n que me gusta o me llama la atenci\u00f3n puedo permanecer dentro de m\u00ed durante d\u00edas o d\u00e9cadas\u00bb, dijo en otro pasaje del discurso.<\/p>\n<p>En otro pasaje indag\u00f3 sobre su carrera como actriz: \u00ab\u00bfQui\u00e9n soy yo, una buena chica de clase media de Nueva Jersey, para meterme en la piel de la primera ministra del Reino Unido o de una sobreviviente polaca del Holocausto? Ese no es mi \u00e1rea de experiencia. Un artista espa\u00f1ol espa\u00f1ol, Picasso, dijo: &#8216;Pintar a los dem\u00e1s es necesario, imitarse a uno mismo es pat\u00e9tico&#8217;. Y otra gran artista espa\u00f1ola, Pen\u00e9lope Cruz, ha dicho que no puedes vivir tu vida mir\u00e1ndote siempre a ti mismo desde el punto de vista de otra persona\u00bb.<\/p>\n<p>Streep apunt\u00f3 que \u00abcuando nacemos nos identificamos con los dem\u00e1s, sentimos empat\u00eda. Los beb\u00e9s lloran solo con ver las l\u00e1grimas de otro, pero a medida que crecemos reprimimos esos sentimientos para suplantarlos a favor de una ideolog\u00eda o como un escudo. Y as\u00ed llegamos a este triste momento de la Historia\u00bb\u00bb.<\/p>\n<p>\u00abEn la universidad hice el vestuario de La casa de Bernarda Alba, de Lorca. En ella, Martirio grita &#8216;\u00a1Pero las cosas se repiten. Todo es una repetici\u00f3n!&#8217; \u00c9l escribi\u00f3 su obra dos meses antes de su asesinato. En v\u00edsperas de otro cataclismo\u00bb, record\u00f3 la artista de 74 a\u00f1os.<\/p>\n<p>\u00abFue extraordinario que pudiera expresar a trav\u00e9s de ella la sabidur\u00eda y una advertencia para el futuro\u00bb, a\u00f1adi\u00f3. \u00abLos muertos deben tener voz a trav\u00e9s del actor. Es un privilegio. El don de la empat\u00eda todos lo compartimos. La misteriosa capacidad de sentarnos entre extra\u00f1os y poder experimentar lo que sienten otros. La empat\u00eda es acercamiento y diplomacia en un mundo hostil. Ojal\u00e1 podamos hacer la otra regla de los actores: lo importante es escuchar. Gracias por hacerlo\u00bb, cerr\u00f3.<\/p>\n<div style=\"width: 640px;\" class=\"wp-video\"><video class=\"wp-video-shortcode\" id=\"video-100726-1\" width=\"640\" height=\"360\" preload=\"metadata\" controls=\"controls\"><source type=\"video\/mp4\" src=\"https:\/\/www.cordobatimes.com\/showup\/wp-content\/uploads\/2023\/10\/videoplayback-14.mp4?_=1\" \/><a href=\"https:\/\/www.cordobatimes.com\/showup\/wp-content\/uploads\/2023\/10\/videoplayback-14.mp4\">https:\/\/www.cordobatimes.com\/showup\/wp-content\/uploads\/2023\/10\/videoplayback-14.mp4<\/a><\/video><\/div>\n","protected":false},"excerpt":{"rendered":"<p>Streep dio su discurso de aceptaci\u00f3n en el Teatro Campoamor, en la capital asturiana, en una alocuci\u00f3n en la que\u00a0record\u00f3 que de joven actu\u00f3 en\u00a0La casa de Bernarda Alba\u00a0de Federico Garc\u00eda Lorca, lo cual le permiti\u00f3 aludir a la situaci\u00f3n pol\u00edtica mundial. La actriz estadounidense\u00a0Meryl Streep, una de las m\u00e1s grandes de la historia del [&hellip;]<\/p>\n","protected":false},"author":1,"featured_media":100727,"comment_status":"closed","ping_status":"closed","sticky":false,"template":"","format":"standard","meta":{"_seopress_robots_primary_cat":"","_seopress_titles_title":"","_seopress_titles_desc":"","_seopress_robots_index":"","footnotes":""},"categories":[3],"tags":[38358,38359,38357],"class_list":{"0":"post-100726","1":"post","2":"type-post","3":"status-publish","4":"format-standard","5":"has-post-thumbnail","7":"category-cine-y-series","8":"tag-meryl-streep-princesa-de-asturias","9":"tag-premio-princesa-de-asturias","10":"tag-princesa-de-asturias"},"_links":{"self":[{"href":"https:\/\/www.cordobatimes.com\/showup\/wp-json\/wp\/v2\/posts\/100726","targetHints":{"allow":["GET"]}}],"collection":[{"href":"https:\/\/www.cordobatimes.com\/showup\/wp-json\/wp\/v2\/posts"}],"about":[{"href":"https:\/\/www.cordobatimes.com\/showup\/wp-json\/wp\/v2\/types\/post"}],"author":[{"embeddable":true,"href":"https:\/\/www.cordobatimes.com\/showup\/wp-json\/wp\/v2\/users\/1"}],"replies":[{"embeddable":true,"href":"https:\/\/www.cordobatimes.com\/showup\/wp-json\/wp\/v2\/comments?post=100726"}],"version-history":[{"count":0,"href":"https:\/\/www.cordobatimes.com\/showup\/wp-json\/wp\/v2\/posts\/100726\/revisions"}],"wp:featuredmedia":[{"embeddable":true,"href":"https:\/\/www.cordobatimes.com\/showup\/wp-json\/wp\/v2\/media\/100727"}],"wp:attachment":[{"href":"https:\/\/www.cordobatimes.com\/showup\/wp-json\/wp\/v2\/media?parent=100726"}],"wp:term":[{"taxonomy":"category","embeddable":true,"href":"https:\/\/www.cordobatimes.com\/showup\/wp-json\/wp\/v2\/categories?post=100726"},{"taxonomy":"post_tag","embeddable":true,"href":"https:\/\/www.cordobatimes.com\/showup\/wp-json\/wp\/v2\/tags?post=100726"}],"curies":[{"name":"wp","href":"https:\/\/api.w.org\/{rel}","templated":true}]}}