{"id":100721,"date":"2023-10-20T20:48:12","date_gmt":"2023-10-20T23:48:12","guid":{"rendered":"https:\/\/www.cordobatimes.com\/showup\/?p=100721"},"modified":"2023-10-20T21:47:16","modified_gmt":"2023-10-21T00:47:16","slug":"angel-de-brito-desmintio-los-rumores-de-embarazo-de-fatima-florez","status":"publish","type":"post","link":"https:\/\/www.cordobatimes.com\/showup\/famosos\/2023\/10\/20\/angel-de-brito-desmintio-los-rumores-de-embarazo-de-fatima-florez\/","title":{"rendered":"\u00c1ngel de Brito desminti\u00f3 los rumores de embarazo de F\u00e1tima Florez"},"content":{"rendered":"<h3 class=\"headline\"><strong>El conductor de LAM se refiri\u00f3 al posible embarazo de la actriz<\/strong><\/h3>\n<p><strong>\u00c1ngel de Brito<\/strong>\u00a0habl\u00f3 sobre los rumores de embarazo de\u00a0<strong>F\u00e1tima Florez<\/strong>, lo desminti\u00f3 rotundamente, y\u00a0<strong>Javier Milei<\/strong>\u00a0reaccion\u00f3 de una manera particular.<\/p>\n<p>A pocos d\u00edas de conocer qui\u00e9n podr\u00eda ser el nuevo presidente de la<strong>\u00a0Argentina\u00a0<\/strong>en las\u00a0<strong>Elecciones 2023<\/strong>, en caso de que no haya\u00a0<strong>ballottage<\/strong>,<strong>\u00a0Diego Esteves<\/strong>\u00a0fue quien revel\u00f3 esta informaci\u00f3n en<strong>\u00a0A La Tarde (Am\u00e9rica TV)<\/strong>, y la noticia se hizo viral en cuesti\u00f3n de horas.<\/p>\n<h3><strong>\u00bfF\u00e1tima Florez est\u00e1 embarazada?<\/strong><\/h3>\n<p><strong>\u00abAgenda absolutamente suspendida para hoy para F\u00e1tima. Ten\u00eda algunas notas pautadas, todo suspendido a la luz de lo que sucedi\u00f3 hoy a la ma\u00f1ana entre su abogada, Ana Rosenfeld, y Norberto Marcos que sali\u00f3 furibundo a contraatacar\u00bb<\/strong>, comenz\u00f3 diciendo.<\/p>\n<p>Adem\u00e1s, hizo \u00e9nfasis en el malestar que ven\u00eda teniendo la actriz hace unos d\u00edas, y asegur\u00f3:\u00a0<strong>\u00abEst\u00e1 descompuesta, somatizando esta reacci\u00f3n que ella considera injusta por dem\u00e1s\u00bb<\/strong>.<\/p>\n<p>Luego de remarcar que la imitadora estaba con v\u00f3mitos, todo el estudio especul\u00f3 con un posible embarazo, y\u00a0<strong>Luis Ventura<\/strong>\u00a0expres\u00f3:\u00a0<strong>\u00abLo que dije la semana pasada es que el rumor que se ven\u00eda es el embarazo. Si es cierto o no es otra historia\u00bb<\/strong>.<\/p>\n<p>De esta manera,<strong>\u00a0Marina Calabr\u00f3<\/strong>\u00a0se agarr\u00f3 de la noticia que brindaron en\u00a0<strong>A La Tarde (Am\u00e9rica TV)<\/strong>, y la columnita de espect\u00e1culos tambi\u00e9n cont\u00f3 en<strong>\u00a0Lanata sin Filtro (Radio Mitre)<\/strong>\u00a0que la actriz<strong>\u00a0\u00abhabr\u00eda tenido una leve indisposici\u00f3n\u00bb<\/strong>.<\/p>\n<div>\n<p>Sin embargo, la periodista fue a buscar a las fuentes oficiales y les mand\u00f3 un mensaje a ambas personas para corroborar lo que se estaba diciendo.<\/p>\n<p><strong>\u00abLe escrib\u00ed a la se\u00f1ora F\u00e1tima Florez, por supuesto. Me clav\u00f3 el visto de una manera. El tema es que ella suspendi\u00f3 su agenda laboral, los compromisos, las conferencias de prensa.\u00a0Bueno, me clav\u00f3 el visto. Le escrib\u00ed a Javier Milei y me dice, &#8216;\u00bfEst\u00e1n locos?'\u00bb<\/strong>, detall\u00f3<strong>\u00a0Marina<\/strong>, desmintiendo la informaci\u00f3n que hab\u00eda circulado.<\/p>\n<p>Posteriormente, cuando levantaron esta noticia en <strong>Intrusos (Am\u00e9rica TV)<\/strong>,\u00a0<strong>\u00c1ngel de Brito\u00a0<\/strong>cit\u00f3 un tweet a trav\u00e9s de su cuenta de Twitter y tambi\u00e9n desminti\u00f3 la informaci\u00f3n con un contundente<strong>\u00a0\u00abfalso\u00bb<\/strong>. Por el momento y seg\u00fan la palabra de los protagonistas,\u00a0<strong>F\u00e1tima Florez\u00a0<\/strong>no se encuentra embarazada de\u00a0<strong>Javier Milei<\/strong>, el candidato a presidente de la<strong>\u00a0Libertad Avanza<\/strong>.<\/p>\n<p><img alt=\"\" loading=\"lazy\" decoding=\"async\" class=\"alignnone wp-image-100723 size-full\" src=\"https:\/\/www.cordobatimes.com\/showup\/wp-content\/uploads\/2023\/10\/Pantallazo-20-10-2023-20.30.58.jpg\" alt=\"\" width=\"735\" height=\"698\" srcset=\"https:\/\/www.cordobatimes.com\/showup\/wp-content\/uploads\/2023\/10\/Pantallazo-20-10-2023-20.30.58.jpg 735w, https:\/\/www.cordobatimes.com\/showup\/wp-content\/uploads\/2023\/10\/Pantallazo-20-10-2023-20.30.58-442x420.jpg 442w, https:\/\/www.cordobatimes.com\/showup\/wp-content\/uploads\/2023\/10\/Pantallazo-20-10-2023-20.30.58-696x661.jpg 696w\" sizes=\"auto, (max-width: 735px) 100vw, 735px\" \/><\/p>\n<p>&nbsp;<\/p>\n<blockquote class=\"twitter-tweet\">\n<p lang=\"es\" dir=\"ltr\">&quot;No estoy embarazada. Ni idea de donde sali\u00f3 esto. Estoy indispuesta&quot;  <a href=\"https:\/\/twitter.com\/fatimaflorez?ref_src=twsrc%5Etfw\">@fatimaflorez<\/a> a <a href=\"https:\/\/twitter.com\/AngeldebritoOk?ref_src=twsrc%5Etfw\">@AngeldebritoOk<\/a> <a href=\"https:\/\/twitter.com\/hashtag\/LAM?src=hash&amp;ref_src=twsrc%5Etfw\">#LAM<\/a><\/p>\n<p>&mdash; ElEjercitoDeLAM (@elejercitodelam) <a href=\"https:\/\/twitter.com\/elejercitodelam\/status\/1715526449384333545?ref_src=twsrc%5Etfw\">October 21, 2023<\/a><\/p><\/blockquote>\n<p> <script async src=\"https:\/\/platform.twitter.com\/widgets.js\" charset=\"utf-8\"><\/script><\/div>\n","protected":false},"excerpt":{"rendered":"<p>El conductor de LAM se refiri\u00f3 al posible embarazo de la actriz \u00c1ngel de Brito\u00a0habl\u00f3 sobre los rumores de embarazo de\u00a0F\u00e1tima Florez, lo desminti\u00f3 rotundamente, y\u00a0Javier Milei\u00a0reaccion\u00f3 de una manera particular. A pocos d\u00edas de conocer qui\u00e9n podr\u00eda ser el nuevo presidente de la\u00a0Argentina\u00a0en las\u00a0Elecciones 2023, en caso de que no haya\u00a0ballottage,\u00a0Diego Esteves\u00a0fue quien revel\u00f3 [&hellip;]<\/p>\n","protected":false},"author":1,"featured_media":100722,"comment_status":"closed","ping_status":"closed","sticky":false,"template":"","format":"standard","meta":{"_seopress_robots_primary_cat":"","_seopress_titles_title":"","_seopress_titles_desc":"","_seopress_robots_index":"","footnotes":""},"categories":[4],"tags":[38355,38353,38354,38356],"class_list":{"0":"post-100721","1":"post","2":"type-post","3":"status-publish","4":"format-standard","5":"has-post-thumbnail","7":"category-famosos","8":"tag-angel-de-brito-fatima-florez","9":"tag-embarazo-de-fatima-florez","10":"tag-fatima-florez-embarazada","11":"tag-fatima-florez-javier-milei"},"_links":{"self":[{"href":"https:\/\/www.cordobatimes.com\/showup\/wp-json\/wp\/v2\/posts\/100721","targetHints":{"allow":["GET"]}}],"collection":[{"href":"https:\/\/www.cordobatimes.com\/showup\/wp-json\/wp\/v2\/posts"}],"about":[{"href":"https:\/\/www.cordobatimes.com\/showup\/wp-json\/wp\/v2\/types\/post"}],"author":[{"embeddable":true,"href":"https:\/\/www.cordobatimes.com\/showup\/wp-json\/wp\/v2\/users\/1"}],"replies":[{"embeddable":true,"href":"https:\/\/www.cordobatimes.com\/showup\/wp-json\/wp\/v2\/comments?post=100721"}],"version-history":[{"count":0,"href":"https:\/\/www.cordobatimes.com\/showup\/wp-json\/wp\/v2\/posts\/100721\/revisions"}],"wp:featuredmedia":[{"embeddable":true,"href":"https:\/\/www.cordobatimes.com\/showup\/wp-json\/wp\/v2\/media\/100722"}],"wp:attachment":[{"href":"https:\/\/www.cordobatimes.com\/showup\/wp-json\/wp\/v2\/media?parent=100721"}],"wp:term":[{"taxonomy":"category","embeddable":true,"href":"https:\/\/www.cordobatimes.com\/showup\/wp-json\/wp\/v2\/categories?post=100721"},{"taxonomy":"post_tag","embeddable":true,"href":"https:\/\/www.cordobatimes.com\/showup\/wp-json\/wp\/v2\/tags?post=100721"}],"curies":[{"name":"wp","href":"https:\/\/api.w.org\/{rel}","templated":true}]}}