{"id":100703,"date":"2023-10-19T19:25:05","date_gmt":"2023-10-19T22:25:05","guid":{"rendered":"https:\/\/www.cordobatimes.com\/showup\/?p=100703"},"modified":"2023-10-19T19:25:05","modified_gmt":"2023-10-19T22:25:05","slug":"florencia-de-la-v-sobre-las-elecciones-2023-vayan-a-votar-con-consciencia-y-sin-bronca","status":"publish","type":"post","link":"https:\/\/www.cordobatimes.com\/showup\/famosos\/2023\/10\/19\/florencia-de-la-v-sobre-las-elecciones-2023-vayan-a-votar-con-consciencia-y-sin-bronca\/","title":{"rendered":"Florencia de la V sobre las Elecciones 2023: \u00abVayan a votar con consciencia y sin bronca\u00bb"},"content":{"rendered":"<h3 class=\"headline\"><strong>La conductora le hizo una importante recomendaci\u00f3n al p\u00fablico\u00a0en referencia a los comicios del domingo.<\/strong><\/h3>\n<p><strong>Florencia de la V<\/strong>\u00a0le hizo una invitaci\u00f3n al p\u00fablico de<strong><em>\u00a0Intrusos\u00a0<\/em><\/strong>(Am\u00e9rica TV) a que participen en las pr\u00f3ximas elecciones generales del domingo 22 de octubre.<\/p>\n<p>Al inicio del ciclo es espect\u00e1culo, la conductora expres\u00f3: \u00ab<strong>Vayan a votar con consciencia y sin bronca<\/strong>\u00ab.<\/p>\n<p>De igual manera,\u00a0<strong>Florencia<\/strong>\u00a0reiter\u00f3:\u00a0\u00ab<strong>Yo s\u00e9 que estamos indignados, no, lo que sigue&#8230; Pero tenemos que ir a votar con consciencia, votar bien, con convicci\u00f3n<\/strong>\u00ab.<\/p>\n<div style=\"width: 552px;\" class=\"wp-video\"><video class=\"wp-video-shortcode\" id=\"video-100703-1\" width=\"552\" height=\"360\" preload=\"metadata\" controls=\"controls\"><source type=\"video\/mp4\" src=\"https:\/\/www.cordobatimes.com\/showup\/wp-content\/uploads\/2023\/10\/videoplayback-11.mp4?_=1\" \/><a href=\"https:\/\/www.cordobatimes.com\/showup\/wp-content\/uploads\/2023\/10\/videoplayback-11.mp4\">https:\/\/www.cordobatimes.com\/showup\/wp-content\/uploads\/2023\/10\/videoplayback-11.mp4<\/a><\/video><\/div>\n<p>&nbsp;<\/p>\n","protected":false},"excerpt":{"rendered":"<p>La conductora le hizo una importante recomendaci\u00f3n al p\u00fablico\u00a0en referencia a los comicios del domingo. Florencia de la V\u00a0le hizo una invitaci\u00f3n al p\u00fablico de\u00a0Intrusos\u00a0(Am\u00e9rica TV) a que participen en las pr\u00f3ximas elecciones generales del domingo 22 de octubre. Al inicio del ciclo es espect\u00e1culo, la conductora expres\u00f3: \u00abVayan a votar con consciencia y sin [&hellip;]<\/p>\n","protected":false},"author":1,"featured_media":100704,"comment_status":"closed","ping_status":"closed","sticky":false,"template":"","format":"standard","meta":{"_seopress_robots_primary_cat":"","_seopress_titles_title":"","_seopress_titles_desc":"","_seopress_robots_index":"","footnotes":""},"categories":[4],"tags":[37951,38346,38345],"class_list":{"0":"post-100703","1":"post","2":"type-post","3":"status-publish","4":"format-standard","5":"has-post-thumbnail","7":"category-famosos","8":"tag-elecciones-2023","9":"tag-florencia-de-la-v-elecciones-2023","10":"tag-florencia-de-la-v-sobre-las-elecciones-2023"},"_links":{"self":[{"href":"https:\/\/www.cordobatimes.com\/showup\/wp-json\/wp\/v2\/posts\/100703","targetHints":{"allow":["GET"]}}],"collection":[{"href":"https:\/\/www.cordobatimes.com\/showup\/wp-json\/wp\/v2\/posts"}],"about":[{"href":"https:\/\/www.cordobatimes.com\/showup\/wp-json\/wp\/v2\/types\/post"}],"author":[{"embeddable":true,"href":"https:\/\/www.cordobatimes.com\/showup\/wp-json\/wp\/v2\/users\/1"}],"replies":[{"embeddable":true,"href":"https:\/\/www.cordobatimes.com\/showup\/wp-json\/wp\/v2\/comments?post=100703"}],"version-history":[{"count":0,"href":"https:\/\/www.cordobatimes.com\/showup\/wp-json\/wp\/v2\/posts\/100703\/revisions"}],"wp:featuredmedia":[{"embeddable":true,"href":"https:\/\/www.cordobatimes.com\/showup\/wp-json\/wp\/v2\/media\/100704"}],"wp:attachment":[{"href":"https:\/\/www.cordobatimes.com\/showup\/wp-json\/wp\/v2\/media?parent=100703"}],"wp:term":[{"taxonomy":"category","embeddable":true,"href":"https:\/\/www.cordobatimes.com\/showup\/wp-json\/wp\/v2\/categories?post=100703"},{"taxonomy":"post_tag","embeddable":true,"href":"https:\/\/www.cordobatimes.com\/showup\/wp-json\/wp\/v2\/tags?post=100703"}],"curies":[{"name":"wp","href":"https:\/\/api.w.org\/{rel}","templated":true}]}}