{"id":100689,"date":"2023-10-19T11:28:21","date_gmt":"2023-10-19T14:28:21","guid":{"rendered":"https:\/\/www.cordobatimes.com\/showup\/?p=100689"},"modified":"2023-10-19T11:28:21","modified_gmt":"2023-10-19T14:28:21","slug":"el-sueno-que-tuvo-el-hermano-de-silvina-luna-antes-de-la-detencion-de-lotocki","status":"publish","type":"post","link":"https:\/\/www.cordobatimes.com\/showup\/tv\/2023\/10\/19\/el-sueno-que-tuvo-el-hermano-de-silvina-luna-antes-de-la-detencion-de-lotocki\/","title":{"rendered":"El sue\u00f1o que tuvo el hermano de Silvina Luna antes de la detenci\u00f3n de Lotocki"},"content":{"rendered":"<h3><strong>Ezequiel Luna sinti\u00f3 una experiencia premonitoria la noche del martes, antes de conocerse el pedido de la Justicia contra el m\u00e9dico que oper\u00f3 a la actriz que falleci\u00f3 en agosto.<\/strong><\/h3>\n<p>\u00c1ngel de Brito revel\u00f3 este mi\u00e9rcoles el particular sue\u00f1o que tuvo\u00a0<b>Ezequiel<\/b>, el hermano de\u00a0<b>Silvina Luna<\/b>, la noche del martes, antes de la\u00a0detenci\u00f3n de\u00a0<b>An\u00edbal Lotock<\/b>i tras ser procesado por el delito de homicidio simple de Rodolfo Cristian Z\u00e1rate. El conductor de\u00a0<i>LAM\u00a0<\/i>-que est\u00e1 en permanente contacto con el familiar de la actriz, adem\u00e1s, indic\u00f3 en qu\u00e9 circunstancia se encuentra el proceso de la autopsia de la ex\u00a0<i>Gran Hermano\u00a0<\/i>que falleci\u00f3 el 31 de agosto despu\u00e9s de permanecer casi tres meses internada en el Hospital Italiano.<\/p>\n<div style=\"width: 696px;\" class=\"wp-video\"><video class=\"wp-video-shortcode\" id=\"video-100689-1\" width=\"696\" height=\"392\" preload=\"metadata\" controls=\"controls\"><source type=\"video\/mp4\" src=\"https:\/\/www.cordobatimes.com\/showup\/wp-content\/uploads\/2023\/10\/E3tnsupU-34105382.mp4?_=1\" \/><a href=\"https:\/\/www.cordobatimes.com\/showup\/wp-content\/uploads\/2023\/10\/E3tnsupU-34105382.mp4\">https:\/\/www.cordobatimes.com\/showup\/wp-content\/uploads\/2023\/10\/E3tnsupU-34105382.mp4<\/a><\/video><\/div>\n","protected":false},"excerpt":{"rendered":"<p>Ezequiel Luna sinti\u00f3 una experiencia premonitoria la noche del martes, antes de conocerse el pedido de la Justicia contra el m\u00e9dico que oper\u00f3 a la actriz que falleci\u00f3 en agosto. \u00c1ngel de Brito revel\u00f3 este mi\u00e9rcoles el particular sue\u00f1o que tuvo\u00a0Ezequiel, el hermano de\u00a0Silvina Luna, la noche del martes, antes de la\u00a0detenci\u00f3n de\u00a0An\u00edbal Lotocki tras [&hellip;]<\/p>\n","protected":false},"author":1,"featured_media":100690,"comment_status":"closed","ping_status":"closed","sticky":false,"template":"","format":"standard","meta":{"_seopress_robots_primary_cat":"","_seopress_titles_title":"","_seopress_titles_desc":"","_seopress_robots_index":"","footnotes":""},"categories":[2],"tags":[38341,38340],"class_list":{"0":"post-100689","1":"post","2":"type-post","3":"status-publish","4":"format-standard","5":"has-post-thumbnail","7":"category-tv","8":"tag-hermano-de-silvina-luna-anibal-lotocki","9":"tag-sueno-que-tuvo-el-hermano-de-silvina"},"_links":{"self":[{"href":"https:\/\/www.cordobatimes.com\/showup\/wp-json\/wp\/v2\/posts\/100689","targetHints":{"allow":["GET"]}}],"collection":[{"href":"https:\/\/www.cordobatimes.com\/showup\/wp-json\/wp\/v2\/posts"}],"about":[{"href":"https:\/\/www.cordobatimes.com\/showup\/wp-json\/wp\/v2\/types\/post"}],"author":[{"embeddable":true,"href":"https:\/\/www.cordobatimes.com\/showup\/wp-json\/wp\/v2\/users\/1"}],"replies":[{"embeddable":true,"href":"https:\/\/www.cordobatimes.com\/showup\/wp-json\/wp\/v2\/comments?post=100689"}],"version-history":[{"count":0,"href":"https:\/\/www.cordobatimes.com\/showup\/wp-json\/wp\/v2\/posts\/100689\/revisions"}],"wp:featuredmedia":[{"embeddable":true,"href":"https:\/\/www.cordobatimes.com\/showup\/wp-json\/wp\/v2\/media\/100690"}],"wp:attachment":[{"href":"https:\/\/www.cordobatimes.com\/showup\/wp-json\/wp\/v2\/media?parent=100689"}],"wp:term":[{"taxonomy":"category","embeddable":true,"href":"https:\/\/www.cordobatimes.com\/showup\/wp-json\/wp\/v2\/categories?post=100689"},{"taxonomy":"post_tag","embeddable":true,"href":"https:\/\/www.cordobatimes.com\/showup\/wp-json\/wp\/v2\/tags?post=100689"}],"curies":[{"name":"wp","href":"https:\/\/api.w.org\/{rel}","templated":true}]}}