{"id":100664,"date":"2023-10-18T19:11:49","date_gmt":"2023-10-18T22:11:49","guid":{"rendered":"https:\/\/www.cordobatimes.com\/showup\/?p=100664"},"modified":"2023-10-18T19:11:49","modified_gmt":"2023-10-18T22:11:49","slug":"alejandro-lerner-escribio-una-carta-abierta-para-el-proximo-presidente-de-nuestro-pais","status":"publish","type":"post","link":"https:\/\/www.cordobatimes.com\/showup\/famosos\/2023\/10\/18\/alejandro-lerner-escribio-una-carta-abierta-para-el-proximo-presidente-de-nuestro-pais\/","title":{"rendered":"Alejandro Lerner escribi\u00f3 una carta abierta para el pr\u00f3ximo presidente de nuestro Pa\u00eds"},"content":{"rendered":"<h3><strong>El m\u00fasico public\u00f3 un extenso texto en el que se dirige a quien resulte electo en los comicios del domingo<\/strong><\/h3>\n<p>A menos de una semana de las elecciones,\u00a0Alejandro Lerner\u00a0comparti\u00f3 en sus redes sociales una profunda carta abierta en la que se dirigi\u00f3 al \u201cfuturo o futura presidente\u201d de la Argentina. All\u00ed, el autor de \u201cTodo a pulm\u00f3n\u201d expres\u00f3 su opini\u00f3n independientemente de los resultados del pr\u00f3ximo domingo y sus propuestas y reflexiones no tardaron en viralizarse.<\/p>\n<p>\u201cTen\u00eda ganas de comunicarme con usted antes que se encuentre envuelto o envuelta en las responsabilidades, los compromisos, las presiones,\u00a0los quilombos y todo el poder que va a tener\u00a0cuando usted finalmente se siente en el sill\u00f3n presidencial\u201d, encabez\u00f3 su discurso.<\/p>\n<p>Lerner subi\u00f3 a su Instagram un video filmado en primer plano y mirando a c\u00e1mara, donde continu\u00f3 con la lectura: \u201cM\u00e1s all\u00e1 que yo lo haya votado, o no,\u00a0vamos a tener que convivir con usted\u00a0y su equipo por cuatro a\u00f1os m\u00e1s de nuestra vida, de nuestro tiempo, de nuestras ilusiones y urgencias\u201d, analiz\u00f3, y agreg\u00f3 un pedido urgente: \u201c\u00a1H\u00e1ganos la gamba!\u201d.<\/p>\n<p>En este sentido, le solicit\u00f3 a quien resulte electo para que \u201cnos ayude a retomar el camino del trabajo, de los valores y de\u00a0una argentinidad digna y sin grietas.\u00a0\u00a1Queremos vivir en paz!\u201d, enfatiz\u00f3.<\/p>\n<div style=\"width: 696px;\" class=\"wp-video\"><video class=\"wp-video-shortcode\" id=\"video-100664-1\" width=\"696\" height=\"1237\" preload=\"metadata\" controls=\"controls\"><source type=\"video\/mp4\" src=\"https:\/\/www.cordobatimes.com\/showup\/wp-content\/uploads\/2023\/10\/alelernerok_10000000_872979147502365_2089614945351225761_n.mp4?_=1\" \/><a href=\"https:\/\/www.cordobatimes.com\/showup\/wp-content\/uploads\/2023\/10\/alelernerok_10000000_872979147502365_2089614945351225761_n.mp4\">https:\/\/www.cordobatimes.com\/showup\/wp-content\/uploads\/2023\/10\/alelernerok_10000000_872979147502365_2089614945351225761_n.mp4<\/a><\/video><\/div>\n<div style=\"width: 696px;\" class=\"wp-video\"><video class=\"wp-video-shortcode\" id=\"video-100664-2\" width=\"696\" height=\"1237\" preload=\"metadata\" controls=\"controls\"><source type=\"video\/mp4\" src=\"https:\/\/www.cordobatimes.com\/showup\/wp-content\/uploads\/2023\/10\/Video-by-alelernerok.mp4?_=2\" \/><a href=\"https:\/\/www.cordobatimes.com\/showup\/wp-content\/uploads\/2023\/10\/Video-by-alelernerok.mp4\">https:\/\/www.cordobatimes.com\/showup\/wp-content\/uploads\/2023\/10\/Video-by-alelernerok.mp4<\/a><\/video><\/div>\n<p>En otro posteo, el m\u00fasico subi\u00f3 el texto de la carta con uno de sus hits, \u201cAlgo que te quiero decir\u201d, sonando de fondo. \u201cNo le voy a pedir que cumpla con todas sus promesas:\u00a0ya hemos visto que no hay nada m\u00e1s fr\u00e1gil que una promesa que se pierde entre los remolinos de las campa\u00f1as\u201d, prosigui\u00f3, antes de hablarle a algunos sectores en particular.<\/p>\n<p>\u201cEsta vuelta\u00a0le pido que no se olvide de los jubilados,\u00a0ellos tienen menos tiempo para seguir esperando y hasta ahora siempre los han cagado. Que el trabajo de una vida entera se les reconozca a trav\u00e9s del esfuerzo de todos los ciudadanos que pagamos impuestos para que regresen a la gente y que no sean devorados por la infinita avidez del estado.\u00a0Que vuelvan a la gente, tan simple como eso\u201d, insisti\u00f3, e incluy\u00f3 en su pedido a \u201clos ni\u00f1os, los j\u00f3venes, los maestros, los m\u00e9dicos y los desafortunados\u201d.<\/p>\n<p>A continuaci\u00f3n, le pidi\u00f3 a quien resulte electo que \u201cbusque capacidad, decencia, entusiasmo compromiso. Por favor, no se olvide de que\u00a0la torta no es suya, aunque sea suculenta\u201d,\u00a0solicit\u00f3. Y agreg\u00f3 que para \u00e9l, el problema \u201ces que si todos muerden, no alcanza para sacar nuestro pa\u00eds adelante\u201d.<\/p>\n<p>El compositor de \u201cVolver a empezar\u201d tambi\u00e9n se refiri\u00f3 al discurso de culpar al otro: \u201cEstamos cansados\u00a0de que nos digan que cuando asumieron no sab\u00edan que las cosas \u2018estaban tan mal\u2019 y por eso\u00a0no pudieron corregir el rumbo y volvemos al pasado\u201d. Y en esta sinton\u00eda, le solicit\u00f3 que busque \u201cprofesionales, valores, y fortaleza moral. No tenemos m\u00e1s tiempo para\u00a0ladrones avivados, machos pistola e intermediarios\u201d.<\/p>\n<p>Luego de bregar por el fortalecimiento de la independencia de poderes, propuso \u201cpor sobre todas las cosas\u201d que se ocupe de la inseguridad:\u00a0\u201cNo queremos ni podemos seguir viviendo con tanto miedo.\u00a0No es justo. Usted tiene guardaespaldas, nosotros no. Ustedes tienen fueros, nosotros no. Queremos que sentirnos seguros sea normal\u201d.<\/p>\n<p>Adem\u00e1s de dirigirse al futuro primer mandatario, tambi\u00e9n le habl\u00f3 a la oposici\u00f3n, a quien le propuso \u201cen vez de poner el palo en la rueda, le puedan poner la rueda al palo\u00a0para que todos podamos avanzar\u201d.<\/p>\n<p>El m\u00fasico cerr\u00f3 su misiva primero, expresando su amor por la patria. \u201cQuiero la celeste y blanca sin odio. Quiero volver a sentirme argentino sin grietas ni partidismo\u201d. Y luego, poni\u00e9ndose a disposici\u00f3n: \u201cCuente conmigo para lo que pueda aportar pero por favor esta vez no nos defrauden&#8230;\u00a0le deseo mucha suerte\u00a0y que Dios los ilumine y bendiga. Con afecto. Alejandro Lerner Argentino\u201d, concluy\u00f3, para recibir el apoyo de sus seguidores.<\/p>\n","protected":false},"excerpt":{"rendered":"<p>El m\u00fasico public\u00f3 un extenso texto en el que se dirige a quien resulte electo en los comicios del domingo A menos de una semana de las elecciones,\u00a0Alejandro Lerner\u00a0comparti\u00f3 en sus redes sociales una profunda carta abierta en la que se dirigi\u00f3 al \u201cfuturo o futura presidente\u201d de la Argentina. All\u00ed, el autor de \u201cTodo [&hellip;]<\/p>\n","protected":false},"author":1,"featured_media":100667,"comment_status":"closed","ping_status":"closed","sticky":false,"template":"","format":"standard","meta":{"_seopress_robots_primary_cat":"","_seopress_titles_title":"","_seopress_titles_desc":"","_seopress_robots_index":"","footnotes":""},"categories":[4],"tags":[38324,38326,38325],"class_list":{"0":"post-100664","1":"post","2":"type-post","3":"status-publish","4":"format-standard","5":"has-post-thumbnail","7":"category-famosos","8":"tag-alejandro-lerner-escribio-una-carta-abierta","9":"tag-alejandro-lerner-proximo-presidente","10":"tag-carta-abierta-alejandro-lerner"},"_links":{"self":[{"href":"https:\/\/www.cordobatimes.com\/showup\/wp-json\/wp\/v2\/posts\/100664","targetHints":{"allow":["GET"]}}],"collection":[{"href":"https:\/\/www.cordobatimes.com\/showup\/wp-json\/wp\/v2\/posts"}],"about":[{"href":"https:\/\/www.cordobatimes.com\/showup\/wp-json\/wp\/v2\/types\/post"}],"author":[{"embeddable":true,"href":"https:\/\/www.cordobatimes.com\/showup\/wp-json\/wp\/v2\/users\/1"}],"replies":[{"embeddable":true,"href":"https:\/\/www.cordobatimes.com\/showup\/wp-json\/wp\/v2\/comments?post=100664"}],"version-history":[{"count":0,"href":"https:\/\/www.cordobatimes.com\/showup\/wp-json\/wp\/v2\/posts\/100664\/revisions"}],"wp:featuredmedia":[{"embeddable":true,"href":"https:\/\/www.cordobatimes.com\/showup\/wp-json\/wp\/v2\/media\/100667"}],"wp:attachment":[{"href":"https:\/\/www.cordobatimes.com\/showup\/wp-json\/wp\/v2\/media?parent=100664"}],"wp:term":[{"taxonomy":"category","embeddable":true,"href":"https:\/\/www.cordobatimes.com\/showup\/wp-json\/wp\/v2\/categories?post=100664"},{"taxonomy":"post_tag","embeddable":true,"href":"https:\/\/www.cordobatimes.com\/showup\/wp-json\/wp\/v2\/tags?post=100664"}],"curies":[{"name":"wp","href":"https:\/\/api.w.org\/{rel}","templated":true}]}}