{"id":100660,"date":"2023-10-18T17:45:43","date_gmt":"2023-10-18T20:45:43","guid":{"rendered":"https:\/\/www.cordobatimes.com\/showup\/?p=100660"},"modified":"2023-10-18T21:25:24","modified_gmt":"2023-10-19T00:25:24","slug":"se-entrego-anibal-lotocki-despues-de-que-la-justicia-ordenara-su-arresto-por-el-homicidio-de-rodolfo-cristian-zarate","status":"publish","type":"post","link":"https:\/\/www.cordobatimes.com\/showup\/famosos\/2023\/10\/18\/se-entrego-anibal-lotocki-despues-de-que-la-justicia-ordenara-su-arresto-por-el-homicidio-de-rodolfo-cristian-zarate\/","title":{"rendered":"Se entreg\u00f3 An\u00edbal Lotocki despu\u00e9s de que la Justicia ordenara su arresto por el homicidio de Rodolfo Cristian Z\u00e1rate"},"content":{"rendered":"<h3><strong>Lo decidi\u00f3 la Sala IV de la C\u00e1mara Criminal y Correccional tras confirmarse el procesamiento por el crimen.<\/strong><\/h3>\n<p>Luego de que esta ma\u00f1ana la Sala IV de la C\u00e1mara Criminal y Correccional\u00a0decidiera ordenar la detenci\u00f3n\u00a0inmediata de\u00a0An\u00edbal Lotocki, procesado por el delito de\u00a0homicidio simple\u00a0de\u00a0Rodolfo Cristian Z\u00e1rate\u00a0(50), el acusado\u00a0se entreg\u00f3 a la Justicia. Lo hizo en una dependencia de la Polic\u00eda Federal de la ciudad de La Plata.<\/p>\n<p>Se trata del DUOF (<b>Unidad Operativa Federal)\u00a0<\/b>de la PFA de la capital bonaerense, ubicado en calle 49 al 1000. As\u00ed, Lotocki qued\u00f3 detenido este mi\u00e9rcoles en el marco del expediente por el crimen del empresario Z\u00e1rate, de Campana, quien falleci\u00f3 tras someterse a una cirug\u00eda en una cl\u00ednica de Caballito en 2021. El m\u00e9dico no solo est\u00e1 acusado de la muerte del paciente:\u00a0<b>tambi\u00e9n fue imputado por la falsificaci\u00f3n de registros m\u00e9dicos.<\/b><\/p>\n<p class=\"paragraph\" data-mrf-recirculation=\"Links inline\">\u201cPorque al reproche inicial por falsificaci\u00f3n de documentos<b>\u00a0se ha agregado el de haber provocado la muerte de Cristian Z\u00e1rate<\/b>, por un obrar por dem\u00e1s desaprensivo, cuando intervino al nombrado quir\u00fargicamente sin haber adoptado los recaudos m\u00ednimos para eliminar los riesgos de comorbilidad en su paciente, as\u00ed como la\u00a0<b>posterior y deliberada omisi\u00f3n de brindarle la atenci\u00f3n que requer\u00eda la gravedad de su cuadro cl\u00ednico<\/b>, sumi\u00e9ndolo finalmente en agon\u00eda\u201d, continuaron.<\/p>\n<p class=\"paragraph\" data-mrf-recirculation=\"Links inline\">La detenci\u00f3n de Lotocki se comenz\u00f3 a gestar el martes, luego de que la Justicia se negara a investigarlo por la muerte de Luna, pero la Sala IV de la C\u00e1mara Criminal y Correccional\u00a0<b>le confirmara el procesamiento\u00a0<\/b>por el homicidio de Z\u00e1rate, quien muri\u00f3 el 15 de abril de 2021.<\/p>\n<p>&nbsp;<\/p>\n<blockquote class=\"twitter-tweet\">\n<p lang=\"es\" dir=\"ltr\">\ud83d\udd34 An\u00edbal Lotocki preso: se entreg\u00f3 y qued\u00f3 detenido<\/p>\n<p>\ud83d\udc49 Un tribunal revoc\u00f3 su excarcelaci\u00f3n y dispuso la prisi\u00f3n preventiva.<\/p>\n<p>Cc <a href=\"https:\/\/twitter.com\/hashtag\/LAM?src=hash&amp;ref_src=twsrc%5Etfw\">#LAM<\/a> en Am\u00e9rica TV \ud83d\udcfa <a href=\"https:\/\/twitter.com\/elejercitodelam?ref_src=twsrc%5Etfw\">@elejercitodelam<\/a> <a href=\"https:\/\/twitter.com\/AngeldebritoOk?ref_src=twsrc%5Etfw\">@AngeldebritoOk<\/a> <a href=\"https:\/\/t.co\/RLHPPzy8Ur\">pic.twitter.com\/RLHPPzy8Ur<\/a><\/p>\n<p>&mdash; Am\u00e9rica TV (@AmericaTV) <a href=\"https:\/\/twitter.com\/AmericaTV\/status\/1714786651820425359?ref_src=twsrc%5Etfw\">October 18, 2023<\/a><\/p><\/blockquote>\n<p> <script async src=\"https:\/\/platform.twitter.com\/widgets.js\" charset=\"utf-8\"><\/script><\/p>\n<blockquote class=\"twitter-tweet\">\n<p lang=\"es\" dir=\"ltr\">Lotocki detenido. <a href=\"https:\/\/twitter.com\/hashtag\/LAM?src=hash&amp;ref_src=twsrc%5Etfw\">#LAM<\/a> <a href=\"https:\/\/t.co\/54nWzNNa1q\">pic.twitter.com\/54nWzNNa1q<\/a><\/p>\n<p>&mdash; ElEjercitoDeLAM (@elejercitodelam) <a href=\"https:\/\/twitter.com\/elejercitodelam\/status\/1714774503815823869?ref_src=twsrc%5Etfw\">October 18, 2023<\/a><\/p><\/blockquote>\n<p> <script async src=\"https:\/\/platform.twitter.com\/widgets.js\" charset=\"utf-8\"><\/script><\/p>\n","protected":false},"excerpt":{"rendered":"<p>Lo decidi\u00f3 la Sala IV de la C\u00e1mara Criminal y Correccional tras confirmarse el procesamiento por el crimen. Luego de que esta ma\u00f1ana la Sala IV de la C\u00e1mara Criminal y Correccional\u00a0decidiera ordenar la detenci\u00f3n\u00a0inmediata de\u00a0An\u00edbal Lotocki, procesado por el delito de\u00a0homicidio simple\u00a0de\u00a0Rodolfo Cristian Z\u00e1rate\u00a0(50), el acusado\u00a0se entreg\u00f3 a la Justicia. Lo hizo en una [&hellip;]<\/p>\n","protected":false},"author":1,"featured_media":100661,"comment_status":"closed","ping_status":"closed","sticky":false,"template":"","format":"standard","meta":{"_seopress_robots_primary_cat":"","_seopress_titles_title":"","_seopress_titles_desc":"","_seopress_robots_index":"","footnotes":""},"categories":[4],"tags":[38321,38320,38323,38322],"class_list":{"0":"post-100660","1":"post","2":"type-post","3":"status-publish","4":"format-standard","5":"has-post-thumbnail","7":"category-famosos","8":"tag-anibal-lotocki-homicidio-de-rodolfo-cristian-zarate","9":"tag-anibal-lotocki-preso","10":"tag-detencion-de-anibal-lotocki","11":"tag-homicidio-de-rodolfo-cristian-zarate"},"_links":{"self":[{"href":"https:\/\/www.cordobatimes.com\/showup\/wp-json\/wp\/v2\/posts\/100660","targetHints":{"allow":["GET"]}}],"collection":[{"href":"https:\/\/www.cordobatimes.com\/showup\/wp-json\/wp\/v2\/posts"}],"about":[{"href":"https:\/\/www.cordobatimes.com\/showup\/wp-json\/wp\/v2\/types\/post"}],"author":[{"embeddable":true,"href":"https:\/\/www.cordobatimes.com\/showup\/wp-json\/wp\/v2\/users\/1"}],"replies":[{"embeddable":true,"href":"https:\/\/www.cordobatimes.com\/showup\/wp-json\/wp\/v2\/comments?post=100660"}],"version-history":[{"count":0,"href":"https:\/\/www.cordobatimes.com\/showup\/wp-json\/wp\/v2\/posts\/100660\/revisions"}],"wp:featuredmedia":[{"embeddable":true,"href":"https:\/\/www.cordobatimes.com\/showup\/wp-json\/wp\/v2\/media\/100661"}],"wp:attachment":[{"href":"https:\/\/www.cordobatimes.com\/showup\/wp-json\/wp\/v2\/media?parent=100660"}],"wp:term":[{"taxonomy":"category","embeddable":true,"href":"https:\/\/www.cordobatimes.com\/showup\/wp-json\/wp\/v2\/categories?post=100660"},{"taxonomy":"post_tag","embeddable":true,"href":"https:\/\/www.cordobatimes.com\/showup\/wp-json\/wp\/v2\/tags?post=100660"}],"curies":[{"name":"wp","href":"https:\/\/api.w.org\/{rel}","templated":true}]}}