{"id":100645,"date":"2023-10-18T11:09:09","date_gmt":"2023-10-18T14:09:09","guid":{"rendered":"https:\/\/www.cordobatimes.com\/showup\/?p=100645"},"modified":"2023-10-18T11:09:09","modified_gmt":"2023-10-18T14:09:09","slug":"tinelli-enfrento-los-rumores-que-indicaban-que-se-encontro-con-milett-figueroa-en-uruguay","status":"publish","type":"post","link":"https:\/\/www.cordobatimes.com\/showup\/tv\/2023\/10\/18\/tinelli-enfrento-los-rumores-que-indicaban-que-se-encontro-con-milett-figueroa-en-uruguay\/","title":{"rendered":"Tinelli enfrent\u00f3 los rumores que indicaban que se encontr\u00f3 con Milett Figueroa en Uruguay"},"content":{"rendered":"<h3><strong>El conductor de Bailando 2023 disfrut\u00f3 de unas mini vacaciones en Punta del Este y, seg\u00fan trascendi\u00f3, la modelo peruana tambi\u00e9n habr\u00eda sido de la partida.<\/strong><\/h3>\n<p>Una de las previas de\u00a0Bailando 2023\u00a0m\u00e1s esperadas es cuando aparece\u00a0Milett Figueroa\u00a0a la pista. Desde su irrupci\u00f3n en el ciclo de\u00a0Marcelo Tinelli, el conductor y la peruana entablan un mano a mano en el que la mayor\u00eda de los di\u00e1logos tienen frases de seducci\u00f3n. Tanto es as\u00ed que la periodista\u00a0Mercedes Ninci\u00a0afirm\u00f3 que hab\u00edan pasado el \u00faltimo fin de semana largo juntos en Uruguay. Y durante este martes,\u00a0\u00c1ngel de Brito\u00a0public\u00f3 un tuit con dos fotos en los que se los ve\u00eda a ambos, por separado, luciendo la misma gorra en la cabeza.<\/p>\n<p>Finalmente, Marcelo dio su versi\u00f3n de los hechos. Al finalizar el programa de Am\u00e9rica, el lunes pasado, el cronista de\u00a0LAM\u00a0lo esper\u00f3 a Tinelli para preguntarle con un toque de humor sobre su \u00faltimo fin de semana en Uruguay con la supuesta compa\u00f1\u00eda de Milett.<\/p>\n<p>\u201cA ra\u00edz del tuit de \u00c1ngel de Brito en donde est\u00e1s con una gorrita y Milett tiene la misma, te quer\u00eda preguntar si la compraste en un 2 x 1\u2033, le pregunt\u00f3\u00a0Santiago Sposato\u00a0picante al conductor. \u201cYo tengo mi gorra, no s\u00e9 la que tiene Milett.\u00a0Ella no estuvo el fin de semana en Uruguay conmigo\u201d, aclar\u00f3 Marcelo. Acto seguido, Tinelli lo increp\u00f3 al notero, en el mismo tono: \u201cVen\u00eds con la gorra esa, no te hagas el canchero, \u00bfqu\u00e9 tiene que ver la gorra?. \u00bfQu\u00e9 prueba es esa?. \u00bfQu\u00e9 sab\u00e9s si es la misma gorra?\u201d.<\/p>\n<p>Entonces se gener\u00f3 un ida y vuelta de preguntas y respuestas acerca de la visera de Tinelli. \u201c\u00bfSi mi gorra estuvo en Punta del Este el fin de semana?, no s\u00e9, supongo que s\u00ed porque no la vi, no me acuerdo d\u00f3nde est\u00e1 esa gorra\u201d, retruc\u00f3 el conductor. El periodista redobl\u00f3 la apuesta: \u201cSi nosotros en nuestro pr\u00f3ximo viaje a Uruguay te pedimos que nos muestres la gorra \u00bfla ten\u00e9s vos o est\u00e1 ac\u00e1?\u201d. Entonces Tinelli recurri\u00f3 al humor y, sin abandonar la sonrisa, dispar\u00f3: \u201cAh, s\u00ed, bueno guau, lleg\u00f3 el fiscal a ver la gorra, s\u00ed, le muestro la gorra, chicos, por favor. Est\u00e1s canchero\u201d.<\/p>\n<p><img alt=\"\" loading=\"lazy\" decoding=\"async\" class=\"alignnone wp-image-100647 size-full\" src=\"https:\/\/www.cordobatimes.com\/showup\/wp-content\/uploads\/2023\/10\/Pantallazo-18-10-2023-10.30.33.jpg\" alt=\"\" width=\"1233\" height=\"825\" srcset=\"https:\/\/www.cordobatimes.com\/showup\/wp-content\/uploads\/2023\/10\/Pantallazo-18-10-2023-10.30.33.jpg 1233w, https:\/\/www.cordobatimes.com\/showup\/wp-content\/uploads\/2023\/10\/Pantallazo-18-10-2023-10.30.33-628x420.jpg 628w, https:\/\/www.cordobatimes.com\/showup\/wp-content\/uploads\/2023\/10\/Pantallazo-18-10-2023-10.30.33-1024x685.jpg 1024w, https:\/\/www.cordobatimes.com\/showup\/wp-content\/uploads\/2023\/10\/Pantallazo-18-10-2023-10.30.33-768x514.jpg 768w, https:\/\/www.cordobatimes.com\/showup\/wp-content\/uploads\/2023\/10\/Pantallazo-18-10-2023-10.30.33-696x466.jpg 696w, https:\/\/www.cordobatimes.com\/showup\/wp-content\/uploads\/2023\/10\/Pantallazo-18-10-2023-10.30.33-1068x715.jpg 1068w\" sizes=\"auto, (max-width: 1233px) 100vw, 1233px\" \/><\/p>\n<p>Al volver al estudio, De Brito le pidi\u00f3 a sus panelistas que votaran si era verdad o mentira lo que hab\u00eda respondido Tinelli.\u00a0Yanina Latorre\u00a0cont\u00f3 que hab\u00eda hablado con \u00e9l, que es su amigo, y que le dijo que \u201cno hab\u00eda estado con Milett\u201d y que ella le crey\u00f3. Por su parte,\u00a0Marcela Feudale,\u00a0la locutora hist\u00f3rica del programa de Marcelo, dijo que ella lo conoce y que lo not\u00f3 \u201cdemasiado nervioso\u201d. Luego, agreg\u00f3: \u201cAlgo pasa ah\u00ed, muchas explicaciones\u201d. En tanto,\u00a0Marixa Balli\u00a0opin\u00f3: \u201c\u00c9l lo disfruta y esto le suma. Si pasa algo con ella, bueno, que lo pase bien. Pero desde el primer momento todos lo incentivaron con Milett\u201d.<\/p>\n<blockquote class=\"twitter-tweet\">\n<p lang=\"es\" dir=\"ltr\">\ud83d\udca5 Marcelo Tinelli habl\u00f3 de los rumores de romance con Milett Figueroa<\/p>\n<p>Cc <a href=\"https:\/\/twitter.com\/hashtag\/LAM?src=hash&amp;ref_src=twsrc%5Etfw\">#LAM<\/a> en Am\u00e9rica TV \ud83d\udcfa <a href=\"https:\/\/twitter.com\/elejercitodelam?ref_src=twsrc%5Etfw\">@elejercitodelam<\/a> <a href=\"https:\/\/twitter.com\/AngeldebritoOk?ref_src=twsrc%5Etfw\">@AngeldebritoOk<\/a> <a href=\"https:\/\/t.co\/gM2r2NNPZw\">pic.twitter.com\/gM2r2NNPZw<\/a><\/p>\n<p>&mdash; Am\u00e9rica TV (@AmericaTV) <a href=\"https:\/\/twitter.com\/AmericaTV\/status\/1714433377200202024?ref_src=twsrc%5Etfw\">October 18, 2023<\/a><\/p><\/blockquote>\n<p> <script async src=\"https:\/\/platform.twitter.com\/widgets.js\" charset=\"utf-8\"><\/script><\/p>\n","protected":false},"excerpt":{"rendered":"<p>El conductor de Bailando 2023 disfrut\u00f3 de unas mini vacaciones en Punta del Este y, seg\u00fan trascendi\u00f3, la modelo peruana tambi\u00e9n habr\u00eda sido de la partida. Una de las previas de\u00a0Bailando 2023\u00a0m\u00e1s esperadas es cuando aparece\u00a0Milett Figueroa\u00a0a la pista. Desde su irrupci\u00f3n en el ciclo de\u00a0Marcelo Tinelli, el conductor y la peruana entablan un mano [&hellip;]<\/p>\n","protected":false},"author":1,"featured_media":100646,"comment_status":"closed","ping_status":"closed","sticky":false,"template":"","format":"standard","meta":{"_seopress_robots_primary_cat":"","_seopress_titles_title":"","_seopress_titles_desc":"","_seopress_robots_index":"","footnotes":""},"categories":[2],"tags":[38313,38314],"class_list":{"0":"post-100645","1":"post","2":"type-post","3":"status-publish","4":"format-standard","5":"has-post-thumbnail","7":"category-tv","8":"tag-marcelo-tinelli-y-milett-figueroa","9":"tag-marcelo-tinelli-y-milett-figueroa-en-punta-del-este"},"_links":{"self":[{"href":"https:\/\/www.cordobatimes.com\/showup\/wp-json\/wp\/v2\/posts\/100645","targetHints":{"allow":["GET"]}}],"collection":[{"href":"https:\/\/www.cordobatimes.com\/showup\/wp-json\/wp\/v2\/posts"}],"about":[{"href":"https:\/\/www.cordobatimes.com\/showup\/wp-json\/wp\/v2\/types\/post"}],"author":[{"embeddable":true,"href":"https:\/\/www.cordobatimes.com\/showup\/wp-json\/wp\/v2\/users\/1"}],"replies":[{"embeddable":true,"href":"https:\/\/www.cordobatimes.com\/showup\/wp-json\/wp\/v2\/comments?post=100645"}],"version-history":[{"count":0,"href":"https:\/\/www.cordobatimes.com\/showup\/wp-json\/wp\/v2\/posts\/100645\/revisions"}],"wp:featuredmedia":[{"embeddable":true,"href":"https:\/\/www.cordobatimes.com\/showup\/wp-json\/wp\/v2\/media\/100646"}],"wp:attachment":[{"href":"https:\/\/www.cordobatimes.com\/showup\/wp-json\/wp\/v2\/media?parent=100645"}],"wp:term":[{"taxonomy":"category","embeddable":true,"href":"https:\/\/www.cordobatimes.com\/showup\/wp-json\/wp\/v2\/categories?post=100645"},{"taxonomy":"post_tag","embeddable":true,"href":"https:\/\/www.cordobatimes.com\/showup\/wp-json\/wp\/v2\/tags?post=100645"}],"curies":[{"name":"wp","href":"https:\/\/api.w.org\/{rel}","templated":true}]}}