{"id":100559,"date":"2023-10-14T09:24:15","date_gmt":"2023-10-14T12:24:15","guid":{"rendered":"https:\/\/www.cordobatimes.com\/showup\/?p=100559"},"modified":"2023-10-14T09:24:15","modified_gmt":"2023-10-14T12:24:15","slug":"angel-de-brito-sorprendio-al-anunciar-el-casamiento-de-cande-tinelli-y-coti-sorokin-en-marzo","status":"publish","type":"post","link":"https:\/\/www.cordobatimes.com\/showup\/famosos\/2023\/10\/14\/angel-de-brito-sorprendio-al-anunciar-el-casamiento-de-cande-tinelli-y-coti-sorokin-en-marzo\/","title":{"rendered":"\u00c1ngel de Brito sorprendi\u00f3 al anunciar el casamiento de Cande Tinelli y Coti Sorokin En marzo"},"content":{"rendered":"<h3><strong>En LAM, dieron a conocer que los artistas realizar\u00e1n una boda.<\/strong><\/h3>\n<p>Este viernes en\u00a0LAM (Am\u00e9rica), el conductor\u00a0\u00c1ngel de Brito\u00a0comenz\u00f3 el programa con uno de sus cl\u00e1sicos enigm\u00e1ticos, el cual esta vez se trataba de el casamiento de una pareja de reconocidas figuras.<\/p>\n<p>\u201cLo trajo Maite, y hace como dos tres d\u00edas que lo tenemos\u201d,\u00a0comenz\u00f3 diciendo \u00c1ngel de Brito y la panelista agreg\u00f3:\u00a0\u201cEn marzo. Contrarreloj, pero ellos est\u00e1n relajados igual. La gente que los vio hablando del casamiento, en su c\u00edrculo \u00edntimo, vio que no est\u00e1n estresados\u201d.<\/p>\n<blockquote class=\"twitter-tweet\">\n<p lang=\"es\" dir=\"ltr\">\ud83d\udca5 Se casan Cande Tinelli y Coti Sorokin <\/p>\n<p>Cc <a href=\"https:\/\/twitter.com\/hashtag\/LAM?src=hash&amp;ref_src=twsrc%5Etfw\">#LAM<\/a> en Am\u00e9rica TV \ud83d\udcfa <a href=\"https:\/\/twitter.com\/elejercitodelam?ref_src=twsrc%5Etfw\">@elejercitodelam<\/a> <a href=\"https:\/\/twitter.com\/AngeldebritoOk?ref_src=twsrc%5Etfw\">@AngeldebritoOk<\/a> <a href=\"https:\/\/t.co\/6rAsgFyAyR\">pic.twitter.com\/6rAsgFyAyR<\/a><\/p>\n<p>&mdash; Am\u00e9rica TV (@AmericaTV) <a href=\"https:\/\/twitter.com\/AmericaTV\/status\/1712980445749539152?ref_src=twsrc%5Etfw\">October 13, 2023<\/a><\/p><\/blockquote>\n<p> <script async src=\"https:\/\/platform.twitter.com\/widgets.js\" charset=\"utf-8\"><\/script><\/p>\n","protected":false},"excerpt":{"rendered":"<p>En LAM, dieron a conocer que los artistas realizar\u00e1n una boda. Este viernes en\u00a0LAM (Am\u00e9rica), el conductor\u00a0\u00c1ngel de Brito\u00a0comenz\u00f3 el programa con uno de sus cl\u00e1sicos enigm\u00e1ticos, el cual esta vez se trataba de el casamiento de una pareja de reconocidas figuras. \u201cLo trajo Maite, y hace como dos tres d\u00edas que lo tenemos\u201d,\u00a0comenz\u00f3 diciendo [&hellip;]<\/p>\n","protected":false},"author":1,"featured_media":100560,"comment_status":"closed","ping_status":"closed","sticky":false,"template":"","format":"standard","meta":{"_seopress_robots_primary_cat":"","_seopress_titles_title":"","_seopress_titles_desc":"","_seopress_robots_index":"","footnotes":""},"categories":[4],"tags":[38278,38277],"class_list":{"0":"post-100559","1":"post","2":"type-post","3":"status-publish","4":"format-standard","5":"has-post-thumbnail","7":"category-famosos","8":"tag-cande-tinelli-y-coti-sorokin","9":"tag-casamiento-de-cande-tinelli-y-coti-sorokin"},"_links":{"self":[{"href":"https:\/\/www.cordobatimes.com\/showup\/wp-json\/wp\/v2\/posts\/100559","targetHints":{"allow":["GET"]}}],"collection":[{"href":"https:\/\/www.cordobatimes.com\/showup\/wp-json\/wp\/v2\/posts"}],"about":[{"href":"https:\/\/www.cordobatimes.com\/showup\/wp-json\/wp\/v2\/types\/post"}],"author":[{"embeddable":true,"href":"https:\/\/www.cordobatimes.com\/showup\/wp-json\/wp\/v2\/users\/1"}],"replies":[{"embeddable":true,"href":"https:\/\/www.cordobatimes.com\/showup\/wp-json\/wp\/v2\/comments?post=100559"}],"version-history":[{"count":0,"href":"https:\/\/www.cordobatimes.com\/showup\/wp-json\/wp\/v2\/posts\/100559\/revisions"}],"wp:featuredmedia":[{"embeddable":true,"href":"https:\/\/www.cordobatimes.com\/showup\/wp-json\/wp\/v2\/media\/100560"}],"wp:attachment":[{"href":"https:\/\/www.cordobatimes.com\/showup\/wp-json\/wp\/v2\/media?parent=100559"}],"wp:term":[{"taxonomy":"category","embeddable":true,"href":"https:\/\/www.cordobatimes.com\/showup\/wp-json\/wp\/v2\/categories?post=100559"},{"taxonomy":"post_tag","embeddable":true,"href":"https:\/\/www.cordobatimes.com\/showup\/wp-json\/wp\/v2\/tags?post=100559"}],"curies":[{"name":"wp","href":"https:\/\/api.w.org\/{rel}","templated":true}]}}