{"id":100390,"date":"2023-10-06T12:12:00","date_gmt":"2023-10-06T15:12:00","guid":{"rendered":"https:\/\/www.cordobatimes.com\/showup\/?p=100390"},"modified":"2023-10-06T12:12:00","modified_gmt":"2023-10-06T15:12:00","slug":"la-alfombra-de-los-billboard-latin-music-awards-2023","status":"publish","type":"post","link":"https:\/\/www.cordobatimes.com\/showup\/moda-y-estilos\/2023\/10\/06\/la-alfombra-de-los-billboard-latin-music-awards-2023\/","title":{"rendered":"La alfombra de los Billboard Latin Music Awards 2023"},"content":{"rendered":"<h3><strong>Como cada a\u00f1o, los mejores exponentes de la m\u00fasica latina se reunieron para la entrega de los\u00a0Billboard Latin Music Awards 2023\u00a0que este a\u00f1o tuvo como sede el estadio\u00a0Wasco Center, donde una lluvia de estrellas se dio cita para derrochar estilos sobre la alfombra azul.\u00a0<\/strong><\/h3>\n<p>De las primeras en desfilar fue Maite Perroni quien, de la mano de sus\u00a0compa\u00f1eros de\u00a0RBD\u00a0Christian Ch\u00e1vez\u00a0y\u00a0Christopher Uckermann, marc\u00f3 tendencia. Para esta ocasi\u00f3n, la cantante eligi\u00f3 un espectacular vestido rojo con una importante abertura en la pierna izquierda, un detalle que estiliz\u00f3 su figura. Para complementar su outfit, Maite llev\u00f3 un elegante recogido con una coleta creaci\u00f3n del hair stylist Erick Monero, mientras que su maquillaje corri\u00f3 a cargo del makeup artist Alfonso Castro. A su paso por la alfombra, Maite habl\u00f3 de c\u00f3mo est\u00e1 compaginando la gira de RBD con la maternidad: \u201cLo hago con todo el apoyo de mi familia y la ilusi\u00f3n de hacer todo lo que me apasiona. Por supuesto mi prioridad y mi\u00a0tesoro m\u00e1s grande es mi familia y mi beb\u00e9 que es lo m\u00e1ximo\u00bb.<\/p>\n<p><img alt=\"\" loading=\"lazy\" decoding=\"async\" class=\"alignnone wp-image-100392 size-full\" src=\"https:\/\/www.cordobatimes.com\/showup\/wp-content\/uploads\/2023\/10\/Pantallazo-06-10-2023-12.01.10.jpg\" alt=\"\" width=\"597\" height=\"889\" srcset=\"https:\/\/www.cordobatimes.com\/showup\/wp-content\/uploads\/2023\/10\/Pantallazo-06-10-2023-12.01.10.jpg 597w, https:\/\/www.cordobatimes.com\/showup\/wp-content\/uploads\/2023\/10\/Pantallazo-06-10-2023-12.01.10-282x420.jpg 282w\" sizes=\"auto, (max-width: 597px) 100vw, 597px\" \/><\/p>\n<div class=\"bloque resolved\" data-bloque=\"1\">\n<div class=\"row new\">\n<div class=\"col-xs-12 col-md-8\">\n<div data-image=\"1\">\n<div class=\"meta\">\n<p>&nbsp;<\/p>\n<\/div>\n<\/div>\n<div data-image=\"2\">\n<figure><a class=\"galleryImage\" title=\"billboard2023\" data-title=\"billboard2023\" data-description=\"Una ex Miss Universo sobre la alfombra\n\nCon un dise\u00f1o color uva de Suzelle Taveras, Andrea Meza, la ex Miss Universo, arrib\u00f3 a esta entrega donde se convirti\u00f3 en una de las conductoras de la alfombra roja. A trav\u00e9s de sus redes sociales, la mexicana comparti\u00f3 su get ready with my desde que se puso en manos del makeup artist\u00a0Andr\u00e9s Felipe quien tard\u00f3 poco m\u00e1s de dos horas y media en crear el maquillaje de impacto que llev\u00f3: \u201cChicos estoy emocionada ya empezamos con el glam para los Billboard Latin Music Awards, voy a estar conduciendo la alfombra, obviamente estoy contenta\u201d, coment\u00f3 en una de sus historias de Instagram donde tambi\u00e9n revel\u00f3 que los accesorios que llev\u00f3 eran de la dise\u00f1adora de joyas Lesli Mota.\n\"><picture class=\"crop_auto\"><source srcset=\"https:\/\/images.hola.com\/mx\/imagenes\/famosos\/2023100549193\/billboard-latin-music-awards-alfombra-roja\/0-231-104\/billboard2023-a.jpg\" media=\"(min-width: 413px)\" data-srcset=\"https:\/\/images.hola.com\/mx\/imagenes\/famosos\/2023100549193\/billboard-latin-music-awards-alfombra-roja\/0-231-104\/billboard2023-a.jpg\" \/><source srcset=\"https:\/\/images.hola.com\/mx\/imagenes\/famosos\/2023100549193\/billboard-latin-music-awards-alfombra-roja\/0-231-104\/billboard2023-a.jpg?tx=w_412\" media=\"(min-width: 361px)\" data-srcset=\"https:\/\/images.hola.com\/mx\/imagenes\/famosos\/2023100549193\/billboard-latin-music-awards-alfombra-roja\/0-231-104\/billboard2023-a.jpg?tx=w_412\" \/><img loading=\"lazy\" decoding=\"async\" class=\"entered loaded\" src=\"https:\/\/images.hola.com\/mx\/imagenes\/famosos\/2023100549193\/billboard-latin-music-awards-alfombra-roja\/0-231-104\/billboard2023-a.jpg?tx=w_360\" alt=\"billboard2023\" width=\"700\" height=\"955\" data-src=\"https:\/\/images.hola.com\/mx\/imagenes\/famosos\/2023100549193\/billboard-latin-music-awards-alfombra-roja\/0-231-104\/billboard2023-a.jpg?tx=w_360\" data-ll-status=\"loaded\" \/><\/picture><\/a><\/p>\n<div class=\"news-share\">\n<div id=\"fb-root\"><\/div>\n<\/div>\n<\/figure>\n<div class=\"meta\">\n<div>\n<h3><strong>Una ex Miss Universo sobre la alfombra<\/strong><\/h3>\n<p>Con un dise\u00f1o color uva de\u00a0<strong>Suzelle Taveras<\/strong>,<strong>\u00a0Andrea Meza<\/strong>, la ex Miss Universo, arrib\u00f3 a esta entrega donde se convirti\u00f3 en una de las conductoras de la alfombra roja. A trav\u00e9s de sus redes sociales, la mexicana comparti\u00f3 su\u00a0<em>get ready with my\u00a0<\/em>desde que se puso en manos del\u00a0<em>makeup artist<\/em><strong>\u00a0Andr\u00e9s Felipe<\/strong>\u00a0quien tard\u00f3 poco m\u00e1s de dos horas y media en crear el maquillaje de impacto que llev\u00f3: \u201cChicos estoy emocionada ya empezamos con el glam para los Billboard Latin Music Awards, voy a estar conduciendo la alfombra, obviamente estoy contenta\u201d, coment\u00f3 en una de sus historias de Instagram donde tambi\u00e9n revel\u00f3 que los accesorios que llev\u00f3 eran de la dise\u00f1adora de joyas<strong>\u00a0Lesli Mota<\/strong>.<\/p>\n<\/div>\n<\/div>\n<\/div>\n<div data-image=\"3\">\n<figure><a class=\"galleryImage\" title=\"billboard202369\" data-title=\"billboard202369\" data-description=\"El estilo de Jacky\n\nTambi\u00e9n en su calidad de conductora en esta ceremonia, vimos a la mexicana Jacky Bracamontes quien lleg\u00f3 partiendo plaza con un vestido gris satinado, con detalles de transparencias en el corset, dise\u00f1ado por el colombiano Virgilio Madinah, perteneciente a la colecci\u00f3n primavera\/verano 2024. Complement\u00f3 su look con joyas de Elena Jim\u00e9nez, para enmarcar su bello rostro llev\u00f3 un recogido alto realizado por la peinadora profesional Anayeli Rodr\u00edguez, a quien Jacky le conf\u00eda sus looks m\u00e1s importantes.\n\"><picture class=\"crop_auto\"><source srcset=\"https:\/\/images.hola.com\/mx\/imagenes\/famosos\/2023100549193\/billboard-latin-music-awards-alfombra-roja\/0-231-107\/billboard202369-a.jpg\" media=\"(min-width: 413px)\" data-srcset=\"https:\/\/images.hola.com\/mx\/imagenes\/famosos\/2023100549193\/billboard-latin-music-awards-alfombra-roja\/0-231-107\/billboard202369-a.jpg\" \/><source srcset=\"https:\/\/images.hola.com\/mx\/imagenes\/famosos\/2023100549193\/billboard-latin-music-awards-alfombra-roja\/0-231-107\/billboard202369-a.jpg?tx=w_412\" media=\"(min-width: 361px)\" data-srcset=\"https:\/\/images.hola.com\/mx\/imagenes\/famosos\/2023100549193\/billboard-latin-music-awards-alfombra-roja\/0-231-107\/billboard202369-a.jpg?tx=w_412\" \/><img loading=\"lazy\" decoding=\"async\" class=\"entered loaded\" src=\"https:\/\/images.hola.com\/mx\/imagenes\/famosos\/2023100549193\/billboard-latin-music-awards-alfombra-roja\/0-231-107\/billboard202369-a.jpg?tx=w_360\" alt=\"billboard202369\" width=\"700\" height=\"1161\" data-src=\"https:\/\/images.hola.com\/mx\/imagenes\/famosos\/2023100549193\/billboard-latin-music-awards-alfombra-roja\/0-231-107\/billboard202369-a.jpg?tx=w_360\" data-ll-status=\"loaded\" \/><\/picture><\/a><\/p>\n<div class=\"news-share\">\n<div id=\"fb-root\"><\/div>\n<\/div>\n<\/figure>\n<div class=\"meta\">\n<div>\n<h3><strong>El estilo de Jacky<\/strong><\/h3>\n<p>Tambi\u00e9n en su calidad de conductora en esta ceremonia, vimos a la mexicana Jacky Bracamontes quien lleg\u00f3 partiendo plaza con un vestido gris satinado, con detalles de transparencias en el corset, dise\u00f1ado por el colombiano Virgilio Madinah, perteneciente a la colecci\u00f3n primavera\/verano 2024. Complement\u00f3 su look con joyas de Elena Jim\u00e9nez, para enmarcar su bello rostro llev\u00f3 un recogido alto realizado por la peinadora profesional Anayeli Rodr\u00edguez, a quien Jacky le conf\u00eda sus looks m\u00e1s importantes.<\/p>\n<\/div>\n<\/div>\n<\/div>\n<\/div>\n<div class=\"col-xs-12 col-md-4 sticky\">\n<div id=\"robapaginas-dinamico1\" data-js-ad-manager-slot=\"robapaginas-dinamico1\" data-js-minw=\"1024\" data-google-query-id=\"COrSr8bY4YEDFeMruQYdCvoB2A\">\n<div id=\"google_ads_iframe_\/87824813\/mx.hola\/sociedad\/galerias_3__container__\"><\/div>\n<\/div>\n<\/div>\n<\/div>\n<\/div>\n<div class=\"bloque resolved\" data-bloque=\"2\">\n<div class=\"row new\">\n<div class=\"col-xs-12 col-md-8\">\n<div data-image=\"4\">\n<figure><a class=\"galleryImage\" title=\"Paris Hilton\" data-title=\"Paris Hilton\" data-description=\"La sorpresa sobre la alfombra\n\nDespu\u00e9s de su espectacular aparici\u00f3n en la Fashion Week de Par\u00eds, Paris Hilton se convirti\u00f3 en la gran sorpresa sobre la alfombra de los Billboard Latin Music Awards donde acapar\u00f3 todas las miradas con un vestido verde agua con un escote de impacto en el torso y las mangas, confeccionado con delicadas cuentas de cristal, un detalle que la hizo brillar. Como Jacky Bracamontes, Paris tambi\u00e9n se sum\u00f3 a la tendencia de los recogidos altos con una mecha al frente, para complementar su look, llev\u00f3 zapatos y bolso plateados.\n\"><picture class=\"crop_auto\"><source srcset=\"https:\/\/images.hola.com\/mx\/imagenes\/famosos\/2023100549193\/billboard-latin-music-awards-alfombra-roja\/0-231-105\/billboard20235-a.jpg\" media=\"(min-width: 413px)\" data-srcset=\"https:\/\/images.hola.com\/mx\/imagenes\/famosos\/2023100549193\/billboard-latin-music-awards-alfombra-roja\/0-231-105\/billboard20235-a.jpg\" \/><source srcset=\"https:\/\/images.hola.com\/mx\/imagenes\/famosos\/2023100549193\/billboard-latin-music-awards-alfombra-roja\/0-231-105\/billboard20235-a.jpg?tx=w_412\" media=\"(min-width: 361px)\" data-srcset=\"https:\/\/images.hola.com\/mx\/imagenes\/famosos\/2023100549193\/billboard-latin-music-awards-alfombra-roja\/0-231-105\/billboard20235-a.jpg?tx=w_412\" \/><img loading=\"lazy\" decoding=\"async\" class=\"entered loaded\" src=\"https:\/\/images.hola.com\/mx\/imagenes\/famosos\/2023100549193\/billboard-latin-music-awards-alfombra-roja\/0-231-105\/billboard20235-a.jpg?tx=w_360\" alt=\"Paris Hilton\" width=\"700\" height=\"1064\" data-src=\"https:\/\/images.hola.com\/mx\/imagenes\/famosos\/2023100549193\/billboard-latin-music-awards-alfombra-roja\/0-231-105\/billboard20235-a.jpg?tx=w_360\" data-ll-status=\"loaded\" \/><\/picture><\/a><\/p>\n<div class=\"news-share\">\n<div id=\"fb-root\"><\/div>\n<\/div>\n<\/figure>\n<div class=\"meta\">\n<div>\n<h3><strong>La sorpresa sobre la alfombra<\/strong><\/h3>\n<p>Despu\u00e9s de su espectacular\u00a0aparici\u00f3n en la\u00a0<em>Fashion Week de Par\u00eds<\/em>,\u00a0<strong>Paris Hilton<\/strong>\u00a0se convirti\u00f3 en la gran sorpresa sobre la alfombra de los<em>\u00a0Billboard Latin Music Awards<\/em>\u00a0donde acapar\u00f3 todas las miradas con un vestido verde agua con un escote de impacto en el torso y las mangas, confeccionado con delicadas cuentas de cristal, un detalle que la hizo brillar. Como\u00a0<strong>Jacky Bracamontes<\/strong>, Paris tambi\u00e9n se sum\u00f3 a la tendencia de los recogidos altos con una mecha al frente, para complementar su look, llev\u00f3 zapatos y bolso plateados.<\/p>\n<\/div>\n<\/div>\n<\/div>\n<div data-image=\"5\">\n<figure><a class=\"galleryImage\" title=\"Nadia Ferreira \" data-title=\"Nadia Ferreira \" data-description=\"La belleza de Nadia\n\nA tres meses del nacimiento de su hijo con Marc Anthony, Nadia Ferreira se dej\u00f3 ver espectacular a su llegada a los Billboard Latin Music Awards, donde arrib\u00f3 de la mano de su esposo. Para esta ocasi\u00f3n, la paraguaya un vestido verde esmeralda de Tony Ward, que combin\u00f3 con joyas Bvlgari.\n\"><picture class=\"crop_auto\"><source srcset=\"https:\/\/images.hola.com\/mx\/imagenes\/famosos\/2023100549193\/billboard-latin-music-awards-alfombra-roja\/0-231-106\/billboard20236-a.jpg\" media=\"(min-width: 413px)\" data-srcset=\"https:\/\/images.hola.com\/mx\/imagenes\/famosos\/2023100549193\/billboard-latin-music-awards-alfombra-roja\/0-231-106\/billboard20236-a.jpg\" \/><source srcset=\"https:\/\/images.hola.com\/mx\/imagenes\/famosos\/2023100549193\/billboard-latin-music-awards-alfombra-roja\/0-231-106\/billboard20236-a.jpg?tx=w_412\" media=\"(min-width: 361px)\" data-srcset=\"https:\/\/images.hola.com\/mx\/imagenes\/famosos\/2023100549193\/billboard-latin-music-awards-alfombra-roja\/0-231-106\/billboard20236-a.jpg?tx=w_412\" \/><img loading=\"lazy\" decoding=\"async\" class=\"entered loaded\" src=\"https:\/\/images.hola.com\/mx\/imagenes\/famosos\/2023100549193\/billboard-latin-music-awards-alfombra-roja\/0-231-106\/billboard20236-a.jpg?tx=w_360\" alt=\"Nadia Ferreira \" width=\"700\" height=\"985\" data-src=\"https:\/\/images.hola.com\/mx\/imagenes\/famosos\/2023100549193\/billboard-latin-music-awards-alfombra-roja\/0-231-106\/billboard20236-a.jpg?tx=w_360\" data-ll-status=\"loaded\" \/><\/picture><\/a><\/p>\n<div class=\"news-share\">\n<div id=\"fb-root\"><\/div>\n<\/div>\n<\/figure>\n<div class=\"meta\">\n<div>\n<h3><strong>La belleza de Nadia<\/strong><\/h3>\n<p>A tres meses del nacimiento de su hijo con\u00a0<strong>Marc Anthony<\/strong>,\u00a0<strong>Nadia Ferreira\u00a0<\/strong>se dej\u00f3 ver espectacular a su llegada a los\u00a0<em>Billboard Latin Music Awards<\/em>, donde arrib\u00f3 de la mano de su esposo. Para esta ocasi\u00f3n, la paraguaya un vestido verde esmeralda de<em>\u00a0Tony Ward<\/em>, que combin\u00f3 con joyas\u00a0<em>Bvlgari<\/em>.<\/p>\n<\/div>\n<\/div>\n<\/div>\n<div data-image=\"6\">\n<figure><a class=\"galleryImage\" title=\"billboard20231\" data-title=\"billboard20231\" data-description=\"Madre e hija parten plaza\n\nOtras que tambi\u00e9n acapararon miradas a su paso por la alfombra fueron Adriana y Gabriella Cata\u00f1o. Madre e hija desfilaron mostrando cada una su estilo, Adriana con un vestido de encaje negro, corte sirena y su hija con un vestido blanco, strapless, con una abertura de infarto en la pierna.\n\"><picture class=\"crop_auto\"><source srcset=\"https:\/\/images.hola.com\/mx\/imagenes\/famosos\/2023100549193\/billboard-latin-music-awards-alfombra-roja\/0-231-103\/billboard20231-a.jpg\" media=\"(min-width: 413px)\" data-srcset=\"https:\/\/images.hola.com\/mx\/imagenes\/famosos\/2023100549193\/billboard-latin-music-awards-alfombra-roja\/0-231-103\/billboard20231-a.jpg\" \/><source srcset=\"https:\/\/images.hola.com\/mx\/imagenes\/famosos\/2023100549193\/billboard-latin-music-awards-alfombra-roja\/0-231-103\/billboard20231-a.jpg?tx=w_412\" media=\"(min-width: 361px)\" data-srcset=\"https:\/\/images.hola.com\/mx\/imagenes\/famosos\/2023100549193\/billboard-latin-music-awards-alfombra-roja\/0-231-103\/billboard20231-a.jpg?tx=w_412\" \/><img loading=\"lazy\" decoding=\"async\" class=\"entered loaded\" src=\"https:\/\/images.hola.com\/mx\/imagenes\/famosos\/2023100549193\/billboard-latin-music-awards-alfombra-roja\/0-231-103\/billboard20231-a.jpg?tx=w_360\" alt=\"billboard20231\" width=\"700\" height=\"1124\" data-src=\"https:\/\/images.hola.com\/mx\/imagenes\/famosos\/2023100549193\/billboard-latin-music-awards-alfombra-roja\/0-231-103\/billboard20231-a.jpg?tx=w_360\" data-ll-status=\"loaded\" \/><\/picture><\/a><\/p>\n<div class=\"news-share\">\n<div id=\"fb-root\"><\/div>\n<\/div>\n<\/figure>\n<div class=\"meta\">\n<div>\n<h3><strong>Madre e hija parten plaza<\/strong><\/h3>\n<p>Otras que tambi\u00e9n acapararon miradas a su paso por la alfombra fueron\u00a0<strong>Adriana<\/strong>\u00a0y\u00a0<strong>Gabriella Cata\u00f1o<\/strong>. Madre e hija desfilaron mostrando cada una su estilo, Adriana con un vestido de encaje negro, corte sirena y su hija con un vestido blanco, strapless, con una abertura de infarto en la pierna.<\/p>\n<\/div>\n<\/div>\n<\/div>\n<\/div>\n<div class=\"col-xs-12 col-md-4 sticky\">\n<div id=\"robapaginas-dinamico2\" data-js-ad-manager-slot=\"robapaginas-dinamico2\" data-js-minw=\"1024\" data-google-query-id=\"CM-Y4pPW4YEDFdAKuQYdpjgI5Q\">\n<div id=\"google_ads_iframe_\/87824813\/mx.hola\/sociedad\/galerias_5__container__\"><\/div>\n<\/div>\n<\/div>\n<\/div>\n<div class=\"row new\">\n<div class=\"col-xs-12\">\n<div id=\"megabanner-dinamico2\" data-js-ad-manager-slot=\"megabanner-dinamico2\" data-js-minw=\"1024\" data-google-query-id=\"CMPR38LY4YEDFe4FuQYdOxwCaQ\">\n<div id=\"google_ads_iframe_\/87824813\/mx.hola\/sociedad\/galerias_4__container__\"><\/div>\n<\/div>\n<\/div>\n<\/div>\n<\/div>\n<div class=\"bloque resolved\" data-bloque=\"3\">\n<div class=\"row new\">\n<div class=\"col-xs-12 col-md-8\">\n<div data-image=\"7\">\n<figure><a class=\"galleryImage\" title=\"billboard20234\" data-title=\"billboard20234\" data-description=\"El angelical look de Karol G\n\nTambi\u00e9n de blanco vimos a la 13 veces nominada de la noche, Karol G, quien luci\u00f3 un espectacular dise\u00f1o de Dolce &amp;\u00a0Gabbana\u00a0ce\u00f1ido al cuerpo, con un escote en V, corte sirena. Como Jacky y Paris Hilton, la colombiana tambi\u00e9n se sum\u00f3 a la tendencia del recogido con mechas.\n\"><picture class=\"crop_auto\"><source srcset=\"https:\/\/images.hola.com\/mx\/imagenes\/famosos\/2023100549193\/billboard-latin-music-awards-alfombra-roja\/0-231-100\/billboard20234-a.jpg\" media=\"(min-width: 413px)\" data-srcset=\"https:\/\/images.hola.com\/mx\/imagenes\/famosos\/2023100549193\/billboard-latin-music-awards-alfombra-roja\/0-231-100\/billboard20234-a.jpg\" \/><source srcset=\"https:\/\/images.hola.com\/mx\/imagenes\/famosos\/2023100549193\/billboard-latin-music-awards-alfombra-roja\/0-231-100\/billboard20234-a.jpg?tx=w_412\" media=\"(min-width: 361px)\" data-srcset=\"https:\/\/images.hola.com\/mx\/imagenes\/famosos\/2023100549193\/billboard-latin-music-awards-alfombra-roja\/0-231-100\/billboard20234-a.jpg?tx=w_412\" \/><img loading=\"lazy\" decoding=\"async\" class=\"entered loaded\" src=\"https:\/\/images.hola.com\/mx\/imagenes\/famosos\/2023100549193\/billboard-latin-music-awards-alfombra-roja\/0-231-100\/billboard20234-a.jpg?tx=w_360\" alt=\"billboard20234\" width=\"700\" height=\"1050\" data-src=\"https:\/\/images.hola.com\/mx\/imagenes\/famosos\/2023100549193\/billboard-latin-music-awards-alfombra-roja\/0-231-100\/billboard20234-a.jpg?tx=w_360\" data-ll-status=\"loaded\" \/><\/picture><\/a><\/p>\n<div class=\"news-share\">\n<div id=\"fb-root\"><\/div>\n<\/div>\n<\/figure>\n<div class=\"meta\">\n<div>\n<h3><strong>El angelical look de Karol G<\/strong><\/h3>\n<p>Tambi\u00e9n de blanco vimos a la 13 veces nominada de la noche,\u00a0<strong>Karol G<\/strong>, quien luci\u00f3 un espectacular dise\u00f1o de\u00a0<em>Dolce &amp;\u00a0Gabbana<\/em>\u00a0ce\u00f1ido al cuerpo, con un escote en V, corte sirena. Como Jacky y Paris Hilton, la colombiana tambi\u00e9n se sum\u00f3 a la tendencia del recogido con mechas.<\/p>\n<\/div>\n<\/div>\n<\/div>\n<div data-image=\"8\">\n<figure><a class=\"galleryImage\" title=\"billboard20232\" data-title=\"billboard20232\" data-description=\"De blanco y de Gucci\n\nA s\u00f3lo unos d\u00edas de su lanzamiento como imagen de Gucci, junto a su novia Kendall Jenner, Bad Bunny, uno de los primeros ganadores de esta gala, desfil\u00f3 sobre la alfombra roja con un atuendo blanco firmado por Gucci. El estilo del puertorrique\u00f1o estuvo muy apegado al que utiliz\u00f3 en su videoclip que grab\u00f3 con Grupo Frontera Un x100to\n\"><picture class=\"crop_auto\"><source srcset=\"https:\/\/images.hola.com\/mx\/imagenes\/famosos\/2023100549193\/billboard-latin-music-awards-alfombra-roja\/0-231-102\/billboard20232-a.jpg\" media=\"(min-width: 413px)\" data-srcset=\"https:\/\/images.hola.com\/mx\/imagenes\/famosos\/2023100549193\/billboard-latin-music-awards-alfombra-roja\/0-231-102\/billboard20232-a.jpg\" \/><source srcset=\"https:\/\/images.hola.com\/mx\/imagenes\/famosos\/2023100549193\/billboard-latin-music-awards-alfombra-roja\/0-231-102\/billboard20232-a.jpg?tx=w_412\" media=\"(min-width: 361px)\" data-srcset=\"https:\/\/images.hola.com\/mx\/imagenes\/famosos\/2023100549193\/billboard-latin-music-awards-alfombra-roja\/0-231-102\/billboard20232-a.jpg?tx=w_412\" \/><img loading=\"lazy\" decoding=\"async\" class=\"entered loaded\" src=\"https:\/\/images.hola.com\/mx\/imagenes\/famosos\/2023100549193\/billboard-latin-music-awards-alfombra-roja\/0-231-102\/billboard20232-a.jpg?tx=w_360\" alt=\"billboard20232\" width=\"700\" height=\"995\" data-src=\"https:\/\/images.hola.com\/mx\/imagenes\/famosos\/2023100549193\/billboard-latin-music-awards-alfombra-roja\/0-231-102\/billboard20232-a.jpg?tx=w_360\" data-ll-status=\"loaded\" \/><\/picture><\/a><\/p>\n<div class=\"news-share\">\n<div id=\"fb-root\"><\/div>\n<p>&nbsp;<\/p>\n<\/div>\n<\/figure>\n<div class=\"meta\">\n<div>\n<h3><strong>De blanco y de Gucci<\/strong><\/h3>\n<p>A s\u00f3lo unos d\u00edas de su lanzamiento como imagen de\u00a0<em>Gucci<\/em>, junto a su novia\u00a0<strong>Kendall Jenner<\/strong>,\u00a0<strong>Bad Bunny<\/strong>, uno de los primeros ganadores de esta gala, desfil\u00f3 sobre la alfombra roja con un atuendo blanco firmado por Gucci. El estilo del puertorrique\u00f1o estuvo muy apegado al que utiliz\u00f3 en su videoclip que grab\u00f3 con Grupo Frontera Un x100to<\/p>\n<\/div>\n<\/div>\n<\/div>\n<div data-image=\"9\">\n<figure><a class=\"galleryImage\" title=\"billboard202368\" data-title=\"billboard202368\" data-description=\"La elegancia de Danilo\u00a0\n\nDando lecciones de galanura, vimos a Danilo Carrera quien, tras dejar todo en M\u00e9xico, se mud\u00f3 hace unos meses a Miami para estar cerca de su mam\u00e1. Aprovechando su estancia en aquella ciudad, el actor ha estado participando en varios proyectos como conductor, papel para el que fue convocado esta noche.\n\"><picture class=\"crop_auto\"><source srcset=\"https:\/\/images.hola.com\/mx\/imagenes\/famosos\/2023100549193\/billboard-latin-music-awards-alfombra-roja\/0-231-108\/billboard202368-a.jpg\" media=\"(min-width: 413px)\" data-srcset=\"https:\/\/images.hola.com\/mx\/imagenes\/famosos\/2023100549193\/billboard-latin-music-awards-alfombra-roja\/0-231-108\/billboard202368-a.jpg\" \/><source srcset=\"https:\/\/images.hola.com\/mx\/imagenes\/famosos\/2023100549193\/billboard-latin-music-awards-alfombra-roja\/0-231-108\/billboard202368-a.jpg?tx=w_412\" media=\"(min-width: 361px)\" data-srcset=\"https:\/\/images.hola.com\/mx\/imagenes\/famosos\/2023100549193\/billboard-latin-music-awards-alfombra-roja\/0-231-108\/billboard202368-a.jpg?tx=w_412\" \/><img loading=\"lazy\" decoding=\"async\" class=\"entered loaded\" src=\"https:\/\/images.hola.com\/mx\/imagenes\/famosos\/2023100549193\/billboard-latin-music-awards-alfombra-roja\/0-231-108\/billboard202368-a.jpg?tx=w_360\" alt=\"billboard202368\" width=\"700\" height=\"1050\" data-src=\"https:\/\/images.hola.com\/mx\/imagenes\/famosos\/2023100549193\/billboard-latin-music-awards-alfombra-roja\/0-231-108\/billboard202368-a.jpg?tx=w_360\" data-ll-status=\"loaded\" \/><\/picture><\/a><\/p>\n<div class=\"news-share\">\n<div id=\"fb-root\"><\/div>\n<\/div>\n<\/figure>\n<div class=\"meta\">\n<div>\n<h3><strong>La elegancia de Danilo\u00a0<\/strong><\/h3>\n<p>Dando lecciones de galanura, vimos a\u00a0<strong>Danilo Carrera\u00a0<\/strong>quien, tras dejar todo en M\u00e9xico, se mud\u00f3 hace unos meses a Miami para estar cerca de su mam\u00e1. Aprovechando su estancia en aquella ciudad, el actor ha estado participando en varios proyectos como conductor, papel para el que fue convocado esta noche.<\/p>\n<h3><strong>Tini Stoessel\u00a0<\/strong><\/h3>\n<p><img alt=\"\" loading=\"lazy\" decoding=\"async\" class=\"alignnone size-medium wp-image-100393\" src=\"https:\/\/www.cordobatimes.com\/showup\/wp-content\/uploads\/2023\/10\/Pantallazo-06-10-2023-12.08.58-747x420.jpg\" alt=\"\" width=\"747\" height=\"420\" srcset=\"https:\/\/www.cordobatimes.com\/showup\/wp-content\/uploads\/2023\/10\/Pantallazo-06-10-2023-12.08.58-747x420.jpg 747w, https:\/\/www.cordobatimes.com\/showup\/wp-content\/uploads\/2023\/10\/Pantallazo-06-10-2023-12.08.58-1024x576.jpg 1024w, https:\/\/www.cordobatimes.com\/showup\/wp-content\/uploads\/2023\/10\/Pantallazo-06-10-2023-12.08.58-768x432.jpg 768w, https:\/\/www.cordobatimes.com\/showup\/wp-content\/uploads\/2023\/10\/Pantallazo-06-10-2023-12.08.58-696x391.jpg 696w, https:\/\/www.cordobatimes.com\/showup\/wp-content\/uploads\/2023\/10\/Pantallazo-06-10-2023-12.08.58.jpg 1026w\" sizes=\"auto, (max-width: 747px) 100vw, 747px\" \/><\/p>\n<p>&nbsp;<\/p>\n<\/div>\n<\/div>\n<\/div>\n<\/div>\n<\/div>\n<\/div>\n","protected":false},"excerpt":{"rendered":"<p>Como cada a\u00f1o, los mejores exponentes de la m\u00fasica latina se reunieron para la entrega de los\u00a0Billboard Latin Music Awards 2023\u00a0que este a\u00f1o tuvo como sede el estadio\u00a0Wasco Center, donde una lluvia de estrellas se dio cita para derrochar estilos sobre la alfombra azul.\u00a0 De las primeras en desfilar fue Maite Perroni quien, de la [&hellip;]<\/p>\n","protected":false},"author":1,"featured_media":100391,"comment_status":"closed","ping_status":"closed","sticky":false,"template":"","format":"standard","meta":{"_seopress_robots_primary_cat":"","_seopress_titles_title":"","_seopress_titles_desc":"","_seopress_robots_index":"","footnotes":""},"categories":[228],"tags":[38205,38206],"class_list":{"0":"post-100390","1":"post","2":"type-post","3":"status-publish","4":"format-standard","5":"has-post-thumbnail","7":"category-moda-y-estilos","8":"tag-alfombra-de-los-billboard-latin-music-awards-2023","9":"tag-billboard-latin-music-awards-2023"},"_links":{"self":[{"href":"https:\/\/www.cordobatimes.com\/showup\/wp-json\/wp\/v2\/posts\/100390","targetHints":{"allow":["GET"]}}],"collection":[{"href":"https:\/\/www.cordobatimes.com\/showup\/wp-json\/wp\/v2\/posts"}],"about":[{"href":"https:\/\/www.cordobatimes.com\/showup\/wp-json\/wp\/v2\/types\/post"}],"author":[{"embeddable":true,"href":"https:\/\/www.cordobatimes.com\/showup\/wp-json\/wp\/v2\/users\/1"}],"replies":[{"embeddable":true,"href":"https:\/\/www.cordobatimes.com\/showup\/wp-json\/wp\/v2\/comments?post=100390"}],"version-history":[{"count":0,"href":"https:\/\/www.cordobatimes.com\/showup\/wp-json\/wp\/v2\/posts\/100390\/revisions"}],"wp:featuredmedia":[{"embeddable":true,"href":"https:\/\/www.cordobatimes.com\/showup\/wp-json\/wp\/v2\/media\/100391"}],"wp:attachment":[{"href":"https:\/\/www.cordobatimes.com\/showup\/wp-json\/wp\/v2\/media?parent=100390"}],"wp:term":[{"taxonomy":"category","embeddable":true,"href":"https:\/\/www.cordobatimes.com\/showup\/wp-json\/wp\/v2\/categories?post=100390"},{"taxonomy":"post_tag","embeddable":true,"href":"https:\/\/www.cordobatimes.com\/showup\/wp-json\/wp\/v2\/tags?post=100390"}],"curies":[{"name":"wp","href":"https:\/\/api.w.org\/{rel}","templated":true}]}}