{"id":100318,"date":"2023-10-03T12:39:20","date_gmt":"2023-10-03T15:39:20","guid":{"rendered":"https:\/\/www.cordobatimes.com\/showup\/?p=100318"},"modified":"2023-10-03T12:39:20","modified_gmt":"2023-10-03T15:39:20","slug":"luisana-lopilato-deslumbro-en-la-fashion-week-de-paris","status":"publish","type":"post","link":"https:\/\/www.cordobatimes.com\/showup\/moda-y-estilos\/2023\/10\/03\/luisana-lopilato-deslumbro-en-la-fashion-week-de-paris\/","title":{"rendered":"Luisana Lopilato deslumbr\u00f3 en la Fashion Week de Par\u00eds"},"content":{"rendered":"<h3><strong>La actriz brill\u00f3 en la pasarela que se arm\u00f3 debajo de la Torre Eiffel.<\/strong><\/h3>\n<p>Luisana Lopilato dio de qu\u00e9 hablar en redes sociales tras su participaci\u00f3n en la Semana de la Moda de Par\u00eds. La argentina viaj\u00f3 hace tres d\u00edas a Francia para representar a una famosa marca de cosm\u00e9tica de la cual es embajadora.<\/p>\n<p>La actriz fue una de las elegidas para desfilar en la pasarela del\u00a0Par\u00eds Fashion Week que se arm\u00f3 este lunes debajo de la Torre Eiffel.<\/p>\n<p>Luisana luci\u00f3 un vestido ajustad\u00edsimo al cuerpo cubierto de\u00a0strass de colores y muchos brillos.\u00a0Se trata de un dise\u00f1o de mangas largas con hombreras incluidas, apliques de plumas amarillas y turquesas, y\u00a0falda tubo con un enorme tajo en el lateral izquierdo.<\/p>\n<div style=\"width: 696px;\" class=\"wp-video\"><video class=\"wp-video-shortcode\" id=\"video-100318-1\" width=\"696\" height=\"1237\" preload=\"metadata\" controls=\"controls\"><source type=\"video\/mp4\" src=\"https:\/\/www.cordobatimes.com\/showup\/wp-content\/uploads\/2023\/10\/317549614_998343694676317_8234855980985180754_n.mp4?_=1\" \/><a href=\"https:\/\/www.cordobatimes.com\/showup\/wp-content\/uploads\/2023\/10\/317549614_998343694676317_8234855980985180754_n.mp4\">https:\/\/www.cordobatimes.com\/showup\/wp-content\/uploads\/2023\/10\/317549614_998343694676317_8234855980985180754_n.mp4<\/a><\/video><\/div>\n<div style=\"width: 696px;\" class=\"wp-video\"><video class=\"wp-video-shortcode\" id=\"video-100318-2\" width=\"696\" height=\"1237\" preload=\"metadata\" controls=\"controls\"><source type=\"video\/mp4\" src=\"https:\/\/www.cordobatimes.com\/showup\/wp-content\/uploads\/2023\/10\/luisanalopilato_10000000_279723214906696_3477640319215709532_n.mp4?_=2\" \/><a href=\"https:\/\/www.cordobatimes.com\/showup\/wp-content\/uploads\/2023\/10\/luisanalopilato_10000000_279723214906696_3477640319215709532_n.mp4\">https:\/\/www.cordobatimes.com\/showup\/wp-content\/uploads\/2023\/10\/luisanalopilato_10000000_279723214906696_3477640319215709532_n.mp4<\/a><\/video><\/div>\n<p><img alt=\"\" loading=\"lazy\" decoding=\"async\" class=\"alignnone wp-image-100322 size-full\" src=\"https:\/\/www.cordobatimes.com\/showup\/wp-content\/uploads\/2023\/10\/luisanalopilato_3204816938184302254.jpg\" alt=\"\" width=\"720\" height=\"1280\" srcset=\"https:\/\/www.cordobatimes.com\/showup\/wp-content\/uploads\/2023\/10\/luisanalopilato_3204816938184302254.jpg 720w, https:\/\/www.cordobatimes.com\/showup\/wp-content\/uploads\/2023\/10\/luisanalopilato_3204816938184302254-236x420.jpg 236w, https:\/\/www.cordobatimes.com\/showup\/wp-content\/uploads\/2023\/10\/luisanalopilato_3204816938184302254-576x1024.jpg 576w, https:\/\/www.cordobatimes.com\/showup\/wp-content\/uploads\/2023\/10\/luisanalopilato_3204816938184302254-696x1237.jpg 696w\" sizes=\"auto, (max-width: 720px) 100vw, 720px\" \/> <img alt=\"\" loading=\"lazy\" decoding=\"async\" class=\"alignnone wp-image-100323 size-full\" src=\"https:\/\/www.cordobatimes.com\/showup\/wp-content\/uploads\/2023\/10\/luisanalopilato_3204813947939088510.jpg\" alt=\"\" width=\"720\" height=\"1280\" srcset=\"https:\/\/www.cordobatimes.com\/showup\/wp-content\/uploads\/2023\/10\/luisanalopilato_3204813947939088510.jpg 720w, https:\/\/www.cordobatimes.com\/showup\/wp-content\/uploads\/2023\/10\/luisanalopilato_3204813947939088510-236x420.jpg 236w, https:\/\/www.cordobatimes.com\/showup\/wp-content\/uploads\/2023\/10\/luisanalopilato_3204813947939088510-576x1024.jpg 576w, https:\/\/www.cordobatimes.com\/showup\/wp-content\/uploads\/2023\/10\/luisanalopilato_3204813947939088510-696x1237.jpg 696w\" sizes=\"auto, (max-width: 720px) 100vw, 720px\" \/><\/p>\n<div style=\"width: 696px;\" class=\"wp-video\"><video class=\"wp-video-shortcode\" id=\"video-100318-3\" width=\"696\" height=\"1237\" preload=\"metadata\" controls=\"controls\"><source type=\"video\/mp4\" src=\"https:\/\/www.cordobatimes.com\/showup\/wp-content\/uploads\/2023\/10\/luisanalopilato_3204813469176201994.mp4?_=3\" \/><a href=\"https:\/\/www.cordobatimes.com\/showup\/wp-content\/uploads\/2023\/10\/luisanalopilato_3204813469176201994.mp4\">https:\/\/www.cordobatimes.com\/showup\/wp-content\/uploads\/2023\/10\/luisanalopilato_3204813469176201994.mp4<\/a><\/video><\/div>\n","protected":false},"excerpt":{"rendered":"<p>La actriz brill\u00f3 en la pasarela que se arm\u00f3 debajo de la Torre Eiffel. Luisana Lopilato dio de qu\u00e9 hablar en redes sociales tras su participaci\u00f3n en la Semana de la Moda de Par\u00eds. La argentina viaj\u00f3 hace tres d\u00edas a Francia para representar a una famosa marca de cosm\u00e9tica de la cual es embajadora. [&hellip;]<\/p>\n","protected":false},"author":1,"featured_media":100319,"comment_status":"closed","ping_status":"closed","sticky":false,"template":"","format":"standard","meta":{"_seopress_robots_primary_cat":"","_seopress_titles_title":"","_seopress_titles_desc":"","_seopress_robots_index":"","footnotes":""},"categories":[228],"tags":[38170,38169,38165],"class_list":{"0":"post-100318","1":"post","2":"type-post","3":"status-publish","4":"format-standard","5":"has-post-thumbnail","7":"category-moda-y-estilos","8":"tag-fashion-week-de-paris","9":"tag-luisana-lopilato-fashion-week-de-paris","10":"tag-semana-de-la-moda-de-paris"},"_links":{"self":[{"href":"https:\/\/www.cordobatimes.com\/showup\/wp-json\/wp\/v2\/posts\/100318","targetHints":{"allow":["GET"]}}],"collection":[{"href":"https:\/\/www.cordobatimes.com\/showup\/wp-json\/wp\/v2\/posts"}],"about":[{"href":"https:\/\/www.cordobatimes.com\/showup\/wp-json\/wp\/v2\/types\/post"}],"author":[{"embeddable":true,"href":"https:\/\/www.cordobatimes.com\/showup\/wp-json\/wp\/v2\/users\/1"}],"replies":[{"embeddable":true,"href":"https:\/\/www.cordobatimes.com\/showup\/wp-json\/wp\/v2\/comments?post=100318"}],"version-history":[{"count":0,"href":"https:\/\/www.cordobatimes.com\/showup\/wp-json\/wp\/v2\/posts\/100318\/revisions"}],"wp:featuredmedia":[{"embeddable":true,"href":"https:\/\/www.cordobatimes.com\/showup\/wp-json\/wp\/v2\/media\/100319"}],"wp:attachment":[{"href":"https:\/\/www.cordobatimes.com\/showup\/wp-json\/wp\/v2\/media?parent=100318"}],"wp:term":[{"taxonomy":"category","embeddable":true,"href":"https:\/\/www.cordobatimes.com\/showup\/wp-json\/wp\/v2\/categories?post=100318"},{"taxonomy":"post_tag","embeddable":true,"href":"https:\/\/www.cordobatimes.com\/showup\/wp-json\/wp\/v2\/tags?post=100318"}],"curies":[{"name":"wp","href":"https:\/\/api.w.org\/{rel}","templated":true}]}}