{"id":100139,"date":"2023-09-26T20:30:03","date_gmt":"2023-09-26T23:30:03","guid":{"rendered":"https:\/\/www.cordobatimes.com\/showup\/?p=100139"},"modified":"2023-09-26T20:30:03","modified_gmt":"2023-09-26T23:30:03","slug":"los-argentinos-en-la-alfombra-roja-de-san-sebastian","status":"publish","type":"post","link":"https:\/\/www.cordobatimes.com\/showup\/moda-y-estilos\/2023\/09\/26\/los-argentinos-en-la-alfombra-roja-de-san-sebastian\/","title":{"rendered":"Los argentinos en la alfombra roja de San Sebasti\u00e1n"},"content":{"rendered":"<h3><strong>El reconocido festival de cine cuenta en esta oportunidad con un marcada presencia local<\/strong><\/h3>\n<p>El viernes pasado marc\u00f3 el inicio de la septuag\u00e9sima primera edici\u00f3n del Festival de Cine de San Sebasti\u00e1n con la proyecci\u00f3n de\u00a0El chico y la garza, la \u00faltima joya animada del japon\u00e9s\u00a0Hayao Miyazaki, creador de cintas m\u00edticas como\u00a0El viaje de Chihiro, en el marco de un evento que se extender\u00e1 hasta finales de mes y que contar\u00e1 con la presencia de numerosas figuras destacadas de la industria cinematogr\u00e1fica.<\/p>\n<p class=\"paragraph\" data-mrf-recirculation=\"Links inline\">Seg\u00fan los organizadores, este a\u00f1o se presentar\u00e1n un total de 232 producciones f\u00edlmicas. A pesar de la huelga que afecta a guionistas y actores de Hollywood, y que tuvo tambi\u00e9n una marcada repercusi\u00f3n en el resto del globo, ya se confirm\u00f3 la asistencia de personalidades como\u00a0<b>Jessica Chastain<\/b>,\u00a0<b>Sandrine Bonnaire<\/b>,\u00a0<b>Juliette Binoche<\/b>,<b>\u00a0Gabriel Byrne\u00a0<\/b>y<b>\u00a0James Norton<\/b>, por citar solo algunos.<\/p>\n<div><\/div>\n<div class=\"visual__image\"><img loading=\"lazy\" decoding=\"async\" class=\" lazyload\" src=\"https:\/\/www.infobae.com\/new-resizer\/XRRxmfrfPpDqCVd7fyDWhPJRRfM=\/arc-anglerfish-arc2-prod-infobae\/public\/LO7V7KKAWND4JL46WIFHRODHLA.jpg\" sizes=\"auto, (min-width: 800px) 50vw, 90vw\" srcset=\"https:\/\/www.infobae.com\/new-resizer\/UPkpwCHeWyv1bAe-mJv_povXtC8=\/420x280\/filters:format(webp):quality(85)\/cloudfront-us-east-1.images.arcpublishing.com\/infobae\/LO7V7KKAWND4JL46WIFHRODHLA.jpg 420w,https:\/\/www.infobae.com\/new-resizer\/4rwC9UTyRaHegl5QdqOtw0IFANM=\/768x512\/filters:format(webp):quality(85)\/cloudfront-us-east-1.images.arcpublishing.com\/infobae\/LO7V7KKAWND4JL46WIFHRODHLA.jpg 768w,https:\/\/www.infobae.com\/new-resizer\/lNS9kZL4oW2DypfzXQs4P-XjqZk=\/992x661\/filters:format(webp):quality(85)\/cloudfront-us-east-1.images.arcpublishing.com\/infobae\/LO7V7KKAWND4JL46WIFHRODHLA.jpg 992w,https:\/\/www.infobae.com\/new-resizer\/yomkxZOjGQIEwRG5WoXqoJjvz3o=\/1200x800\/filters:format(webp):quality(85)\/cloudfront-us-east-1.images.arcpublishing.com\/infobae\/LO7V7KKAWND4JL46WIFHRODHLA.jpg 1200w,https:\/\/www.infobae.com\/new-resizer\/ZlmgAYdu2MfScvLhiRSW0nQt52c=\/1440x960\/filters:format(webp):quality(85)\/cloudfront-us-east-1.images.arcpublishing.com\/infobae\/LO7V7KKAWND4JL46WIFHRODHLA.jpg 1440w\" alt=\"Enrique Pi\u00f1eiro, Bel\u00e9n Chavanne, Luis Brandoni y Majo Cabrera posan al momento de la presentaci\u00f3n de &quot;Nada&quot; en la secci\u00f3n Culinary Cinema (EFE\/ Javier Etxezarreta)\" width=\"1920\" height=\"1278\" data-src=\"https:\/\/www.infobae.com\/new-resizer\/XRRxmfrfPpDqCVd7fyDWhPJRRfM=\/arc-anglerfish-arc2-prod-infobae\/public\/LO7V7KKAWND4JL46WIFHRODHLA.jpg\" \/><\/div>\n<div><b>Son 25 las pel\u00edculas y proyectos argentinos que participan de la actual edici\u00f3n del evento<\/b>, y por caso durante el fin de semana se pudo observar a\u00a0<b>Leonardo Sbaraglia<\/b>,\u00a0<b>Dolores Fonzi<\/b>\u00a0y\u00a0<b>Toto Rovito<\/b>, quien interpretara a uno de los j\u00f3venes del grupo de fiscales de\u00a0<i>Argentina, 1985<\/i>, rodaje en el que conoci\u00f3 a Fonzi y por el que lleg\u00f3 a<b>\u00a0<\/b><i>Blondi<\/i>, quienes no solo asistieron a una premiere en conjunto, sino que tambi\u00e9n est\u00e1n presentando\u00a0<i>Blondi<\/i>, la primera pel\u00edcula dirigida por Fonzi, que aborda la compleja relaci\u00f3n entre una madre y su hijo. Adem\u00e1s, Sbaraglia forma parte del elenco de\u00a0<i>Puan<\/i>, una producci\u00f3n argentina que compite en la secci\u00f3n oficial del festival.<\/div>\n<div><\/div>\n<div>\n<p class=\"paragraph\" data-mrf-recirculation=\"Links inline\">En el mismo contexto, se llev\u00f3 a cabo la presentaci\u00f3n de la serie\u00a0<i>Nada<\/i>, que cuenta con la actuaci\u00f3n de\u00a0<b>Luis Brandoni\u00a0<\/b>y\u00a0<b>Robert De Niro<\/b>. Creada y dirigida por\u00a0<b>Mariano Cohn<\/b>\u00a0y\u00a0<b>Gast\u00f3n Duprat,\u00a0<\/b>se estrenar\u00e1 en una reconocida plataforma de streaming el pr\u00f3ximo 11 de octubre.<\/p>\n<div class=\"visual__image\"><img loading=\"lazy\" decoding=\"async\" class=\" lazyload\" src=\"https:\/\/www.infobae.com\/new-resizer\/VxEBVgPUaa1OqtDLoCWy_oT0VME=\/arc-anglerfish-arc2-prod-infobae\/public\/IMWRZW4G5ZEWJL5KUGXYTN5L3Y.jpg\" sizes=\"auto, (min-width: 800px) 50vw, 90vw\" srcset=\"https:\/\/www.infobae.com\/new-resizer\/GFq4HJOUnLTZDCVXQ2R2w8Dlx-U=\/420x630\/filters:format(webp):quality(85)\/cloudfront-us-east-1.images.arcpublishing.com\/infobae\/IMWRZW4G5ZEWJL5KUGXYTN5L3Y.jpg 420w,https:\/\/www.infobae.com\/new-resizer\/c-AvvqazKrsab5YlpE42q4Nx0MM=\/768x1152\/filters:format(webp):quality(85)\/cloudfront-us-east-1.images.arcpublishing.com\/infobae\/IMWRZW4G5ZEWJL5KUGXYTN5L3Y.jpg 768w,https:\/\/www.infobae.com\/new-resizer\/vPA8nHvVb9AwiyNFG32RIp-7FNw=\/992x1488\/filters:format(webp):quality(85)\/cloudfront-us-east-1.images.arcpublishing.com\/infobae\/IMWRZW4G5ZEWJL5KUGXYTN5L3Y.jpg 992w,https:\/\/www.infobae.com\/new-resizer\/TnvdUK7_aPha1LaMWhSQByeJ7cw=\/1200x1800\/filters:format(webp):quality(85)\/cloudfront-us-east-1.images.arcpublishing.com\/infobae\/IMWRZW4G5ZEWJL5KUGXYTN5L3Y.jpg 1200w\" alt=\"Mariano Cohn y Gast\u00f3n Duprat asistieron a la presentaci\u00f3n fotogr\u00e1fica 'NADA' de Disney+ durante el 71\u00ba Festival Internacional de Cine de San Sebasti\u00e1n en el Teatro Victoria Eugenia (Foto: Carlos Alvarez\/Getty Images for Disney+)\" width=\"1920\" height=\"2874\" data-src=\"https:\/\/www.infobae.com\/new-resizer\/VxEBVgPUaa1OqtDLoCWy_oT0VME=\/arc-anglerfish-arc2-prod-infobae\/public\/IMWRZW4G5ZEWJL5KUGXYTN5L3Y.jpg\" \/><\/div>\n<p class=\"paragraph\" data-mrf-recirculation=\"Links inline\">En relaci\u00f3n con la alfombra roja del evento, Dolores Fonzi eligi\u00f3 vestirse con una camisa blanca que presentaba detalles calados. La camisa fue acompa\u00f1ada por una falda en tonalidades beige, una creaci\u00f3n de la dise\u00f1adora Jazm\u00edn Chebar. Para completar su atuendo, seleccion\u00f3 sandalias de color negro que contaban con una hebilla como detalle y opt\u00f3 por accesorios que segu\u00edan una est\u00e9tica minimalista.<\/p>\n<p class=\"paragraph\" data-mrf-recirculation=\"Links inline\">Pero no ser\u00eda su \u00fanico look, ya que como ella tambi\u00e9n deb\u00eda ser parte de la ceremonia de inauguraci\u00f3n, en ese instante\u00a0<b>opt\u00f3 por un vestido tejido largo con mangas cortas en color amarillo, que acompa\u00f1\u00f3 con unas botas blancas y un pelo recogido.<\/b><\/p>\n<div class=\"visual__image\"><img loading=\"lazy\" decoding=\"async\" class=\" lazyload\" src=\"https:\/\/www.infobae.com\/new-resizer\/PYoFhJQKprc-xHx5KsyOHgF118o=\/arc-anglerfish-arc2-prod-infobae\/public\/4LX6L5WDGNGCDBN3ZLLGQ23YEM.jpg\" sizes=\"auto, (min-width: 800px) 50vw, 90vw\" srcset=\"https:\/\/www.infobae.com\/new-resizer\/8RRE3bWgaLudPEn67AyzZJBsYOU=\/420x630\/filters:format(webp):quality(85)\/cloudfront-us-east-1.images.arcpublishing.com\/infobae\/4LX6L5WDGNGCDBN3ZLLGQ23YEM.jpg 420w,https:\/\/www.infobae.com\/new-resizer\/zRciGXsGQ9z97l0CiHl636xuXwY=\/768x1152\/filters:format(webp):quality(85)\/cloudfront-us-east-1.images.arcpublishing.com\/infobae\/4LX6L5WDGNGCDBN3ZLLGQ23YEM.jpg 768w,https:\/\/www.infobae.com\/new-resizer\/8pVRRjUyJ-ojO_fZANw10u-ALPk=\/992x1488\/filters:format(webp):quality(85)\/cloudfront-us-east-1.images.arcpublishing.com\/infobae\/4LX6L5WDGNGCDBN3ZLLGQ23YEM.jpg 992w,https:\/\/www.infobae.com\/new-resizer\/38R6fyRgl8AKJIQq-F849KxCGLA=\/1200x1800\/filters:format(webp):quality(85)\/cloudfront-us-east-1.images.arcpublishing.com\/infobae\/4LX6L5WDGNGCDBN3ZLLGQ23YEM.jpg 1200w\" alt=\"La actriz Dolores Fonzi, con el vestido que luci\u00f3 al momento de subir al escenario en la presentaci\u00f3n del Festival Internacional de Cine, y Santiago Mitre, en la alfombra roja el Palacio Kursaal (Foto: Carlos Alvarez\/Getty Images)\" width=\"1920\" height=\"2880\" data-src=\"https:\/\/www.infobae.com\/new-resizer\/PYoFhJQKprc-xHx5KsyOHgF118o=\/arc-anglerfish-arc2-prod-infobae\/public\/4LX6L5WDGNGCDBN3ZLLGQ23YEM.jpg\" \/><\/div>\n<p class=\"paragraph\" data-mrf-recirculation=\"Links inline\">En contraste, los actores masculinos presentes en el evento se decantaron por vestimentas que presentaban tonalidades m\u00e1s oscuras.\u00a0<b>Leonardo Sbaraglia, por ejemplo, opt\u00f3 por un traje que no inclu\u00eda camisa y lo complement\u00f3 con botas de ca\u00f1a media.<\/b>\u00a0En el caso de Rovito, su elecci\u00f3n se inclin\u00f3 hacia un conjunto m\u00e1s relajado y casual, con tonos que evocaban la paleta de colores de la tierra.<\/p>\n<div class=\"visual__image\"><img loading=\"lazy\" decoding=\"async\" class=\" lazyload\" src=\"https:\/\/www.infobae.com\/new-resizer\/4Y0FtGgBhXriDE61CfZPFdHVGJg=\/arc-anglerfish-arc2-prod-infobae\/public\/JOC23BSLXRHLVCQLMW73PIFBI4.jpg\" sizes=\"auto, (min-width: 800px) 50vw, 90vw\" srcset=\"https:\/\/www.infobae.com\/new-resizer\/uMk_XNXRABDumwW-H3oiYEXxjao=\/420x280\/filters:format(webp):quality(85)\/cloudfront-us-east-1.images.arcpublishing.com\/infobae\/JOC23BSLXRHLVCQLMW73PIFBI4.jpg 420w,https:\/\/www.infobae.com\/new-resizer\/5aDAWsaAIgM7u88c9ARE04PM0sE=\/768x512\/filters:format(webp):quality(85)\/cloudfront-us-east-1.images.arcpublishing.com\/infobae\/JOC23BSLXRHLVCQLMW73PIFBI4.jpg 768w,https:\/\/www.infobae.com\/new-resizer\/a5U-d9D5h5gS28LGDxF2LkCJvWE=\/992x661\/filters:format(webp):quality(85)\/cloudfront-us-east-1.images.arcpublishing.com\/infobae\/JOC23BSLXRHLVCQLMW73PIFBI4.jpg 992w,https:\/\/www.infobae.com\/new-resizer\/njhFNmLtD9n4yDNrA7RuBsT15i0=\/1200x800\/filters:format(webp):quality(85)\/cloudfront-us-east-1.images.arcpublishing.com\/infobae\/JOC23BSLXRHLVCQLMW73PIFBI4.jpg 1200w,https:\/\/www.infobae.com\/new-resizer\/WjyauvDtkBtSvG-nhWyfMQUZwe4=\/1440x960\/filters:format(webp):quality(85)\/cloudfront-us-east-1.images.arcpublishing.com\/infobae\/JOC23BSLXRHLVCQLMW73PIFBI4.jpg 1440w\" alt=\"El director y guionista Mariano Cohn y los actores Bel\u00e9n Chavanne, Luis Brandoni y Majo Cabrera recorren la alfombra roja en el 71 Festival Internacional de Cine de San Sebasti\u00e1n, donde presentaron &quot;Nada&quot; en la secci\u00f3n Culinary Cinema (EFE\/ Javier Etxezarreta)\" width=\"1920\" height=\"1310\" data-src=\"https:\/\/www.infobae.com\/new-resizer\/4Y0FtGgBhXriDE61CfZPFdHVGJg=\/arc-anglerfish-arc2-prod-infobae\/public\/JOC23BSLXRHLVCQLMW73PIFBI4.jpg\" \/><\/div>\n<div class=\"visual__image\"><img loading=\"lazy\" decoding=\"async\" class=\" lazyload\" src=\"https:\/\/www.infobae.com\/new-resizer\/Pgvd2hKTizbdZgVtHZYoBRav97c=\/arc-anglerfish-arc2-prod-infobae\/public\/ZCGM3DKEFZHTDLKOEYNKDUINNM.jpg\" sizes=\"auto, (min-width: 800px) 50vw, 90vw\" srcset=\"https:\/\/www.infobae.com\/new-resizer\/iNuIeluMK1UKw8YUMozFoUKJfTM=\/420x630\/filters:format(webp):quality(85)\/cloudfront-us-east-1.images.arcpublishing.com\/infobae\/ZCGM3DKEFZHTDLKOEYNKDUINNM.jpg 420w,https:\/\/www.infobae.com\/new-resizer\/vnvPfoOMkfSyfKI3HXgnmQsmMTA=\/768x1152\/filters:format(webp):quality(85)\/cloudfront-us-east-1.images.arcpublishing.com\/infobae\/ZCGM3DKEFZHTDLKOEYNKDUINNM.jpg 768w,https:\/\/www.infobae.com\/new-resizer\/7i0Fq-eVbrWvzzN-UTfFGGMczhM=\/992x1488\/filters:format(webp):quality(85)\/cloudfront-us-east-1.images.arcpublishing.com\/infobae\/ZCGM3DKEFZHTDLKOEYNKDUINNM.jpg 992w,https:\/\/www.infobae.com\/new-resizer\/XR1r-kv8Gq_qc_1CSxVz-LPxEG0=\/1200x1800\/filters:format(webp):quality(85)\/cloudfront-us-east-1.images.arcpublishing.com\/infobae\/ZCGM3DKEFZHTDLKOEYNKDUINNM.jpg 1200w\" alt=\"Majo Cabrera en la presentaci\u00f3n fotogr\u00e1fica 'NADA' de Disney+ durante el 71\u00ba Festival Internacional de Cine de San Sebasti\u00e1n en el Teatro Victoria Eugenia en San Sebasti\u00e1n, Espa\u00f1a (Photo by Carlos Alvarez\/Getty Images for Disney+)\" width=\"1920\" height=\"2880\" data-src=\"https:\/\/www.infobae.com\/new-resizer\/Pgvd2hKTizbdZgVtHZYoBRav97c=\/arc-anglerfish-arc2-prod-infobae\/public\/ZCGM3DKEFZHTDLKOEYNKDUINNM.jpg\" \/><\/div>\n<div class=\"visual__image\"><img loading=\"lazy\" decoding=\"async\" class=\" lazyload\" src=\"https:\/\/www.infobae.com\/new-resizer\/-urFxUn8Y3L4Xihg8lHRSmYpB9U=\/arc-anglerfish-arc2-prod-infobae\/public\/B4RVIPAMOBHCZKZZEEZ6WASCJY.jpg\" sizes=\"auto, (min-width: 800px) 50vw, 90vw\" srcset=\"https:\/\/www.infobae.com\/new-resizer\/PajoyxsrsbSNc_my1y7kZKadZ-Q=\/420x280\/filters:format(webp):quality(85)\/cloudfront-us-east-1.images.arcpublishing.com\/infobae\/B4RVIPAMOBHCZKZZEEZ6WASCJY.jpg 420w,https:\/\/www.infobae.com\/new-resizer\/amiad7KNjRiGv9vrrykyK19yPxQ=\/768x512\/filters:format(webp):quality(85)\/cloudfront-us-east-1.images.arcpublishing.com\/infobae\/B4RVIPAMOBHCZKZZEEZ6WASCJY.jpg 768w,https:\/\/www.infobae.com\/new-resizer\/WXL7zO4m3vHQB9cTG-IUVzpEqCE=\/992x661\/filters:format(webp):quality(85)\/cloudfront-us-east-1.images.arcpublishing.com\/infobae\/B4RVIPAMOBHCZKZZEEZ6WASCJY.jpg 992w,https:\/\/www.infobae.com\/new-resizer\/ll2G3p56qSivKFoZgX8P8tTnoVQ=\/1200x800\/filters:format(webp):quality(85)\/cloudfront-us-east-1.images.arcpublishing.com\/infobae\/B4RVIPAMOBHCZKZZEEZ6WASCJY.jpg 1200w,https:\/\/www.infobae.com\/new-resizer\/sov_djCvPQnZJmepcr9wmhj-4oQ=\/1440x960\/filters:format(webp):quality(85)\/cloudfront-us-east-1.images.arcpublishing.com\/infobae\/B4RVIPAMOBHCZKZZEEZ6WASCJY.jpg 1440w\" alt=\"Majo Cabrera, Bel\u00e9n Chavanne, Enrique Pi\u00f1eyro, Mariano Cohn, Luis Brandoni, Leonardo Aranguibel, Mariana P\u00e9rez y Gast\u00f3n Duprat asistieron a &quot;NADA&quot; de Disney+ durante el Festival Internacional de Cine de San Sebasti\u00e1n en el Teatro Victoria Eugenia (Photo by Carlos Alvarez\/Getty Images for Disney+)\" width=\"1920\" height=\"1280\" data-src=\"https:\/\/www.infobae.com\/new-resizer\/-urFxUn8Y3L4Xihg8lHRSmYpB9U=\/arc-anglerfish-arc2-prod-infobae\/public\/B4RVIPAMOBHCZKZZEEZ6WASCJY.jpg\" \/><\/div>\n<div class=\"visual__image\"><img loading=\"lazy\" decoding=\"async\" class=\" lazyload\" src=\"https:\/\/www.infobae.com\/new-resizer\/wnnqgGiBPODRkjNGxVSx4XuJ2T4=\/arc-anglerfish-arc2-prod-infobae\/public\/VOU2ALTEYNEFZIN37HNXKS4F74.jpg\" sizes=\"auto, (min-width: 800px) 50vw, 90vw\" srcset=\"https:\/\/www.infobae.com\/new-resizer\/Vmj0uQVw6C7VR_WrRmvMwH8XaEk=\/420x630\/filters:format(webp):quality(85)\/cloudfront-us-east-1.images.arcpublishing.com\/infobae\/VOU2ALTEYNEFZIN37HNXKS4F74.jpg 420w,https:\/\/www.infobae.com\/new-resizer\/GpIh2BjA54TfShki3OuwVrHb9jU=\/768x1152\/filters:format(webp):quality(85)\/cloudfront-us-east-1.images.arcpublishing.com\/infobae\/VOU2ALTEYNEFZIN37HNXKS4F74.jpg 768w,https:\/\/www.infobae.com\/new-resizer\/70WgFmrmO317hwEf1latX6mtZ0Y=\/992x1488\/filters:format(webp):quality(85)\/cloudfront-us-east-1.images.arcpublishing.com\/infobae\/VOU2ALTEYNEFZIN37HNXKS4F74.jpg 992w,https:\/\/www.infobae.com\/new-resizer\/hwdAzJAU2VtSqthbe1nAckep3RE=\/1200x1800\/filters:format(webp):quality(85)\/cloudfront-us-east-1.images.arcpublishing.com\/infobae\/VOU2ALTEYNEFZIN37HNXKS4F74.jpg 1200w\" alt=\"Bel\u00e9n Chavanne asiste a la presentaci\u00f3n fotogr\u00e1fica 'NADA' de Disney+ (Photo by Carlos Alvarez\/Getty Images for Disney+)\" width=\"1920\" height=\"2880\" data-src=\"https:\/\/www.infobae.com\/new-resizer\/wnnqgGiBPODRkjNGxVSx4XuJ2T4=\/arc-anglerfish-arc2-prod-infobae\/public\/VOU2ALTEYNEFZIN37HNXKS4F74.jpg\" \/><\/div>\n<div class=\"visual__image\"><img loading=\"lazy\" decoding=\"async\" class=\" lazyload\" src=\"https:\/\/www.infobae.com\/new-resizer\/tElK9DyYl0F_0i7zqnXjwwGDvfY=\/arc-anglerfish-arc2-prod-infobae\/public\/BZO3FUVVWJGQHGVPEW65U4TD4E.jpg\" sizes=\"auto, (min-width: 800px) 50vw, 90vw\" srcset=\"https:\/\/www.infobae.com\/new-resizer\/MOF4tJH8LiB2cIFg_e2xTDluxyM=\/420x280\/filters:format(webp):quality(85)\/cloudfront-us-east-1.images.arcpublishing.com\/infobae\/BZO3FUVVWJGQHGVPEW65U4TD4E.jpg 420w,https:\/\/www.infobae.com\/new-resizer\/jgPxTtBxybCI1HgCuqWa1lThw_I=\/768x512\/filters:format(webp):quality(85)\/cloudfront-us-east-1.images.arcpublishing.com\/infobae\/BZO3FUVVWJGQHGVPEW65U4TD4E.jpg 768w,https:\/\/www.infobae.com\/new-resizer\/zLHRhfiQ2MMczdw_uvrCPziTW-I=\/992x661\/filters:format(webp):quality(85)\/cloudfront-us-east-1.images.arcpublishing.com\/infobae\/BZO3FUVVWJGQHGVPEW65U4TD4E.jpg 992w,https:\/\/www.infobae.com\/new-resizer\/2C3e_OAi6Zqb6Cz_erKtI7rbhlo=\/1200x800\/filters:format(webp):quality(85)\/cloudfront-us-east-1.images.arcpublishing.com\/infobae\/BZO3FUVVWJGQHGVPEW65U4TD4E.jpg 1200w,https:\/\/www.infobae.com\/new-resizer\/0amaYbgY-NlBFzIj97N12J2eNO8=\/1440x960\/filters:format(webp):quality(85)\/cloudfront-us-east-1.images.arcpublishing.com\/infobae\/BZO3FUVVWJGQHGVPEW65U4TD4E.jpg 1440w\" alt=\"Luis Brandoni al momento de su llegada a la presentaci\u00f3n de &quot;NADA&quot; de Disney+ (Photo by Carlos Alvarez\/Getty Images for Disney+)\" width=\"1920\" height=\"1280\" data-src=\"https:\/\/www.infobae.com\/new-resizer\/tElK9DyYl0F_0i7zqnXjwwGDvfY=\/arc-anglerfish-arc2-prod-infobae\/public\/BZO3FUVVWJGQHGVPEW65U4TD4E.jpg\" \/><img loading=\"lazy\" decoding=\"async\" class=\" lazyload\" src=\"https:\/\/www.infobae.com\/new-resizer\/q3A4A0ZD3jfi47Yb4oGX31QWUDA=\/arc-anglerfish-arc2-prod-infobae\/public\/R3SULCZLVJHQNM37D7PIVSMM2Q.jpg\" sizes=\"auto, (min-width: 800px) 50vw, 90vw\" srcset=\"https:\/\/www.infobae.com\/new-resizer\/mFXOXahw2l7EJyANEDJiKGULbgM=\/420x630\/filters:format(webp):quality(85)\/cloudfront-us-east-1.images.arcpublishing.com\/infobae\/R3SULCZLVJHQNM37D7PIVSMM2Q.jpg 420w,https:\/\/www.infobae.com\/new-resizer\/tAkrEFceJBVGiaS--970II_PIqQ=\/768x1152\/filters:format(webp):quality(85)\/cloudfront-us-east-1.images.arcpublishing.com\/infobae\/R3SULCZLVJHQNM37D7PIVSMM2Q.jpg 768w,https:\/\/www.infobae.com\/new-resizer\/dA9-XFpQvP4um7wer4wWTNPzRI4=\/992x1488\/filters:format(webp):quality(85)\/cloudfront-us-east-1.images.arcpublishing.com\/infobae\/R3SULCZLVJHQNM37D7PIVSMM2Q.jpg 992w,https:\/\/www.infobae.com\/new-resizer\/fgMiMj4016YEfjQVyrp5iGrWkQk=\/1200x1800\/filters:format(webp):quality(85)\/cloudfront-us-east-1.images.arcpublishing.com\/infobae\/R3SULCZLVJHQNM37D7PIVSMM2Q.jpg 1200w\" alt=\"El actor Leonardo Sbaraglia asisti\u00f3 al estreno de 'El Sue\u00f1o De La Sultana' durante el Festival de Cine de San Sebasti\u00e1n en el Palacio Kursaal (Foto: Carlos Alvarez\/Getty Images)\" width=\"1920\" height=\"2880\" data-src=\"https:\/\/www.infobae.com\/new-resizer\/q3A4A0ZD3jfi47Yb4oGX31QWUDA=\/arc-anglerfish-arc2-prod-infobae\/public\/R3SULCZLVJHQNM37D7PIVSMM2Q.jpg\" \/><\/div>\n<\/div>\n","protected":false},"excerpt":{"rendered":"<p>El reconocido festival de cine cuenta en esta oportunidad con un marcada presencia local El viernes pasado marc\u00f3 el inicio de la septuag\u00e9sima primera edici\u00f3n del Festival de Cine de San Sebasti\u00e1n con la proyecci\u00f3n de\u00a0El chico y la garza, la \u00faltima joya animada del japon\u00e9s\u00a0Hayao Miyazaki, creador de cintas m\u00edticas como\u00a0El viaje de Chihiro, [&hellip;]<\/p>\n","protected":false},"author":1,"featured_media":100140,"comment_status":"closed","ping_status":"closed","sticky":false,"template":"","format":"standard","meta":{"_seopress_robots_primary_cat":"","_seopress_titles_title":"","_seopress_titles_desc":"","_seopress_robots_index":"","footnotes":""},"categories":[228],"tags":[38074,38073,18003],"class_list":{"0":"post-100139","1":"post","2":"type-post","3":"status-publish","4":"format-standard","5":"has-post-thumbnail","7":"category-moda-y-estilos","8":"tag-alfombra-roja-de-san-sebastian","9":"tag-argentinos-en-la-alfombra-roja-de-san-sebastian","10":"tag-festival-de-san-sebastian"},"_links":{"self":[{"href":"https:\/\/www.cordobatimes.com\/showup\/wp-json\/wp\/v2\/posts\/100139","targetHints":{"allow":["GET"]}}],"collection":[{"href":"https:\/\/www.cordobatimes.com\/showup\/wp-json\/wp\/v2\/posts"}],"about":[{"href":"https:\/\/www.cordobatimes.com\/showup\/wp-json\/wp\/v2\/types\/post"}],"author":[{"embeddable":true,"href":"https:\/\/www.cordobatimes.com\/showup\/wp-json\/wp\/v2\/users\/1"}],"replies":[{"embeddable":true,"href":"https:\/\/www.cordobatimes.com\/showup\/wp-json\/wp\/v2\/comments?post=100139"}],"version-history":[{"count":0,"href":"https:\/\/www.cordobatimes.com\/showup\/wp-json\/wp\/v2\/posts\/100139\/revisions"}],"wp:featuredmedia":[{"embeddable":true,"href":"https:\/\/www.cordobatimes.com\/showup\/wp-json\/wp\/v2\/media\/100140"}],"wp:attachment":[{"href":"https:\/\/www.cordobatimes.com\/showup\/wp-json\/wp\/v2\/media?parent=100139"}],"wp:term":[{"taxonomy":"category","embeddable":true,"href":"https:\/\/www.cordobatimes.com\/showup\/wp-json\/wp\/v2\/categories?post=100139"},{"taxonomy":"post_tag","embeddable":true,"href":"https:\/\/www.cordobatimes.com\/showup\/wp-json\/wp\/v2\/tags?post=100139"}],"curies":[{"name":"wp","href":"https:\/\/api.w.org\/{rel}","templated":true}]}}