{"id":100032,"date":"2023-09-04T21:23:26","date_gmt":"2023-09-05T00:23:26","guid":{"rendered":"https:\/\/www.cordobatimes.com\/showup\/?p=100032"},"modified":"2023-09-04T21:23:26","modified_gmt":"2023-09-05T00:23:26","slug":"anibal-lotocki-logro-que-le-pusieran-una-custodia-policial","status":"publish","type":"post","link":"https:\/\/www.cordobatimes.com\/showup\/tv\/2023\/09\/04\/anibal-lotocki-logro-que-le-pusieran-una-custodia-policial\/","title":{"rendered":"An\u00edbal Lotocki logr\u00f3 que le pusieran una custodia policial"},"content":{"rendered":"<h3><strong>El cirujano solicit\u00f3 que instalaran un m\u00f3vil en la puerta de su casa de Olivos, donde el mi\u00e9rcoles se realizar\u00e1 una marcha pac\u00edfica convocada por sus v\u00edctimas.<\/strong><\/h3>\n<p>Este lunes, las c\u00e1maras de\u00a0Am\u00e9rica Noticias\u00a0se sorprendieron en vivo al ver llegar un m\u00f3vil policial de traslado de detenidos a la puerta del domicilio de\u00a0An\u00edbal Lotocki, cito sobre la cale Francisco Beir\u00f3 al 1000 en el barrio de Olivos, Vicente L\u00f3pez. Y, en un principio,\u00a0Soledad Larghi\u00a0y\u00a0Rolando Gra\u00f1a\u00a0se preguntaron si el cirujano ser\u00eda trasladado a alg\u00fan lado o si, quiz\u00e1, ser\u00eda notificado de alguna nueva imputaci\u00f3n en su contra. Sin embargo, minutos m\u00e1s tarde se supo que, en realidad, el m\u00e9dico hab\u00eda pedido mediante sus abogados una custodia a ra\u00edz de los escraches que sufri\u00f3 durante los \u00faltimos d\u00edas.<\/p>\n<p class=\"paragraph\" data-mrf-recirculation=\"Links inline\">Desde que se conoci\u00f3 la noticia de la muerte de\u00a0<b>Silvina Luna<\/b>, ocurrida el \u00faltimo jueves en el Hospital Italiano donde permanec\u00eda internada desde hac\u00eda casi tres meses, muchas fueron las personas que decidieron ir a manifestar su enojo contra el Lotocki<b>\u00a0<\/b>en la puerta de la casa en la que convive con su esposa,\u00a0<b>Mar\u00eda Jos\u00e9 Favaron<\/b>. La primera fue<b>\u00a0Pamela Sosa<\/b>, su ex pareja y actual denunciante, que se acerc\u00f3 a gritarle desesperada frente a las c\u00e1maras de todos los canales al enterarse del fallecimiento de la ex\u00a0<b>Gran Hermano<\/b>. Y, este domingo, se acerc\u00f3 un vecino que al grito de \u201casesino\u201d comenz\u00f3 a arrogar objetos contra la vivienda, hecho que termin\u00f3 cono el m\u00e9dico y su mujer increpando a<b>\u00a0Gonzalo V\u00e1zquez<\/b>, notero de\u00a0<b>Intrusos<\/b>, que logr\u00f3 registrar el momento.<\/p>\n<div class=\"inline ad-wrapper\">\n<div class=\"dfpAd ad-inline\">\n<div id=\"infobae\/teleshow\/nota\/inline\" class=\"infobae\/teleshow\/nota\/inline arcad\" data-google-query-id=\"CIWKr5OYkoEDFfyflQIdHEwNQA\">\n<div id=\"google_ads_iframe_\/1058609\/infobae\/teleshow\/nota\/inline_0__container__\"><iframe id=\"google_ads_iframe_\/1058609\/infobae\/teleshow\/nota\/inline_0\" tabindex=\"0\" title=\"3rd party ad content\" role=\"region\" name=\"google_ads_iframe_\/1058609\/infobae\/teleshow\/nota\/inline_0\" width=\"1\" height=\"1\" frameborder=\"0\" marginwidth=\"0\" marginheight=\"0\" scrolling=\"no\" aria-label=\"Advertisement\" data-load-complete=\"true\" data-google-container-id=\"9\" data-mce-fragment=\"1\"><\/iframe><\/div>\n<\/div>\n<\/div>\n<\/div>\n<p class=\"paragraph\" data-mrf-recirculation=\"Links inline\">A esto se le suma que las v\u00edctimas del m\u00e9dico que lo denunciaron y las que optaron por no hacerlo, decidieron armar un grupo de WhatsApp y empezaron a convocar a<b>\u00a0una marcha pac\u00edfica frente a la casa del cirujano para el pr\u00f3ximo mi\u00e9rcoles 6 de septiembre a las 19 hs<\/b>. Para ilustrar la consigna, utilizaron la foto de Luna, la de\u00a0<b>Mariano Caprarola<\/b>, otro de los pacientes de Lotocki que cont\u00f3 su dolorosa experiencia en los medios tras las operaciones y muri\u00f3 el pasado 17 de agosto, la de\u00a0<b>Cristian Z\u00e1rate<\/b>, el empresario que falleci\u00f3 el 16 de abril del 2021 tras una intervenci\u00f3n quir\u00fargica y por cuya muerte el m\u00e9dico est\u00e1 actualmente procesado, y la de\u00a0<b>Romina Vega<\/b>, quien perdi\u00f3 la vida en Misiones luego de realizarse una liposucci\u00f3n e implante de gl\u00fateos en febrero de 2007 y por cuyo caso el cirujano fue investigado por homicidio culposo y luego sobrese\u00eddo por falta de m\u00e9rito.<\/p>\n<div class=\"visual__image\"><img loading=\"lazy\" decoding=\"async\" class=\" lazyload\" src=\"https:\/\/www.infobae.com\/new-resizer\/cMSHbg376qMJvQ8X0ShgcpSElb8=\/arc-anglerfish-arc2-prod-infobae\/public\/7YCNE54UZBH5ZM3ERHHVBD7HGI.jpg\" sizes=\"auto, (min-width: 800px) 50vw, 90vw\" srcset=\"https:\/\/www.infobae.com\/new-resizer\/mvaSClOALFXEBgECOk6Lc8kAKHA=\/420x630\/filters:format(webp):quality(85)\/cloudfront-us-east-1.images.arcpublishing.com\/infobae\/7YCNE54UZBH5ZM3ERHHVBD7HGI.jpg 420w,https:\/\/www.infobae.com\/new-resizer\/FLd8v6HzRXsKP8JeMgN11kaYW6c=\/768x1152\/filters:format(webp):quality(85)\/cloudfront-us-east-1.images.arcpublishing.com\/infobae\/7YCNE54UZBH5ZM3ERHHVBD7HGI.jpg 768w,https:\/\/www.infobae.com\/new-resizer\/oCvyVJ6jw_5pxln_uVMHniN9MhA=\/992x1488\/filters:format(webp):quality(85)\/cloudfront-us-east-1.images.arcpublishing.com\/infobae\/7YCNE54UZBH5ZM3ERHHVBD7HGI.jpg 992w,https:\/\/www.infobae.com\/new-resizer\/cIpJ3ojUwDcJUMIef78HdfmkewE=\/1200x1800\/filters:format(webp):quality(85)\/cloudfront-us-east-1.images.arcpublishing.com\/infobae\/7YCNE54UZBH5ZM3ERHHVBD7HGI.jpg 1200w\" alt=\"La publicaci\u00f3n de Virginia Gallardo en Instagram convocando a una marcha pac\u00edfica\" width=\"1920\" height=\"2879\" data-src=\"https:\/\/www.infobae.com\/new-resizer\/cMSHbg376qMJvQ8X0ShgcpSElb8=\/arc-anglerfish-arc2-prod-infobae\/public\/7YCNE54UZBH5ZM3ERHHVBD7HGI.jpg\" \/>La publicaci\u00f3n de Virginia Gallardo en Instagram convocando a una marcha pac\u00edfica<\/div>\n<p class=\"paragraph\" data-mrf-recirculation=\"Links inline\">\u201cConsigna policial fija va a haber en la puerta de la casa de An\u00edbal Lotocki. Es decir, que va a tener no una vigilancia, si no una custodia. Esto es como consecuencia de los escraches. Lo pidi\u00f3 el doctor (<b>Diego Javier<\/b>)<b>\u00a0Szpigiel<\/b>, uno de los abogados de Lotocki,<b>\u00a0<\/b>al fiscal de la UFI de Vicente L\u00f3pez, el doctor<b>\u00a0Alejandro Guevara.<\/b>\u00a0Es como consecuencia de la presencia de Pamela Sosa, que lo amenaz\u00f3 de muerte hace algunos d\u00edas. Y no solamente pidi\u00f3 una consigna policial fija en el lugar, que fue aceptada, sino tambi\u00e9n<b>\u00a0una perimetral para Pamela Sosa respecto de An\u00edbal Lotocki<\/b>\u201d, explic\u00f3 el periodista<b>\u00a0Javier D\u00edaz<\/b>.<\/p>\n<div class=\"recommended-card__info\">\n<div style=\"width: 320px;\" class=\"wp-video\"><video class=\"wp-video-shortcode\" id=\"video-100032-1\" width=\"320\" height=\"180\" preload=\"metadata\" controls=\"controls\"><source type=\"video\/mp4\" src=\"https:\/\/www.cordobatimes.com\/showup\/wp-content\/uploads\/2023\/09\/ZkjZbGEu-34105375.mp4?_=1\" \/><a href=\"https:\/\/www.cordobatimes.com\/showup\/wp-content\/uploads\/2023\/09\/ZkjZbGEu-34105375.mp4\">https:\/\/www.cordobatimes.com\/showup\/wp-content\/uploads\/2023\/09\/ZkjZbGEu-34105375.mp4<\/a><\/video><\/div>\n<div class=\"recommended-card__info-button recommended-card__info-button--teleshow\"><\/div>\n<\/div>\n<p class=\"paragraph\" data-mrf-recirculation=\"Links inline\">Y luego detall\u00f3: \u201cEs la divisi\u00f3n de traslado de detenidos y custodias de objetivos de la polic\u00eda bonaerense la que concurri\u00f3 al lugar, con un cami\u00f3n de traslado de detenidos, entre otras cosas\u201d. \u201cPensamos que se lo llevaban preso\u201d, se sincer\u00f3 Gra\u00f1a. Y Larghi agreg\u00f3: \u201cS\u00ed, pensamos que est\u00e1bamos frente al momento en que se lo llevaban detenido, pero no. Va a tener custodiada la casa. Son muchas manifestaciones, carteles, de todo&#8230;\u201d. \u201cIgual, va a estar con un polic\u00eda en la puerta. As\u00ed que eso, de alguna manera, va a asegurar que Lotocki no se vaya a cualquier otro lugar\u201d, concluy\u00f3 entonces D\u00edaz.<\/p>\n","protected":false},"excerpt":{"rendered":"<p>El cirujano solicit\u00f3 que instalaran un m\u00f3vil en la puerta de su casa de Olivos, donde el mi\u00e9rcoles se realizar\u00e1 una marcha pac\u00edfica convocada por sus v\u00edctimas. Este lunes, las c\u00e1maras de\u00a0Am\u00e9rica Noticias\u00a0se sorprendieron en vivo al ver llegar un m\u00f3vil policial de traslado de detenidos a la puerta del domicilio de\u00a0An\u00edbal Lotocki, cito sobre [&hellip;]<\/p>\n","protected":false},"author":1,"featured_media":99931,"comment_status":"closed","ping_status":"closed","sticky":false,"template":"","format":"standard","meta":{"_seopress_robots_primary_cat":"","_seopress_titles_title":"","_seopress_titles_desc":"","_seopress_robots_index":"","footnotes":""},"categories":[2],"tags":[38030,38024],"class_list":{"0":"post-100032","1":"post","2":"type-post","3":"status-publish","4":"format-standard","5":"has-post-thumbnail","7":"category-tv","8":"tag-anibal-lotocki-custodia-policial","9":"tag-anibal-lotocki-muerte-de-silvina-luna"},"_links":{"self":[{"href":"https:\/\/www.cordobatimes.com\/showup\/wp-json\/wp\/v2\/posts\/100032","targetHints":{"allow":["GET"]}}],"collection":[{"href":"https:\/\/www.cordobatimes.com\/showup\/wp-json\/wp\/v2\/posts"}],"about":[{"href":"https:\/\/www.cordobatimes.com\/showup\/wp-json\/wp\/v2\/types\/post"}],"author":[{"embeddable":true,"href":"https:\/\/www.cordobatimes.com\/showup\/wp-json\/wp\/v2\/users\/1"}],"replies":[{"embeddable":true,"href":"https:\/\/www.cordobatimes.com\/showup\/wp-json\/wp\/v2\/comments?post=100032"}],"version-history":[{"count":0,"href":"https:\/\/www.cordobatimes.com\/showup\/wp-json\/wp\/v2\/posts\/100032\/revisions"}],"wp:featuredmedia":[{"embeddable":true,"href":"https:\/\/www.cordobatimes.com\/showup\/wp-json\/wp\/v2\/media\/99931"}],"wp:attachment":[{"href":"https:\/\/www.cordobatimes.com\/showup\/wp-json\/wp\/v2\/media?parent=100032"}],"wp:term":[{"taxonomy":"category","embeddable":true,"href":"https:\/\/www.cordobatimes.com\/showup\/wp-json\/wp\/v2\/categories?post=100032"},{"taxonomy":"post_tag","embeddable":true,"href":"https:\/\/www.cordobatimes.com\/showup\/wp-json\/wp\/v2\/tags?post=100032"}],"curies":[{"name":"wp","href":"https:\/\/api.w.org\/{rel}","templated":true}]}}