{"id":100028,"date":"2023-09-04T21:00:48","date_gmt":"2023-09-05T00:00:48","guid":{"rendered":"https:\/\/www.cordobatimes.com\/showup\/?p=100028"},"modified":"2023-09-04T21:00:48","modified_gmt":"2023-09-05T00:00:48","slug":"asi-es-el-estudio-donde-se-realizara-el-bailando-2023","status":"publish","type":"post","link":"https:\/\/www.cordobatimes.com\/showup\/tv\/2023\/09\/04\/asi-es-el-estudio-donde-se-realizara-el-bailando-2023\/","title":{"rendered":"As\u00ed es el estudio donde se realizar\u00e1 el Bailando 2023"},"content":{"rendered":"<h3><strong>En los estudios Cuyo, ubicados en Mart\u00ednez, se llevar\u00e1 a cabo el programa que arranca este lunes por el prime time de Am\u00e9rica<\/strong><\/h3>\n<p>Hay una gran expectativa por el debut del\u00a0Bailando 2023,\u00a0con la conducci\u00f3n de\u00a0Marcelo Tinelli.\u00a0Despu\u00e9s de cuatro a\u00f1os regresa este formato que ya se ha convertido en un cl\u00e1sico de la televisi\u00f3n argentina. La principal novedad es que el programa se estrenar\u00e1 por primera vez por la pantalla de Am\u00e9rica, luego de haberse emitido por El Trece durante muchos a\u00f1os.<\/p>\n<p>Horas antes del lanzamiento, en el ciclo\u00a0Desayuno Americano\u00a0mostraron im\u00e1genes exclusivas de los estudios Cuyo, ubicados en Mart\u00ednez, donde se realiza el ciclo televisivo. En el centro, se encuentra el escenario principal donde se parar\u00e1 el conductor y los participantes bailar\u00e1n los diferentes ritmos. De fondo, pusieron pantallas gigantes que ir\u00e1n cambiando seg\u00fan el momento del programa.<\/p>\n<p>Mientras que en uno de los laterales se encuentra el estrado del jurado integrado por\u00a0\u00c1ngel de Brito, Pampita, Moria Cas\u00e1n y Marcelo Polino.\u00a0Este a\u00f1o, se anunci\u00f3 un cambio hist\u00f3rico en el reglamento del certamen:\u00a0no habr\u00e1 m\u00e1s duelo. De esta manera, los jueces deber\u00e1n elegir a qu\u00e9 pareja salvar entre las que tengan menor puntaje hasta que queden dos que ir\u00e1n directo al voto telef\u00f3nico y ser\u00e1 el p\u00fablico el que decida qui\u00e9n contin\u00faa en el certamen.<\/p>\n<p>Frente al escenario principal est\u00e1 la tribuna donde el p\u00fablico podr\u00e1 ver todo el show. Otra de las novedades es que al costado pusieron la\u00a0cabina del descargo\u00a0con tres sillas. Se trata de un espacio al que ingresar\u00e1n los equipos (bailarines y coach) inmediatamente despu\u00e9s de haberse presentado en la pista y luego de escuchar el puntaje. All\u00ed podr\u00e1n hablar y analizar los sucedido anteriormente. Nadie del estudio los escuchar\u00e1 en vivo: solo los televidentes, excepto que la producci\u00f3n lo alerte a Tinelli para que se acerque.<\/p>\n<p>Denise Dumas,\u00a0la conductora de\u00a0El Debate, hab\u00eda dado detalles de c\u00f3mo ser\u00e1 la din\u00e1mica del programa: \u201cLa producci\u00f3n va a estar trabajando en simult\u00e1neo en tres espacios: en el\u00a0streaming, en el vivo con Marcelo y hay todo un equipo grande de producci\u00f3n que se estar\u00e1 ocupando de La cabina del descargo. Si alg\u00fan participante, por ejemplo, se qued\u00f3 con ganas de decirle algo al jurado, lo expresa en ese lugar y si la producci\u00f3n lo determina, se le muestra al jurado al aire\u201d.<\/p>\n<p>Este lunes a las 21:45 arrancar\u00e1 el\u00a0Bailando\u00a0con una gran apertura en la que participan\u00a0Pampita\u00a0Ardohain, Flor Vigna y Paula Chaves. Para esta temporada, el int\u00e9rprete de la canci\u00f3n de dar\u00e1 comienzo al popular ser\u00e1\u00a0Cristian Castro\u00a0y fue el propio Marcelo Tinelli el que lo anunci\u00f3: \u201cQu\u00e9 lujazo, por Dios, que la haga un amigo y una de las grandes estrellas de la canci\u00f3n en el mundo\u201d.<\/p>\n<p>Tambi\u00e9n habr\u00e1 un tres humoristas que realizar\u00e1n imitaciones de los candidatos presidenciales: seg\u00fan inform\u00f3 \u00c1ngel de Brito,\u00a0Freddy Villarreal\u00a0interpretar\u00e1 a\u00a0Javier Milei;\u00a0F\u00e1tima Florez\u00a0-que estuvo la semana pasada en Am\u00e9rica y\u00a0habl\u00f3 por primera vez de su relaci\u00f3n con el referente de La Libertad Avanza- lo har\u00e1 con\u00a0Patricia Bullrich; y\u00a0Roberto Pe\u00f1a\u00a0interpretar\u00e1 a\u00a0Sergio Massa.<\/p>\n<p>Habr\u00e1 30 parejas en el certamen de baile y\u00a0Noelia Pompa, la bicampeona del\u00a0Bailando,\u00a0es la encargada de abrir la pista. Tambi\u00e9n participan del ciclo Flor Vigna, El Tirri, Lourdes S\u00e1nchez, Anita M\u00e1rt\u00ednez, el Bicho G\u00f3mez, Camila Homs, Coty Romero, Noel Barrionuevo, Tom\u00e1s Holder, Eva Bargiela, Guido Z\u00e1ffora, Fernanda Sosa, Anabel S\u00e1nchez, M\u00f3nica Farro, Yeyo De Gregorio y Martu Morales, Mart\u00edn Salwe y Milett Figueroa, Lola Latorre, Juli Castro, Ian Hachmann y Arna Karls, Kennys Palacios, Romina Malaspina, Coki Ram\u00edrez, Juliana D\u00edaz, Maxi De la Cruz, Romina Uhrig, Brian Sarmiento, El Conejo Quiroga, Charlotte Caniggia y Lali Gonz\u00e1lez.<\/p>\n<div style=\"width: 320px;\" class=\"wp-video\"><video class=\"wp-video-shortcode\" id=\"video-100028-1\" width=\"320\" height=\"180\" preload=\"metadata\" controls=\"controls\"><source type=\"video\/mp4\" src=\"https:\/\/www.cordobatimes.com\/showup\/wp-content\/uploads\/2023\/09\/3yTPFa9O-34105375.mp4?_=1\" \/><a href=\"https:\/\/www.cordobatimes.com\/showup\/wp-content\/uploads\/2023\/09\/3yTPFa9O-34105375.mp4\">https:\/\/www.cordobatimes.com\/showup\/wp-content\/uploads\/2023\/09\/3yTPFa9O-34105375.mp4<\/a><\/video><\/div>\n","protected":false},"excerpt":{"rendered":"<p>En los estudios Cuyo, ubicados en Mart\u00ednez, se llevar\u00e1 a cabo el programa que arranca este lunes por el prime time de Am\u00e9rica Hay una gran expectativa por el debut del\u00a0Bailando 2023,\u00a0con la conducci\u00f3n de\u00a0Marcelo Tinelli.\u00a0Despu\u00e9s de cuatro a\u00f1os regresa este formato que ya se ha convertido en un cl\u00e1sico de la televisi\u00f3n argentina. La [&hellip;]<\/p>\n","protected":false},"author":1,"featured_media":100029,"comment_status":"closed","ping_status":"closed","sticky":false,"template":"","format":"standard","meta":{"_seopress_robots_primary_cat":"","_seopress_titles_title":"","_seopress_titles_desc":"","_seopress_robots_index":"","footnotes":""},"categories":[2],"tags":[38029,38028],"class_list":{"0":"post-100028","1":"post","2":"type-post","3":"status-publish","4":"format-standard","5":"has-post-thumbnail","7":"category-tv","8":"tag-el-bailando-2023","9":"tag-estudio-donde-se-realizara-el-bailando-2023"},"_links":{"self":[{"href":"https:\/\/www.cordobatimes.com\/showup\/wp-json\/wp\/v2\/posts\/100028","targetHints":{"allow":["GET"]}}],"collection":[{"href":"https:\/\/www.cordobatimes.com\/showup\/wp-json\/wp\/v2\/posts"}],"about":[{"href":"https:\/\/www.cordobatimes.com\/showup\/wp-json\/wp\/v2\/types\/post"}],"author":[{"embeddable":true,"href":"https:\/\/www.cordobatimes.com\/showup\/wp-json\/wp\/v2\/users\/1"}],"replies":[{"embeddable":true,"href":"https:\/\/www.cordobatimes.com\/showup\/wp-json\/wp\/v2\/comments?post=100028"}],"version-history":[{"count":0,"href":"https:\/\/www.cordobatimes.com\/showup\/wp-json\/wp\/v2\/posts\/100028\/revisions"}],"wp:featuredmedia":[{"embeddable":true,"href":"https:\/\/www.cordobatimes.com\/showup\/wp-json\/wp\/v2\/media\/100029"}],"wp:attachment":[{"href":"https:\/\/www.cordobatimes.com\/showup\/wp-json\/wp\/v2\/media?parent=100028"}],"wp:term":[{"taxonomy":"category","embeddable":true,"href":"https:\/\/www.cordobatimes.com\/showup\/wp-json\/wp\/v2\/categories?post=100028"},{"taxonomy":"post_tag","embeddable":true,"href":"https:\/\/www.cordobatimes.com\/showup\/wp-json\/wp\/v2\/tags?post=100028"}],"curies":[{"name":"wp","href":"https:\/\/api.w.org\/{rel}","templated":true}]}}