{"id":100010,"date":"2023-08-31T20:01:46","date_gmt":"2023-08-31T23:01:46","guid":{"rendered":"https:\/\/www.cordobatimes.com\/showup\/?p=100010"},"modified":"2023-08-31T20:01:46","modified_gmt":"2023-08-31T23:01:46","slug":"jorge-rial-y-un-fuerte-editorial-por-la-muerte-de-silvina-luna-no-murio-la-mataron","status":"publish","type":"post","link":"https:\/\/www.cordobatimes.com\/showup\/tv\/2023\/08\/31\/jorge-rial-y-un-fuerte-editorial-por-la-muerte-de-silvina-luna-no-murio-la-mataron\/","title":{"rendered":"Jorge Rial y un fuerte editorial por la muerte de Silvina Luna: \u201cNo muri\u00f3, la mataron\u201d"},"content":{"rendered":"<h3><strong>El conductor arranc\u00f3 su programa Argenzuela con una fuerte declaraci\u00f3n apenas dos horas despu\u00e9s que se conociera el fallecimiento de la modelo<\/strong><\/h3>\n<p>Durante el mediod\u00eda de este jueves se conoci\u00f3 la triste noticia de\u00a0<b>la muerte de Silvina Luna.<\/b>\u00a0Si bien era un desenlace esperado por el estado cr\u00edtico en el que se encontraba desde hace dos meses, y mas aun desde las \u00faltimas horas, la informaci\u00f3n\u00a0<b>caus\u00f3 conmoci\u00f3n en todo el ambiente art\u00edstico y en sus seguidores.<\/b><\/p>\n<p class=\"paragraph\" data-mrf-recirculation=\"Links inline\">En ese contexto, los programas de televisi\u00f3n fueron cambiando su rutina habitual para dar paso al suceso del d\u00eda. As\u00ed fue que en el comienzo de<i>\u00a0Argenzuela,<\/i>\u00a0por C5N<b>, Jorge Rial<\/b>\u00a0hizo un editorial dedicado a la exgran hermano con una declaraci\u00f3n contundente.\u00a0<b>\u201cSilvina Luna no muri\u00f3. A Silvina Luna la mataron\u201d<\/b>, indic\u00f3 en tono firme. Y agreg\u00f3: \u201cArranquemos por ah\u00ed, cualquier cosa que se diga en estos d\u00edas y a partir de ahora tiene que empezar por ah\u00ed. Primero,\u00a0<b>Justicia por Silvina, y segundo, Silvina no muri\u00f3, a Silvina la mataron\u201d<\/b>, reiter\u00f3.<\/p>\n<p class=\"paragraph\" data-mrf-recirculation=\"Links inline\">Enseguida, dio explicaciones acerca de sus dichos.\u00a0<b>\u201cLa mat\u00f3 la mala praxis<\/b>, por eso no nos quedemos con que Silvina muri\u00f3 solamente, porque ella muere por la mala praxis de Lotocki.\u00a0<b>Hace a\u00f1os que ven\u00eda denunciando a Lotocki en los medios,<\/b>\u00a0no se pudo hacer nada por ella.<b>\u00a0Lotocki la hab\u00eda envenenado, le hab\u00eda destruido el cuerpo,<\/b>\u00a0di\u00e1lisis, dos meses de internaci\u00f3n, con todo lo que significa estar internada, en una unidad de cuidados intensivos, pero el responsable tiene cara y lo est\u00e1s viendo ac\u00e1\u201d, destac\u00f3 el periodista.<\/p>\n<p class=\"paragraph\" data-mrf-recirculation=\"Links inline\">Luego, m\u00e1s adelante continu\u00f3: \u201cHay tantos otros m\u00e9dicos que ejercen la profesi\u00f3n tan deslealmente como \u00e9l, pero<b>\u00a0tambi\u00e9n es culpa de una Justicia lenta,<\/b>\u00a0que est\u00e1 llevando adelante los expedientes de una manera espantosa, es culpa tambi\u00e9n de los propios m\u00e9dicos que subren a gente como ellos. Lamentablemente Silvina no muri\u00f3, la mataron. Y del otro lado est\u00e1 la Trenchi que fue una de las primeras en denunciar, y despu\u00e9s la muerte de Mariano Caprarola totalmente inesperada\u201d.<\/p>\n<p class=\"paragraph\" data-mrf-recirculation=\"Links inline\">Ya en los \u00faltimos d\u00edas, despu\u00e9s de haber contraido Covid, su salud no volvi\u00f3 a recuperarse. Su hermano Ezequiel, quien se mantuvo a su lado todo el tiempo, no concedi\u00f3 notas a los medios period\u00edsticos, pero cada tanto se comunicaba v\u00eda mensajer\u00eda instant\u00e1nea con<b>\u00a0\u00c1ngel De Brito,<\/b>\u00a0quien manten\u00eda informada a la audiencia de los devenires de su estado de salud.<\/p>\n<p class=\"paragraph\" data-mrf-recirculation=\"Links inline\">Entre sus amigos m\u00e1s \u00edntimos, como\u00a0<b>Gustavo Conti<\/b>\u00a0y el mismo De Brito, en la noche del mi\u00e9rcoles se divulg\u00f3 la informaci\u00f3n de que\u00a0<b>el cuadro de Silvina se hab\u00eda agravado y que era muy cr\u00edtico<\/b>. Sin embargo, sus seres queridos continuaron con las cadenas de oraci\u00f3n que ven\u00edan haciendo desde hace dos meses y medio cuando la modelo tuvo que ser hospitalizada en el nosocomio de la ciudad de Buenos Aires<\/p>\n<div style=\"width: 320px;\" class=\"wp-video\"><video class=\"wp-video-shortcode\" id=\"video-100010-1\" width=\"320\" height=\"180\" preload=\"metadata\" controls=\"controls\"><source type=\"video\/mp4\" src=\"https:\/\/www.cordobatimes.com\/showup\/wp-content\/uploads\/2023\/08\/uD4SRjIz-34105375.mp4?_=1\" \/><a href=\"https:\/\/www.cordobatimes.com\/showup\/wp-content\/uploads\/2023\/08\/uD4SRjIz-34105375.mp4\">https:\/\/www.cordobatimes.com\/showup\/wp-content\/uploads\/2023\/08\/uD4SRjIz-34105375.mp4<\/a><\/video><\/div>\n","protected":false},"excerpt":{"rendered":"<p>El conductor arranc\u00f3 su programa Argenzuela con una fuerte declaraci\u00f3n apenas dos horas despu\u00e9s que se conociera el fallecimiento de la modelo Durante el mediod\u00eda de este jueves se conoci\u00f3 la triste noticia de\u00a0la muerte de Silvina Luna.\u00a0Si bien era un desenlace esperado por el estado cr\u00edtico en el que se encontraba desde hace dos [&hellip;]<\/p>\n","protected":false},"author":1,"featured_media":100011,"comment_status":"closed","ping_status":"closed","sticky":false,"template":"","format":"standard","meta":{"_seopress_robots_primary_cat":"","_seopress_titles_title":"","_seopress_titles_desc":"","_seopress_robots_index":"","footnotes":""},"categories":[2],"tags":[38022,38021],"class_list":{"0":"post-100010","1":"post","2":"type-post","3":"status-publish","4":"format-standard","5":"has-post-thumbnail","7":"category-tv","8":"tag-jorge-rial-silvina-luna","9":"tag-meurte-de-silvina-luna"},"_links":{"self":[{"href":"https:\/\/www.cordobatimes.com\/showup\/wp-json\/wp\/v2\/posts\/100010","targetHints":{"allow":["GET"]}}],"collection":[{"href":"https:\/\/www.cordobatimes.com\/showup\/wp-json\/wp\/v2\/posts"}],"about":[{"href":"https:\/\/www.cordobatimes.com\/showup\/wp-json\/wp\/v2\/types\/post"}],"author":[{"embeddable":true,"href":"https:\/\/www.cordobatimes.com\/showup\/wp-json\/wp\/v2\/users\/1"}],"replies":[{"embeddable":true,"href":"https:\/\/www.cordobatimes.com\/showup\/wp-json\/wp\/v2\/comments?post=100010"}],"version-history":[{"count":0,"href":"https:\/\/www.cordobatimes.com\/showup\/wp-json\/wp\/v2\/posts\/100010\/revisions"}],"wp:featuredmedia":[{"embeddable":true,"href":"https:\/\/www.cordobatimes.com\/showup\/wp-json\/wp\/v2\/media\/100011"}],"wp:attachment":[{"href":"https:\/\/www.cordobatimes.com\/showup\/wp-json\/wp\/v2\/media?parent=100010"}],"wp:term":[{"taxonomy":"category","embeddable":true,"href":"https:\/\/www.cordobatimes.com\/showup\/wp-json\/wp\/v2\/categories?post=100010"},{"taxonomy":"post_tag","embeddable":true,"href":"https:\/\/www.cordobatimes.com\/showup\/wp-json\/wp\/v2\/tags?post=100010"}],"curies":[{"name":"wp","href":"https:\/\/api.w.org\/{rel}","templated":true}]}}