{"id":5,"name":"Dario Rizzi","url":"","description":"Cordob\u00e9s, 30 a\u00f1os, Licenciado en Comunicaci\u00f3n Social. Jefe de Redacci\u00f3n de la Edici\u00f3n General en C\u00f3rdoba Times. Community Manager \/\/ Twitter: @dariorizziok \/\/ email: dario@cordobatimes.com","link":"https:\/\/www.cordobatimes.com\/deportes\/author\/dariorizzi\/","slug":"dariorizzi","avatar_urls":{"24":"https:\/\/secure.gravatar.com\/avatar\/73b4eec4089294d46de65bf11d7780cf6c8e7091b28f49073160de6260435235?s=24&d=mm&r=g","48":"https:\/\/secure.gravatar.com\/avatar\/73b4eec4089294d46de65bf11d7780cf6c8e7091b28f49073160de6260435235?s=48&d=mm&r=g","96":"https:\/\/secure.gravatar.com\/avatar\/73b4eec4089294d46de65bf11d7780cf6c8e7091b28f49073160de6260435235?s=96&d=mm&r=g"},"meta":[],"_links":{"self":[{"href":"https:\/\/www.cordobatimes.com\/deportes\/wp-json\/wp\/v2\/users\/5","targetHints":{"allow":["GET"]}}],"collection":[{"href":"https:\/\/www.cordobatimes.com\/deportes\/wp-json\/wp\/v2\/users"}]}}