{"id":9964,"date":"2014-03-19T11:59:40","date_gmt":"2014-03-19T14:59:40","guid":{"rendered":"http:\/\/www.cordobatimes.com\/deportes\/?p=9964"},"modified":"2014-03-19T11:59:40","modified_gmt":"2014-03-19T14:59:40","slug":"la-acamm-vino-a-quedarse-este-finde-vuelve-cage","status":"publish","type":"post","link":"https:\/\/www.cordobatimes.com\/deportes\/futbol\/2014\/03\/19\/la-acamm-vino-a-quedarse-este-finde-vuelve-cage\/","title":{"rendered":"La ACAMM vino a quedarse: este finde vuelve &#8220;Cage&#8221;"},"content":{"rendered":"<h3 style=\"text-align: justify;\"><a href=\"http:\/\/www.cordobatimes.com\/deportes\/wp-content\/uploads\/2014\/03\/1274202_433318326779318_449221653_o.jpg\"><img loading=\"lazy\" decoding=\"async\" class=\"alignnone  wp-image-9975\" alt=\"1274202_433318326779318_449221653_o\" src=\"http:\/\/www.cordobatimes.com\/deportes\/wp-content\/uploads\/2014\/03\/1274202_433318326779318_449221653_o-300x208.jpg\" width=\"640\" height=\"420\" data-id=\"9975\" \/><\/a><\/h3>\n<h3 style=\"text-align: justify;\"><b>Est\u00e1 todo listo para que el pr\u00f3ximo viernes 21 de marzo se realice una nueva edici\u00f3n de esta importante competencia que est\u00e1 ganando su lugar en C\u00f3rdoba. Enterate de todas las novedades en esta nota.<\/b><\/h3>\n<p style=\"text-align: justify;\">Cada vez son m\u00e1s quienes participan y gustan de esta disciplina, y en C\u00f3rdoba, las <strong>MMA (Artes Marciales Mixtas)<\/strong> tienen un marco legal que acompa\u00f1a a los competidores planificando eventos oficiales.<\/p>\n<p style=\"text-align: justify;\">La <strong>Asociaci\u00f3n Cordobesa de Artes Marciales Mixtas (ACAMM)<\/strong> es una entidad sin fines de lucro que persigue como objetivo principal el fomentar y posicionar\u00a0este deporte a nivel nacional, y al parecer va por el buen camino.<\/p>\n<p style=\"text-align: justify;\">Esta asociaci\u00f3n cuenta con el aval del <strong>Gobierno Provincial<\/strong> para la organizaci\u00f3n y difusi\u00f3n de eventos y torneos como es el caso de <strong>\u201cCAGE\u201d<\/strong>, que se realiz\u00f3 el a\u00f1o pasado y fue el primer acontecimiento realizado por la <strong>ACAMM<\/strong> en nuestra ciudad.<\/p>\n<p style=\"text-align: justify;\">Este a\u00f1o, llega <strong>CAGE 2<\/strong>: la segunda edici\u00f3n de esta competencia que tiene como protagonistas a los mejores exponentes de MMA de la provincia.<\/p>\n<p style=\"text-align: justify;\">En una entrevista exclusiva con el secretario de la ACAMM, <strong>Alejandro Achaval<\/strong>, nos cont\u00f3 acerca de este convocante evento que se dar\u00e1 cita en el pr\u00f3ximo 21 de marzo en <strong>Sociedad Belgrano<\/strong> (Leandro N. Alem 1700) un lugar muy ligado a la historia del boxeo en C\u00f3rdoba.<\/p>\n<p style=\"text-align: justify;\">En esta ocasi\u00f3n, la pelea central es por el<strong> T\u00edtulo de 60 kg. de la Asociaci\u00f3n Cordobesa de Artes Marciales Mixtas<\/strong>, en la que <strong>Mart\u00edn Maldonado<\/strong> y <strong>Alexis Vera<\/strong> medir\u00e1n fuerzas por el preciado cintur\u00f3n.<\/p>\n<p style=\"text-align: justify;\">Adem\u00e1s el torneo ser\u00e1 galardonado por 7 peleas m\u00e1s protagonizadas por peleadores del m\u00e1s alto nivel. Estuvimos adem\u00e1s con dos de ellos, <strong>Jorge Centuri\u00f3n<\/strong> (categor\u00eda 80 kg.) y <strong>Mat\u00edas Arellano<\/strong> (categor\u00eda 75 kg.) quienes nos comentaron acerca del duro entrenamiento que tienen diariamente.<\/p>\n<p style=\"text-align: justify;\">Ambos llevan a\u00f1os entren\u00e1ndose para competir, y su preparaci\u00f3n es de lo m\u00e1s completa en t\u00e9cnicas de sumisi\u00f3n y kick.<\/p>\n<p style=\"text-align: justify;\"><strong>Achaval<\/strong> nos asegur\u00f3 que la <strong>ACAMM<\/strong> tiene programadas otras dos ediciones m\u00e1s de <strong>CAGE<\/strong>, una en <strong>Carlos Paz<\/strong> (12 de abril) y otra en <strong>Alta Gracia<\/strong> (17 de mayo), al igual que quedan otras 4 m\u00e1s por confirmar.<\/p>\n<p style=\"text-align: justify;\">Las entradas para este viernes est\u00e1n disponibles en <strong>Autoentrada<\/strong>, pero <strong>C\u00f3rdoba Times<\/strong> sortear\u00e1 dos pases para esta nueva<strong> &#8220;noche en la Jaula&#8221;<\/strong>. \u00a1NO TE LO PIERDAS!<\/p>\n<p style=\"text-align: justify;\"><a href=\"http:\/\/www.cordobatimes.com\/deportes\/wp-content\/uploads\/2014\/03\/1782427_10152755088131164_1288175478_o.jpg\"><img loading=\"lazy\" decoding=\"async\" class=\"alignnone size-medium wp-image-9966\" alt=\"1782427_10152755088131164_1288175478_o\" src=\"http:\/\/www.cordobatimes.com\/deportes\/wp-content\/uploads\/2014\/03\/1782427_10152755088131164_1288175478_o-300x128.jpg\" width=\"300\" height=\"128\" data-id=\"9966\" srcset=\"https:\/\/www.cordobatimes.com\/deportes\/wp-content\/uploads\/2014\/03\/1782427_10152755088131164_1288175478_o-300x128.jpg 300w, https:\/\/www.cordobatimes.com\/deportes\/wp-content\/uploads\/2014\/03\/1782427_10152755088131164_1288175478_o-1024x437.jpg 1024w, https:\/\/www.cordobatimes.com\/deportes\/wp-content\/uploads\/2014\/03\/1782427_10152755088131164_1288175478_o.jpg 1500w\" sizes=\"auto, (max-width: 300px) 100vw, 300px\" \/><\/a><\/p>\n<p style=\"text-align: justify;\">[cycloneslider id=&#8221;cage&#8221;]<\/p>\n<p style=\"text-align: justify;\">\n<p style=\"text-align: justify;\">\n","protected":false},"excerpt":{"rendered":"<p>Est\u00e1 todo listo para que el pr\u00f3ximo viernes 21 de marzo se realice una nueva edici\u00f3n de esta importante competencia que est\u00e1 ganando su lugar en C\u00f3rdoba. Enterate de todas las novedades en esta nota. Cada vez son m\u00e1s quienes participan y gustan de esta disciplina, y en C\u00f3rdoba, las MMA (Artes Marciales Mixtas) tienen [&hellip;]<\/p>\n","protected":false},"author":20,"featured_media":9975,"comment_status":"open","ping_status":"open","sticky":false,"template":"","format":"standard","meta":{"_seopress_robots_primary_cat":"","_seopress_titles_title":"","_seopress_titles_desc":"","_seopress_robots_index":"","footnotes":""},"categories":[2],"tags":[2193,2194,2198,2201,2192,2199,2196,2195,2200,2197],"class_list":["post-9964","post","type-post","status-publish","format-standard","has-post-thumbnail","hentry","category-futbol","tag-acamm","tag-alejandro-achaval","tag-artes-marciales-mixtas","tag-autoentrada","tag-cage","tag-cage-2","tag-diego-visotzki","tag-martin-maldonado","tag-sociedad-belgrano","tag-toro-visotzki"],"_links":{"self":[{"href":"https:\/\/www.cordobatimes.com\/deportes\/wp-json\/wp\/v2\/posts\/9964","targetHints":{"allow":["GET"]}}],"collection":[{"href":"https:\/\/www.cordobatimes.com\/deportes\/wp-json\/wp\/v2\/posts"}],"about":[{"href":"https:\/\/www.cordobatimes.com\/deportes\/wp-json\/wp\/v2\/types\/post"}],"author":[{"embeddable":true,"href":"https:\/\/www.cordobatimes.com\/deportes\/wp-json\/wp\/v2\/users\/20"}],"replies":[{"embeddable":true,"href":"https:\/\/www.cordobatimes.com\/deportes\/wp-json\/wp\/v2\/comments?post=9964"}],"version-history":[{"count":0,"href":"https:\/\/www.cordobatimes.com\/deportes\/wp-json\/wp\/v2\/posts\/9964\/revisions"}],"wp:featuredmedia":[{"embeddable":true,"href":"https:\/\/www.cordobatimes.com\/deportes\/wp-json\/wp\/v2\/media\/9975"}],"wp:attachment":[{"href":"https:\/\/www.cordobatimes.com\/deportes\/wp-json\/wp\/v2\/media?parent=9964"}],"wp:term":[{"taxonomy":"category","embeddable":true,"href":"https:\/\/www.cordobatimes.com\/deportes\/wp-json\/wp\/v2\/categories?post=9964"},{"taxonomy":"post_tag","embeddable":true,"href":"https:\/\/www.cordobatimes.com\/deportes\/wp-json\/wp\/v2\/tags?post=9964"}],"curies":[{"name":"wp","href":"https:\/\/api.w.org\/{rel}","templated":true}]}}