{"id":9937,"date":"2014-03-18T11:38:00","date_gmt":"2014-03-18T14:38:00","guid":{"rendered":"http:\/\/www.cordobatimes.com\/deportes\/?p=9937"},"modified":"2014-03-18T11:38:00","modified_gmt":"2014-03-18T14:38:00","slug":"lanus-gano-en-el-cierre-de-la-fecha","status":"publish","type":"post","link":"https:\/\/www.cordobatimes.com\/deportes\/futbol\/2014\/03\/18\/lanus-gano-en-el-cierre-de-la-fecha\/","title":{"rendered":"Lan\u00fas gan\u00f3 en el cierre de la fecha"},"content":{"rendered":"<h3 style=\"text-align: justify;\"><strong><a href=\"http:\/\/www.cordobatimes.com\/deportes\/wp-content\/uploads\/2014\/03\/Lan\u00fas.jpg\"><img loading=\"lazy\" decoding=\"async\" class=\"size-full wp-image-9938 aligncenter\" alt=\"Lan\u00fas\" src=\"http:\/\/www.cordobatimes.com\/deportes\/wp-content\/uploads\/2014\/03\/Lan\u00fas.jpg\" width=\"639\" height=\"295\" data-id=\"9938\" srcset=\"https:\/\/www.cordobatimes.com\/deportes\/wp-content\/uploads\/2014\/03\/Lan\u00fas.jpg 639w, https:\/\/www.cordobatimes.com\/deportes\/wp-content\/uploads\/2014\/03\/Lan\u00fas-300x138.jpg 300w\" sizes=\"auto, (max-width: 639px) 100vw, 639px\" \/><\/a><\/strong><\/h3>\n<h3 style=\"text-align: justify;\"><strong>El Granate derrot\u00f3 1-0 a Quilmes, lo hundi\u00f3 en descenso directo y, con los tres puntos en el bolsillo, se prendi\u00f3 en la pelea por el Torneo Final, quedando a dos de los l\u00edderes, Col\u00f3n y Estudiantes. El \u00fanico gol lo anot\u00f3 Pereyra D\u00edaz.<\/strong><\/h3>\n<p style=\"text-align: justify;\">\n<p style=\"text-align: justify;\">Luego de una intensa actividad el fin de semana, el \u00fanico partido que quedaba por jugar en la octava fecha se disput\u00f3 en el Sur del Gran Buenos Aires, donde el equipo dirigido por Guillermo Barros Schelotto se repuso de la ca\u00edda por Copa Libertadores entre semana. Enfrente ten\u00eda al duro sistema t\u00e1ctico de Ricardo Caruso Lombardi, que intent\u00f3 como pudo resistir la igualdad y hasta llevarse un premio mayor pero las acciones del juego terminaron dando por ganador al que m\u00e1s busc\u00f3.<\/p>\n<p style=\"text-align: justify;\">A los 28` del complemento, Jorge Pereyra D\u00edaz conect\u00f3 un centro enviado desde la derecha y su cabezazo se le meti\u00f3 al arquero Silvio Dulcich, en lo que fue la \u00fanica conquista de la tarde-noche de lunes. Con el triunfo consumado, Lan\u00fas lleg\u00f3 a 13 unidades en el campeonato, muy cerca de los punteros Col\u00f3n y Estudiantes que tienen 15. Por su parte, el Cervecero qued\u00f3 ante\u00faltimo en ambas tablas, la de posiciones del actual certamen y aquella que indica quienes descender\u00edan a la B Nacional.<\/p>\n<p>\u00a0<iframe loading=\"lazy\" src=\"\/\/www.youtube.com\/embed\/eytnfJbSC3c\" height=\"315\" width=\"560\" allowfullscreen=\"\" frameborder=\"0\"><\/iframe><\/p>\n","protected":false},"excerpt":{"rendered":"<p>El Granate derrot\u00f3 1-0 a Quilmes, lo hundi\u00f3 en descenso directo y, con los tres puntos en el bolsillo, se prendi\u00f3 en la pelea por el Torneo Final, quedando a dos de los l\u00edderes, Col\u00f3n y Estudiantes. El \u00fanico gol lo anot\u00f3 Pereyra D\u00edaz. Luego de una intensa actividad el fin de semana, el \u00fanico [&hellip;]<\/p>\n","protected":false},"author":2,"featured_media":9938,"comment_status":"open","ping_status":"open","sticky":false,"template":"","format":"standard","meta":{"_seopress_robots_primary_cat":"","_seopress_titles_title":"","_seopress_titles_desc":"","_seopress_robots_index":"","footnotes":""},"categories":[2,16],"tags":[33,350,73,99,1816],"class_list":["post-9937","post","type-post","status-publish","format-standard","has-post-thumbnail","hentry","category-futbol","category-primera-division","tag-afa","tag-descenso","tag-lanus","tag-quilmes","tag-torneo-final"],"_links":{"self":[{"href":"https:\/\/www.cordobatimes.com\/deportes\/wp-json\/wp\/v2\/posts\/9937","targetHints":{"allow":["GET"]}}],"collection":[{"href":"https:\/\/www.cordobatimes.com\/deportes\/wp-json\/wp\/v2\/posts"}],"about":[{"href":"https:\/\/www.cordobatimes.com\/deportes\/wp-json\/wp\/v2\/types\/post"}],"author":[{"embeddable":true,"href":"https:\/\/www.cordobatimes.com\/deportes\/wp-json\/wp\/v2\/users\/2"}],"replies":[{"embeddable":true,"href":"https:\/\/www.cordobatimes.com\/deportes\/wp-json\/wp\/v2\/comments?post=9937"}],"version-history":[{"count":0,"href":"https:\/\/www.cordobatimes.com\/deportes\/wp-json\/wp\/v2\/posts\/9937\/revisions"}],"wp:featuredmedia":[{"embeddable":true,"href":"https:\/\/www.cordobatimes.com\/deportes\/wp-json\/wp\/v2\/media\/9938"}],"wp:attachment":[{"href":"https:\/\/www.cordobatimes.com\/deportes\/wp-json\/wp\/v2\/media?parent=9937"}],"wp:term":[{"taxonomy":"category","embeddable":true,"href":"https:\/\/www.cordobatimes.com\/deportes\/wp-json\/wp\/v2\/categories?post=9937"},{"taxonomy":"post_tag","embeddable":true,"href":"https:\/\/www.cordobatimes.com\/deportes\/wp-json\/wp\/v2\/tags?post=9937"}],"curies":[{"name":"wp","href":"https:\/\/api.w.org\/{rel}","templated":true}]}}