{"id":9768,"date":"2014-03-15T21:30:42","date_gmt":"2014-03-16T00:30:42","guid":{"rendered":"http:\/\/www.cordobatimes.com\/deportes\/?p=9768"},"modified":"2014-03-15T21:30:42","modified_gmt":"2014-03-16T00:30:42","slug":"rossi-el-poleman","status":"publish","type":"post","link":"https:\/\/www.cordobatimes.com\/deportes\/automovilismo\/2014\/03\/15\/rossi-el-poleman\/","title":{"rendered":"Rossi, el poleman"},"content":{"rendered":"<h3 style=\"text-align: justify;\"><a href=\"http:\/\/www.cordobatimes.com\/deportes\/wp-content\/uploads\/2014\/03\/rossi.jpg\"><img loading=\"lazy\" decoding=\"async\" class=\"alignnone size-full wp-image-9769\" alt=\"rossi\" src=\"http:\/\/www.cordobatimes.com\/deportes\/wp-content\/uploads\/2014\/03\/rossi.jpg\" width=\"620\" height=\"465\" data-id=\"9769\" srcset=\"https:\/\/www.cordobatimes.com\/deportes\/wp-content\/uploads\/2014\/03\/rossi.jpg 620w, https:\/\/www.cordobatimes.com\/deportes\/wp-content\/uploads\/2014\/03\/rossi-300x225.jpg 300w\" sizes=\"auto, (max-width: 620px) 100vw, 620px\" \/><\/a><\/h3>\n<h3 style=\"text-align: justify;\">Mat\u00edas Rossi captur\u00f3 las dos actividades de la jornada para la Clase Tres de Turismo Nacional, al obtener la pole position v\u00e1lida para la segunda fecha del Campeonato Argentino 2014 que tendr\u00e1, en el d\u00eda de ma\u00f1ana, la disputa de series y la posterior final. Cronometrando 1.37.922\/1000, posterg\u00f3 a Bruno Bosio por dos d\u00e9cimas. Diego Mungi, en tanto, cerr\u00f3 una excelsa clasificatoria al ubicarse tercero.<\/h3>\n<p style=\"text-align: justify;\">\n<p style=\"text-align: justify;\">\nEl Grupo B abri\u00f3 la actividad en pista, siendo Bruno Bosio el claro dominador al cronometrar 1.38.146\/1000. Detr\u00e1s se encolumnaron Pablo Merayo, Esteban Tuero, Fabian Yannantuoni (estrenando un Renault M\u00e9gane RS) e Ignacio Char, quienes pasaron a ser los primeros referentes de la etapa clasificatoria inicial.<\/p>\n<p style=\"text-align: justify;\">Con la salida del Grupo C, quien m\u00e1s se aproxim\u00f3 a Bosio fue Mat\u00edas Cohen, quien pasaba a ser tercero; y Mat\u00edas Machuca, cuarto hasta este entonces. Claudio Viana colocaba a su Ford Focus en la quinta posici\u00f3n, por delante de Tuero y Yannantuoni, quienes ya hab\u00edan clasificado en el anterior corte. Hasta este momento, Bosio se impon\u00eda a Merayo, Cohen, Machuca y Viana.<\/p>\n<p style=\"text-align: justify;\">La etapa clasificatoria cerraba con el Grupo A, en donde surgieron las novedades necesarias. Mat\u00edas Rossi lograba un registro de 1.37.922\/1000, necesario para sacarle por dos d\u00e9cimas la posici\u00f3n de privilegio a Bruno Bosio. Pero, en un excelente trabajo del equipo Citroen Boero Carrera Pro, Diego Mungi se colocaba en la segunda posici\u00f3n del grupo y en la tercera del general. Junto con el cordob\u00e9s, avanzaban en el clasificador Mat\u00edas Mu\u00f1oz Marchesi y Mariano Werner, quien clasificaba en un importante quinto puesto por delante de Facundo Chapur, l\u00edder actual de la tabla anual.<\/p>\n<p style=\"text-align: justify;\">\nCon estas alternativas, Rossi gan\u00f3 la clasificatoria sobre Bosio, Mungi, Mu\u00f1oz Marchesi y Werner, en una etapa que tuvo a 25 de los 45 autos ordenados en el primer segundo de diferencia, en un nuevo ejemplo claro de paridad e igualdad entre los distintos modelos que hoy forman parte del nutrido parque de la Clase Tres.<\/p>\n<p style=\"text-align: justify;\">\nLas series ser\u00e1n en el d\u00eda de ma\u00f1ana, a partir de las 09.30 horas. En la primera serie partir\u00e1 en punta Mat\u00edas Rossi, seguido Mat\u00edas Mu\u00f1oz Marchesi, Marcelo Gonzalez, Leonel Larrauri y Pablo Merayo. En el segundo corte, partir\u00e1 primero Bruno Bosio, seguido de Mariano Werner, Jonatan Castellano, Mauro Giallombardo y Fabian Pisandelli. En tanto, la tercera serie tendr\u00e1 a Diego Mungi partiendo delante de Facundo Chapur, Juli\u00e1n Flamarique, Juan Pipkin y Mat\u00edas Cohen.<em id=\"__mceDel\"><\/p>\n<p><\/em><strong>\u00a0Clasificacion Turismo Nacional C3<\/strong><em id=\"__mceDel\"><\/p>\n<p><\/em>1. Rossi (C4), 1.37.922<br \/>\n2. Bosio B. (Focus), a 0.224<br \/>\n3. Mungi (C4), a 0.232<br \/>\n4. Mu\u00f1oz Marchesi (Cruze), a 0.234<br \/>\n5. Werner (308), a 0.313<br \/>\n6. Chapur (308), a 0.322<br \/>\n7. Gonzalez (307), a 0.414<br \/>\n8. Castellano (Vectra), a 0.461<br \/>\n9. Flamarique (Cruze), a 0.519<br \/>\n10. Larrauri (New Civic), a 0.532<em id=\"__mceDel\"><\/p>\n<p><\/em><\/p>\n<h6 style=\"text-align: justify;\">Creditos:Prensa APAT<\/h6>\n","protected":false},"excerpt":{"rendered":"<p>Mat\u00edas Rossi captur\u00f3 las dos actividades de la jornada para la Clase Tres de Turismo Nacional, al obtener la pole position v\u00e1lida para la segunda fecha del Campeonato Argentino 2014 que tendr\u00e1, en el d\u00eda de ma\u00f1ana, la disputa de series y la posterior final. Cronometrando 1.37.922\/1000, posterg\u00f3 a Bruno Bosio por dos d\u00e9cimas. Diego [&hellip;]<\/p>\n","protected":false},"author":6,"featured_media":9769,"comment_status":"open","ping_status":"open","sticky":false,"template":"","format":"standard","meta":{"_seopress_robots_primary_cat":"","_seopress_titles_title":"","_seopress_titles_desc":"","_seopress_robots_index":"","footnotes":""},"categories":[1,12],"tags":[2160,758,681],"class_list":["post-9768","post","type-post","status-publish","format-standard","has-post-thumbnail","hentry","category-automovilismo","category-turismo-nacional","tag-autodromo-rosendo-hernandez","tag-san-luis","tag-turismo-nacional-clase-3"],"_links":{"self":[{"href":"https:\/\/www.cordobatimes.com\/deportes\/wp-json\/wp\/v2\/posts\/9768","targetHints":{"allow":["GET"]}}],"collection":[{"href":"https:\/\/www.cordobatimes.com\/deportes\/wp-json\/wp\/v2\/posts"}],"about":[{"href":"https:\/\/www.cordobatimes.com\/deportes\/wp-json\/wp\/v2\/types\/post"}],"author":[{"embeddable":true,"href":"https:\/\/www.cordobatimes.com\/deportes\/wp-json\/wp\/v2\/users\/6"}],"replies":[{"embeddable":true,"href":"https:\/\/www.cordobatimes.com\/deportes\/wp-json\/wp\/v2\/comments?post=9768"}],"version-history":[{"count":0,"href":"https:\/\/www.cordobatimes.com\/deportes\/wp-json\/wp\/v2\/posts\/9768\/revisions"}],"wp:featuredmedia":[{"embeddable":true,"href":"https:\/\/www.cordobatimes.com\/deportes\/wp-json\/wp\/v2\/media\/9769"}],"wp:attachment":[{"href":"https:\/\/www.cordobatimes.com\/deportes\/wp-json\/wp\/v2\/media?parent=9768"}],"wp:term":[{"taxonomy":"category","embeddable":true,"href":"https:\/\/www.cordobatimes.com\/deportes\/wp-json\/wp\/v2\/categories?post=9768"},{"taxonomy":"post_tag","embeddable":true,"href":"https:\/\/www.cordobatimes.com\/deportes\/wp-json\/wp\/v2\/tags?post=9768"}],"curies":[{"name":"wp","href":"https:\/\/api.w.org\/{rel}","templated":true}]}}