{"id":9571,"date":"2014-03-13T13:25:11","date_gmt":"2014-03-13T16:25:11","guid":{"rendered":"http:\/\/www.cordobatimes.com\/deportes\/?p=9571"},"modified":"2014-03-13T13:25:11","modified_gmt":"2014-03-13T16:25:11","slug":"instituto-el-plantel-ya-se-encuentra-en-mendoza","status":"publish","type":"post","link":"https:\/\/www.cordobatimes.com\/deportes\/futbol\/2014\/03\/13\/instituto-el-plantel-ya-se-encuentra-en-mendoza\/","title":{"rendered":"Instituto: El plantel ya se encuentra en Mendoza"},"content":{"rendered":"<p style=\"text-align: center;\"><b><span style=\"text-decoration: underline;\"><a href=\"http:\/\/www.cordobatimes.com\/deportes\/wp-content\/uploads\/2014\/03\/iacc.jpg\"><img loading=\"lazy\" decoding=\"async\" class=\" wp-image-9589 aligncenter\" alt=\"iacc\" src=\"http:\/\/www.cordobatimes.com\/deportes\/wp-content\/uploads\/2014\/03\/iacc-1024x679.jpg\" width=\"819\" height=\"543\" data-id=\"9589\" srcset=\"https:\/\/www.cordobatimes.com\/deportes\/wp-content\/uploads\/2014\/03\/iacc-1024x679.jpg 1024w, https:\/\/www.cordobatimes.com\/deportes\/wp-content\/uploads\/2014\/03\/iacc-300x199.jpg 300w, https:\/\/www.cordobatimes.com\/deportes\/wp-content\/uploads\/2014\/03\/iacc.jpg 1543w\" sizes=\"auto, (max-width: 819px) 100vw, 819px\" \/><\/a><\/span><\/b><\/p>\n<h3 style=\"text-align: justify;\"><b>La \u201cGloria\u201d se encuentra en \u00a0tierras cuyanas donde ma\u00f1ana, desde las 21.30, se enfrentara a Independiente Rivadavia. Daniel Jim\u00e9nez todav\u00eda no confirm\u00f3 el equipo.<\/b><\/h3>\n<p style=\"text-align: justify;\">\n<p style=\"text-align: justify;\">Luego del empate con sabor a derrota ante Atl\u00e9tico Tucum\u00e1n, el DT Jim\u00e9nez dispuso una semana de entrenamientos en doble turno. El plantel entren\u00f3 ayer a la tardecita en Alta C\u00f3rdoba donde se realiz\u00f3 una pr\u00e1ctica de f\u00fatbol formal.<\/p>\n<p style=\"text-align: justify;\">Finalizada la misma, jugadores y cuerpo t\u00e9cnico armaron todo para viajar a Mendoza en donde quedaran concentrados hasta la hora del partido (21.30), el viernes.<\/p>\n<p style=\"text-align: justify;\">As\u00ed, el equipo que el DT paro ayer por la tarde fue: Chiarini; Damiani, Frontini, Schmidt, De Miranda; Correa, Tellechea; Vismara; Burzio, Mart\u00edn y L\u00f3pez Macri. Luego ingreso Favalli en lugar de L\u00f3pez Macri, y es all\u00ed donde el t\u00e9cnico tiene la \u00fanica duda en el once inicial.<\/p>\n<p style=\"text-align: justify;\">Hoy por la tarde el plantel entrenara en la cancha de club Godoy Cruz y luego seguir\u00e1n concentrando en el Hotel Bonarda.<\/p>\n<p style=\"text-align: justify;\">Respecto al equipo local, los dirigidos por Roberto Trotta saldr\u00e1 a la cancha con:\u00a0Ayala; Garc\u00eda, \u00a0Ag\u00fcero, \u00a0Silva y \u00a0Parisi; \u00a0Peralta, \u00a0Fern\u00e1ndez y \u00a0Tonetto; P\u00e9rez; \u00a0Gamba y \u00a0Carboni .<\/p>\n","protected":false},"excerpt":{"rendered":"<p>La \u201cGloria\u201d se encuentra en \u00a0tierras cuyanas donde ma\u00f1ana, desde las 21.30, se enfrentara a Independiente Rivadavia. Daniel Jim\u00e9nez todav\u00eda no confirm\u00f3 el equipo. Luego del empate con sabor a derrota ante Atl\u00e9tico Tucum\u00e1n, el DT Jim\u00e9nez dispuso una semana de entrenamientos en doble turno. El plantel entren\u00f3 ayer a la tardecita en Alta C\u00f3rdoba [&hellip;]<\/p>\n","protected":false},"author":15,"featured_media":9589,"comment_status":"open","ping_status":"open","sticky":false,"template":"","format":"standard","meta":{"_seopress_robots_primary_cat":"","_seopress_titles_title":"","_seopress_titles_desc":"","_seopress_robots_index":"","footnotes":""},"categories":[2,17],"tags":[35,1771,2133,1972,2134],"class_list":["post-9571","post","type-post","status-publish","format-standard","has-post-thumbnail","hentry","category-futbol","category-nacional-b","tag-instituto","tag-mendoza","tag-miliki","tag-primera-b-nacional-2014","tag-trotta"],"_links":{"self":[{"href":"https:\/\/www.cordobatimes.com\/deportes\/wp-json\/wp\/v2\/posts\/9571","targetHints":{"allow":["GET"]}}],"collection":[{"href":"https:\/\/www.cordobatimes.com\/deportes\/wp-json\/wp\/v2\/posts"}],"about":[{"href":"https:\/\/www.cordobatimes.com\/deportes\/wp-json\/wp\/v2\/types\/post"}],"author":[{"embeddable":true,"href":"https:\/\/www.cordobatimes.com\/deportes\/wp-json\/wp\/v2\/users\/15"}],"replies":[{"embeddable":true,"href":"https:\/\/www.cordobatimes.com\/deportes\/wp-json\/wp\/v2\/comments?post=9571"}],"version-history":[{"count":0,"href":"https:\/\/www.cordobatimes.com\/deportes\/wp-json\/wp\/v2\/posts\/9571\/revisions"}],"wp:featuredmedia":[{"embeddable":true,"href":"https:\/\/www.cordobatimes.com\/deportes\/wp-json\/wp\/v2\/media\/9589"}],"wp:attachment":[{"href":"https:\/\/www.cordobatimes.com\/deportes\/wp-json\/wp\/v2\/media?parent=9571"}],"wp:term":[{"taxonomy":"category","embeddable":true,"href":"https:\/\/www.cordobatimes.com\/deportes\/wp-json\/wp\/v2\/categories?post=9571"},{"taxonomy":"post_tag","embeddable":true,"href":"https:\/\/www.cordobatimes.com\/deportes\/wp-json\/wp\/v2\/tags?post=9571"}],"curies":[{"name":"wp","href":"https:\/\/api.w.org\/{rel}","templated":true}]}}