{"id":9535,"date":"2014-03-12T21:24:55","date_gmt":"2014-03-13T00:24:55","guid":{"rendered":"http:\/\/www.cordobatimes.com\/deportes\/?p=9535"},"modified":"2014-03-12T21:24:55","modified_gmt":"2014-03-13T00:24:55","slug":"atenas-suma-dos-nuevos-refuerzos","status":"publish","type":"post","link":"https:\/\/www.cordobatimes.com\/deportes\/basquet\/2014\/03\/12\/atenas-suma-dos-nuevos-refuerzos\/","title":{"rendered":"Atenas suma dos nuevos refuerzos"},"content":{"rendered":"<h3 style=\"text-align: justify;\"><a href=\"http:\/\/www.cordobatimes.com\/deportes\/wp-content\/uploads\/2014\/03\/ferrini.jpg\"><img loading=\"lazy\" decoding=\"async\" class=\"aligncenter  wp-image-9536\" alt=\"ferrini\" src=\"http:\/\/www.cordobatimes.com\/deportes\/wp-content\/uploads\/2014\/03\/ferrini.jpg\" width=\"640\" height=\"480\" data-id=\"9536\" \/><\/a><\/h3>\n<h3 style=\"text-align: justify;\"><strong>El &#8220;Griego&#8221; confirm\u00f3 la vuelta de Federico Ferrini y adem\u00e1s espera por la llegada de su nuevo extranjero, Brian Williams.<\/strong><\/h3>\n<p>&nbsp;<\/p>\n<p style=\"text-align: justify;\">Federico Ferrini, qui\u00e9n supo jugar en el griego en las temporadas 2008\/2009 y 2009\/10, campe\u00f3n y sub campe\u00f3n respectivamente, se suma al plantel en reemplazo de Mat\u00edas Lescano, qui\u00e9n se perdi\u00f3 la temporada debido a un problema lumbar, dolencia de la cual fue operado recientemente.<\/p>\n<p style=\"text-align: justify;\">La &#8220;Panterita&#8221; como es conocido, es un alero de 1.94 mt de altura de 27 a\u00f1os de edad, nacido en Villa Ballester, Buenos Aires el 27\/04\/86 y viene de jugar en el club Lan\u00fas, con qui\u00e9n acaba de rescindir el contrato.\u00a0Con el granate disputo 37 partidos con los siguientes promedios: 21.6 minutos, 4.6 puntos, 49.2% en dobles, 28.7% en triples, 63% en libres, 2.9 rebotes, 1.2 asistencia.<\/p>\n<p style=\"text-align: justify;\">Por otro lado, el pivote norteamericano recientemente contratado arribar\u00eda a C\u00f3rdoba el d\u00eda jueves, de acuerdo a lo informado por su agente. La demora se debe a que a\u00fan no finaliz\u00f3 en su pa\u00eds los tr\u00e1mites para obtener el FBI.<\/p>\n<p style=\"text-align: justify;\">Williams en un pivot de 26 a\u00f1os de edad, 2.06 mt de altura, formado en la Universidad de Tennessee en la NCAA. Su primer trabajo profesional fue en Malasia en el club Westsports KL Dragons.<\/p>\n<p style=\"text-align: justify;\">Por su labor fue contratado posteriormente por Petron Blazze de Filipinas logrando el titulo de la liga de Asia en la temporada 2012\/2013, adem\u00e1s fue nominado en el quinteto ideal de la temporada. Viene de jugar en la liga de Uruguay en el club Montevideo BBC. All\u00ed disput\u00f3 19 partidos con 8 victorias y 3 derrotas.<\/p>\n<p style=\"text-align: justify;\">Fuente: Prensa Atenas<\/p>\n","protected":false},"excerpt":{"rendered":"<p>El &#8220;Griego&#8221; confirm\u00f3 la vuelta de Federico Ferrini y adem\u00e1s espera por la llegada de su nuevo extranjero, Brian Williams. &nbsp; Federico Ferrini, qui\u00e9n supo jugar en el griego en las temporadas 2008\/2009 y 2009\/10, campe\u00f3n y sub campe\u00f3n respectivamente, se suma al plantel en reemplazo de Mat\u00edas Lescano, qui\u00e9n se perdi\u00f3 la temporada debido [&hellip;]<\/p>\n","protected":false},"author":10,"featured_media":9536,"comment_status":"open","ping_status":"open","sticky":false,"template":"","format":"standard","meta":{"_seopress_robots_primary_cat":"","_seopress_titles_title":"","_seopress_titles_desc":"","_seopress_robots_index":"","footnotes":""},"categories":[3],"tags":[288],"class_list":["post-9535","post","type-post","status-publish","format-standard","has-post-thumbnail","hentry","category-basquet","tag-liga-nacional"],"_links":{"self":[{"href":"https:\/\/www.cordobatimes.com\/deportes\/wp-json\/wp\/v2\/posts\/9535","targetHints":{"allow":["GET"]}}],"collection":[{"href":"https:\/\/www.cordobatimes.com\/deportes\/wp-json\/wp\/v2\/posts"}],"about":[{"href":"https:\/\/www.cordobatimes.com\/deportes\/wp-json\/wp\/v2\/types\/post"}],"author":[{"embeddable":true,"href":"https:\/\/www.cordobatimes.com\/deportes\/wp-json\/wp\/v2\/users\/10"}],"replies":[{"embeddable":true,"href":"https:\/\/www.cordobatimes.com\/deportes\/wp-json\/wp\/v2\/comments?post=9535"}],"version-history":[{"count":0,"href":"https:\/\/www.cordobatimes.com\/deportes\/wp-json\/wp\/v2\/posts\/9535\/revisions"}],"wp:featuredmedia":[{"embeddable":true,"href":"https:\/\/www.cordobatimes.com\/deportes\/wp-json\/wp\/v2\/media\/9536"}],"wp:attachment":[{"href":"https:\/\/www.cordobatimes.com\/deportes\/wp-json\/wp\/v2\/media?parent=9535"}],"wp:term":[{"taxonomy":"category","embeddable":true,"href":"https:\/\/www.cordobatimes.com\/deportes\/wp-json\/wp\/v2\/categories?post=9535"},{"taxonomy":"post_tag","embeddable":true,"href":"https:\/\/www.cordobatimes.com\/deportes\/wp-json\/wp\/v2\/tags?post=9535"}],"curies":[{"name":"wp","href":"https:\/\/api.w.org\/{rel}","templated":true}]}}