{"id":9487,"date":"2014-03-12T12:02:51","date_gmt":"2014-03-12T15:02:51","guid":{"rendered":"http:\/\/www.cordobatimes.com\/deportes\/?p=9487"},"modified":"2014-03-12T18:08:55","modified_gmt":"2014-03-12T21:08:55","slug":"schumacher-mostro-signos-esperanzadores","status":"publish","type":"post","link":"https:\/\/www.cordobatimes.com\/deportes\/automovilismo\/2014\/03\/12\/schumacher-mostro-signos-esperanzadores\/","title":{"rendered":"Schumacher mostr\u00f3 signos  esperanzadores"},"content":{"rendered":"<p style=\"text-align: justify;\"><a href=\"http:\/\/www.cordobatimes.com\/deportes\/wp-content\/uploads\/2014\/03\/schumacher1.jpg\"><img loading=\"lazy\" decoding=\"async\" class=\"alignnone size-full wp-image-9499\" alt=\"2010 Formula 1 Testing.\" src=\"http:\/\/www.cordobatimes.com\/deportes\/wp-content\/uploads\/2014\/03\/schumacher1.jpg\" width=\"2560\" height=\"1920\" data-id=\"9499\" srcset=\"https:\/\/www.cordobatimes.com\/deportes\/wp-content\/uploads\/2014\/03\/schumacher1.jpg 2560w, https:\/\/www.cordobatimes.com\/deportes\/wp-content\/uploads\/2014\/03\/schumacher1-300x225.jpg 300w, https:\/\/www.cordobatimes.com\/deportes\/wp-content\/uploads\/2014\/03\/schumacher1-1024x768.jpg 1024w\" sizes=\"auto, (max-width: 2560px) 100vw, 2560px\" \/><\/a><\/p>\n<h3 style=\"text-align: justify;\">Seg\u00fan su portavoz, el heptacampe\u00f3n del mundo \u00a0ha mostrado\u00a0&#8220;peque\u00f1os signos alentadores&#8221; que alimentan la esperanza de una posible recuperaci\u00f3n.<\/h3>\n<p style=\"text-align: justify;\">\u00a0Sabine Kehm ha anunciado mediante un comunicado que Michael Schumacher sigue en proceso de salir del coma, no obstante eso, se han visto\u00a0&#8220;<em>peque\u00f1os signos alentadores<\/em>&#8221; en su salud.<\/p>\n<p style=\"text-align: justify;\">\u00a0Kehm tambi\u00e9n ha pedido paciencia y respeto para la familia.&#8221;Estamos y continuamos seguros de que Michael despertar\u00e1. A veces hay peque\u00f1as se\u00f1ales alentadoras, pero tambi\u00e9n sabemos que este es el momento de ser muy paciente&#8221;.<\/p>\n<p style=\"text-align: justify;\">Por su parte, tampoco dej\u00f3 de lado la oportunidad de lamentarse por la situaci\u00f3n que hace tres meses atraviesa \u00a0su representado.&#8221;Michael ha sufrido lesiones graves. Es muy dif\u00edcil de comprender para todos nosotros que Michael, que hab\u00eda superado una gran cantidad de situaciones de precariedad en el pasado, haya sido herido tan terriblemente en una situaci\u00f3n tan banal&#8221;.<\/p>\n<p style=\"text-align: justify;\">&#8220;Estaba claro desde el principio que esta ser\u00eda una larga y dura lucha para Michael. Estamos tomando esta pelea en conjunto con el equipo de m\u00e9dicos, en los que confiamos plenamente. La duraci\u00f3n del proceso no es la parte importante para nosotros&#8221;.<\/p>\n<p style=\"text-align: justify;\">Mientras como lo hace habitualmente cada vez que comunica algo, Sabine Kehm volvi\u00f3 a hacer hincapi\u00e9 en que los medios de comunicaci\u00f3n, respeten la privacidad de la familia y s\u00f3lo se hagan eco de lo que dicen los m\u00e9dicos o ella, agradeciendo tambi\u00e9n las muestras de cari\u00f1o.<\/p>\n<p style=\"text-align: justify;\">&#8220;Es reconfortante ver cuanta simpat\u00eda se muestra a su familia y puedo decir que est\u00e1n muy agradecidos por ello. Sin embargo, no hay que olvidar que la familia de Michael est\u00e1 tratando con una situaci\u00f3n extremadamente \u00edntima y fr\u00e1gil. Y me gustar\u00eda recordar a todos que Michael siempre ha mantenido activamente su familia fuera de la vista del p\u00fablico y por lo tanto protegida su vida privada&#8221;.<\/p>\n<p style=\"text-align: justify;\">&#8220;Tratamos de canalizar todas las energ\u00edas que tenemos hacia Michael y creemos firmemente que esto le ser\u00e1 de ayuda. Y creemos que tambi\u00e9n va a ganar esta pelea&#8221;, concluy\u00f3.<\/p>\n<p style=\"text-align: justify;\"><strong>Por Laura Rodriguez | @laurodriguez6<\/strong><\/p>\n","protected":false},"excerpt":{"rendered":"<p>Seg\u00fan su portavoz, el heptacampe\u00f3n del mundo \u00a0ha mostrado\u00a0&#8220;peque\u00f1os signos alentadores&#8221; que alimentan la esperanza de una posible recuperaci\u00f3n. \u00a0Sabine Kehm ha anunciado mediante un comunicado que Michael Schumacher sigue en proceso de salir del coma, no obstante eso, se han visto\u00a0&#8220;peque\u00f1os signos alentadores&#8221; en su salud. \u00a0Kehm tambi\u00e9n ha pedido paciencia y respeto para [&hellip;]<\/p>\n","protected":false},"author":6,"featured_media":9499,"comment_status":"open","ping_status":"open","sticky":false,"template":"","format":"standard","meta":{"_seopress_robots_primary_cat":"","_seopress_titles_title":"","_seopress_titles_desc":"","_seopress_robots_index":"","footnotes":""},"categories":[1],"tags":[1349,2116,1635,1348],"class_list":["post-9487","post","type-post","status-publish","format-standard","has-post-thumbnail","hentry","category-automovilismo","tag-accidente-schumacher","tag-forza-michael","tag-fuerza-schumi","tag-michael-schumacher"],"_links":{"self":[{"href":"https:\/\/www.cordobatimes.com\/deportes\/wp-json\/wp\/v2\/posts\/9487","targetHints":{"allow":["GET"]}}],"collection":[{"href":"https:\/\/www.cordobatimes.com\/deportes\/wp-json\/wp\/v2\/posts"}],"about":[{"href":"https:\/\/www.cordobatimes.com\/deportes\/wp-json\/wp\/v2\/types\/post"}],"author":[{"embeddable":true,"href":"https:\/\/www.cordobatimes.com\/deportes\/wp-json\/wp\/v2\/users\/6"}],"replies":[{"embeddable":true,"href":"https:\/\/www.cordobatimes.com\/deportes\/wp-json\/wp\/v2\/comments?post=9487"}],"version-history":[{"count":0,"href":"https:\/\/www.cordobatimes.com\/deportes\/wp-json\/wp\/v2\/posts\/9487\/revisions"}],"wp:featuredmedia":[{"embeddable":true,"href":"https:\/\/www.cordobatimes.com\/deportes\/wp-json\/wp\/v2\/media\/9499"}],"wp:attachment":[{"href":"https:\/\/www.cordobatimes.com\/deportes\/wp-json\/wp\/v2\/media?parent=9487"}],"wp:term":[{"taxonomy":"category","embeddable":true,"href":"https:\/\/www.cordobatimes.com\/deportes\/wp-json\/wp\/v2\/categories?post=9487"},{"taxonomy":"post_tag","embeddable":true,"href":"https:\/\/www.cordobatimes.com\/deportes\/wp-json\/wp\/v2\/tags?post=9487"}],"curies":[{"name":"wp","href":"https:\/\/api.w.org\/{rel}","templated":true}]}}