{"id":9452,"date":"2014-03-11T09:00:52","date_gmt":"2014-03-11T12:00:52","guid":{"rendered":"http:\/\/www.cordobatimes.com\/deportes\/?p=9452"},"modified":"2014-03-11T11:29:52","modified_gmt":"2014-03-11T14:29:52","slug":"se-tiro-le-dieron-penal-y-le-aviso-al-arbitro-que-no-habia-sido-video","status":"publish","type":"post","link":"https:\/\/www.cordobatimes.com\/deportes\/futbol\/2014\/03\/11\/se-tiro-le-dieron-penal-y-le-aviso-al-arbitro-que-no-habia-sido-video\/","title":{"rendered":"Se tir\u00f3, cobraron penal y le avis\u00f3 al \u00e1rbitro que no hab\u00eda sido (video)"},"content":{"rendered":"<h3><strong><a href=\"http:\/\/www.cordobatimes.com\/deportes\/wp-content\/uploads\/2014\/03\/Fair-play.jpg\"><img loading=\"lazy\" decoding=\"async\" class=\"size-full wp-image-9453 aligncenter\" alt=\"Fair play\" src=\"http:\/\/www.cordobatimes.com\/deportes\/wp-content\/uploads\/2014\/03\/Fair-play.jpg\" width=\"634\" height=\"350\" data-id=\"9453\" srcset=\"https:\/\/www.cordobatimes.com\/deportes\/wp-content\/uploads\/2014\/03\/Fair-play.jpg 634w, https:\/\/www.cordobatimes.com\/deportes\/wp-content\/uploads\/2014\/03\/Fair-play-300x165.jpg 300w\" sizes=\"auto, (max-width: 634px) 100vw, 634px\" \/><\/a><\/strong><\/h3>\n<h3><strong>El caso de Fair Play ocurri\u00f3 en la Bundesliga, en el partido que Werder Bremen le ganaba 2-0 al Nurenberg. Aaron Hunt recibi\u00f3 la pelota, encar\u00f3 hacia el \u00e1rea y se dej\u00f3 caer. El juez compr\u00f3 y marc\u00f3 la pena m\u00e1xima. El futbolista tuvo un acto de \u00e9tica y pidi\u00f3 que no lo sancionen.<\/strong><\/h3>\n<p>&nbsp;<\/p>\n<p>Mir\u00e1 las im\u00e1genes:<\/p>\n<p><iframe loading=\"lazy\" src=\"\/\/www.youtube.com\/embed\/6TPjx1DMaEw\" height=\"315\" width=\"560\" allowfullscreen=\"\" frameborder=\"0\"><\/iframe>)<\/p>\n","protected":false},"excerpt":{"rendered":"<p>El caso de Fair Play ocurri\u00f3 en la Bundesliga, en el partido que Werder Bremen le ganaba 2-0 al Nurenberg. Aaron Hunt recibi\u00f3 la pelota, encar\u00f3 hacia el \u00e1rea y se dej\u00f3 caer. El juez compr\u00f3 y marc\u00f3 la pena m\u00e1xima. El futbolista tuvo un acto de \u00e9tica y pidi\u00f3 que no lo sancionen. &nbsp; [&hellip;]<\/p>\n","protected":false},"author":2,"featured_media":9453,"comment_status":"open","ping_status":"open","sticky":false,"template":"","format":"standard","meta":{"_seopress_robots_primary_cat":"","_seopress_titles_title":"","_seopress_titles_desc":"","_seopress_robots_index":"","footnotes":""},"categories":[2,18],"tags":[],"class_list":["post-9452","post","type-post","status-publish","format-standard","has-post-thumbnail","hentry","category-futbol","category-futbol-internacional"],"_links":{"self":[{"href":"https:\/\/www.cordobatimes.com\/deportes\/wp-json\/wp\/v2\/posts\/9452","targetHints":{"allow":["GET"]}}],"collection":[{"href":"https:\/\/www.cordobatimes.com\/deportes\/wp-json\/wp\/v2\/posts"}],"about":[{"href":"https:\/\/www.cordobatimes.com\/deportes\/wp-json\/wp\/v2\/types\/post"}],"author":[{"embeddable":true,"href":"https:\/\/www.cordobatimes.com\/deportes\/wp-json\/wp\/v2\/users\/2"}],"replies":[{"embeddable":true,"href":"https:\/\/www.cordobatimes.com\/deportes\/wp-json\/wp\/v2\/comments?post=9452"}],"version-history":[{"count":0,"href":"https:\/\/www.cordobatimes.com\/deportes\/wp-json\/wp\/v2\/posts\/9452\/revisions"}],"wp:featuredmedia":[{"embeddable":true,"href":"https:\/\/www.cordobatimes.com\/deportes\/wp-json\/wp\/v2\/media\/9453"}],"wp:attachment":[{"href":"https:\/\/www.cordobatimes.com\/deportes\/wp-json\/wp\/v2\/media?parent=9452"}],"wp:term":[{"taxonomy":"category","embeddable":true,"href":"https:\/\/www.cordobatimes.com\/deportes\/wp-json\/wp\/v2\/categories?post=9452"},{"taxonomy":"post_tag","embeddable":true,"href":"https:\/\/www.cordobatimes.com\/deportes\/wp-json\/wp\/v2\/tags?post=9452"}],"curies":[{"name":"wp","href":"https:\/\/api.w.org\/{rel}","templated":true}]}}