{"id":9431,"date":"2014-03-11T10:11:42","date_gmt":"2014-03-11T13:11:42","guid":{"rendered":"http:\/\/www.cordobatimes.com\/deportes\/?p=9431"},"modified":"2014-03-11T12:53:52","modified_gmt":"2014-03-11T15:53:52","slug":"maravilla-cotto-espectacular-video-promocional-de-la-pelea","status":"publish","type":"post","link":"https:\/\/www.cordobatimes.com\/deportes\/polideportivo\/2014\/03\/11\/maravilla-cotto-espectacular-video-promocional-de-la-pelea\/","title":{"rendered":"Maravilla &#8211; Cotto: espectacular video promocional de la pelea"},"content":{"rendered":"<h3><strong><a href=\"http:\/\/www.cordobatimes.com\/deportes\/wp-content\/uploads\/2014\/03\/Maravilla-Cotto.jpg\"><img loading=\"lazy\" decoding=\"async\" class=\"size-full wp-image-9432 aligncenter\" alt=\"Maravilla-Cotto\" src=\"http:\/\/www.cordobatimes.com\/deportes\/wp-content\/uploads\/2014\/03\/Maravilla-Cotto.jpg\" width=\"635\" height=\"267\" data-id=\"9432\" srcset=\"https:\/\/www.cordobatimes.com\/deportes\/wp-content\/uploads\/2014\/03\/Maravilla-Cotto.jpg 635w, https:\/\/www.cordobatimes.com\/deportes\/wp-content\/uploads\/2014\/03\/Maravilla-Cotto-300x126.jpg 300w\" sizes=\"auto, (max-width: 635px) 100vw, 635px\" \/><\/a><\/strong><\/h3>\n<h3><strong>La se\u00f1al televisiva HBO, encargada de la difusi\u00f3n y transmisi\u00f3n de uno de los eventos box\u00edsticos del a\u00f1o, lanz\u00f3 el spot publicitario de lo que ser\u00e1 un atractivo enfrentamiento el pr\u00f3ximo 7 de junio en el Madison Square Garden. Mir\u00e1 las im\u00e1genes.<\/strong><\/h3>\n<p>&nbsp;<\/p>\n<p>El quilme\u00f1o Sergio Maravilla Mart\u00ednez tendr\u00e1 un duro compromiso en los Estados Unidos ante el puertorrique\u00f1o Miguel Cotto. HBO ya palpita el duelo y en C\u00f3rdoba Times te dejamos el video de promoci\u00f3n del evento:<\/p>\n<p><iframe loading=\"lazy\" src=\"\/\/www.youtube.com\/embed\/PtTvyd5dpzg\" height=\"315\" width=\"560\" allowfullscreen=\"\" frameborder=\"0\"><\/iframe><\/p>\n","protected":false},"excerpt":{"rendered":"<p>La se\u00f1al televisiva HBO, encargada de la difusi\u00f3n y transmisi\u00f3n de uno de los eventos box\u00edsticos del a\u00f1o, lanz\u00f3 el spot publicitario de lo que ser\u00e1 un atractivo enfrentamiento el pr\u00f3ximo 7 de junio en el Madison Square Garden. Mir\u00e1 las im\u00e1genes. &nbsp; El quilme\u00f1o Sergio Maravilla Mart\u00ednez tendr\u00e1 un duro compromiso en los Estados [&hellip;]<\/p>\n","protected":false},"author":2,"featured_media":9432,"comment_status":"open","ping_status":"open","sticky":false,"template":"","format":"standard","meta":{"_seopress_robots_primary_cat":"","_seopress_titles_title":"","_seopress_titles_desc":"","_seopress_robots_index":"","footnotes":""},"categories":[7,6],"tags":[5561,2097,2095,2096],"class_list":["post-9431","post","type-post","status-publish","format-standard","has-post-thumbnail","hentry","category-boxeo","category-polideportivo","tag-boxeo","tag-hbo","tag-maravilla-martinez-vs-miguel-cotto","tag-video-promocional-de-la-pelea"],"_links":{"self":[{"href":"https:\/\/www.cordobatimes.com\/deportes\/wp-json\/wp\/v2\/posts\/9431","targetHints":{"allow":["GET"]}}],"collection":[{"href":"https:\/\/www.cordobatimes.com\/deportes\/wp-json\/wp\/v2\/posts"}],"about":[{"href":"https:\/\/www.cordobatimes.com\/deportes\/wp-json\/wp\/v2\/types\/post"}],"author":[{"embeddable":true,"href":"https:\/\/www.cordobatimes.com\/deportes\/wp-json\/wp\/v2\/users\/2"}],"replies":[{"embeddable":true,"href":"https:\/\/www.cordobatimes.com\/deportes\/wp-json\/wp\/v2\/comments?post=9431"}],"version-history":[{"count":0,"href":"https:\/\/www.cordobatimes.com\/deportes\/wp-json\/wp\/v2\/posts\/9431\/revisions"}],"wp:featuredmedia":[{"embeddable":true,"href":"https:\/\/www.cordobatimes.com\/deportes\/wp-json\/wp\/v2\/media\/9432"}],"wp:attachment":[{"href":"https:\/\/www.cordobatimes.com\/deportes\/wp-json\/wp\/v2\/media?parent=9431"}],"wp:term":[{"taxonomy":"category","embeddable":true,"href":"https:\/\/www.cordobatimes.com\/deportes\/wp-json\/wp\/v2\/categories?post=9431"},{"taxonomy":"post_tag","embeddable":true,"href":"https:\/\/www.cordobatimes.com\/deportes\/wp-json\/wp\/v2\/tags?post=9431"}],"curies":[{"name":"wp","href":"https:\/\/api.w.org\/{rel}","templated":true}]}}