{"id":9335,"date":"2014-03-09T18:33:31","date_gmt":"2014-03-09T21:33:31","guid":{"rendered":"http:\/\/www.cordobatimes.com\/deportes\/?p=9335"},"modified":"2014-03-09T18:37:26","modified_gmt":"2014-03-09T21:37:26","slug":"mundial-de-atletismo-indoor-german-lauro-volvio-a-meterse-entre-los-mejores","status":"publish","type":"post","link":"https:\/\/www.cordobatimes.com\/deportes\/polideportivo\/2014\/03\/09\/mundial-de-atletismo-indoor-german-lauro-volvio-a-meterse-entre-los-mejores\/","title":{"rendered":"Mundial de Atletismo (indoor) : Germ\u00e1n Lauro volvi\u00f3 a meterse entre los mejores"},"content":{"rendered":"<figure id=\"attachment_9336\" aria-describedby=\"caption-attachment-9336\" style=\"width: 600px\" class=\"wp-caption aligncenter\"><a href=\"http:\/\/www.cordobatimes.com\/deportes\/wp-content\/uploads\/2014\/03\/german_lauro.jpg\"><img loading=\"lazy\" decoding=\"async\" class=\" wp-image-9336 \" alt=\"Lauro termin\u00f3 sexto en Sopot.\" src=\"http:\/\/www.cordobatimes.com\/deportes\/wp-content\/uploads\/2014\/03\/german_lauro.jpg\" width=\"600\" height=\"400\" data-id=\"9336\" \/><\/a><figcaption id=\"caption-attachment-9336\" class=\"wp-caption-text\">Germ\u00e1n Lauro (Lanzamiento de bala)<\/figcaption><\/figure>\n<h3 style=\"text-align: justify;\"><b>El bonaerense Germ\u00e1n Lauro, finalista en los Juegos Ol\u00edmpicos de Londres 2012 en lanzamiento de bala, logr\u00f3 este viernes el sexto puesto en el mundial indoor de atletismo de Sopot, Polonia<\/b>.<\/h3>\n<p>&nbsp;<\/p>\n<p style=\"text-align: justify;\">La serie de lanzamientos de Lauro, nacido en Trenque Lauquen, de 29 a\u00f1os, en la final fue de 19,76; 20,50; 20,06; 20,36 y dos nulos.<\/p>\n<p style=\"text-align: justify;\"><b>El certamen fue ganado por segunda vez consecutiva por el estadounidense Ryan Whiting con 22,05<\/b>, quien fue seguido por el alem\u00e1n\u00a0<b>David Storn<\/b>\u00a0(campe\u00f3n mundial en Daegu 2011 y Mosc\u00fa 2013) y plata en los Juegos de Londres 2012; con 21,79, y\u00a0<b>Tomas Walsh<\/b>, de Nueva Zelanda con 21,26.<\/p>\n<p style=\"text-align: justify;\">En cuarto lugar qued\u00f3 el polaco\u00a0<b>Tomasz Majewski<\/b>, campe\u00f3n ol\u00edmpico en Beijing 2008 y Londres 2012, 21,04 y quinto fue el b\u00falgaro\u00a0<b>Georgi Ivanov<\/b>\u00a0con 21,02.<\/p>\n<p style=\"text-align: justify;\">En la fase clasificatoria, el argentino logr\u00f3 20,65 en su primer lanzamiento y 20,73 en el segundo intento, y termin\u00f3 tercero, detr\u00e1s de Whiting y de Storn, que finaliz\u00f3 con 20,61.<\/p>\n<p style=\"text-align: justify;\">En la ronda eliminatoria, Lauro tuvo 19 rivales de Sud\u00e1frica, EEUU, Nigeria, Espa\u00f1a, Rusia, Alemania, Nueva Zelanda, Bosnia, India, Jamaica, Congo, Portugal, Rep\u00fablica Checa, Polonia y Serbia.<\/p>\n<p style=\"text-align: justify;\">Lauro, s\u00e9ptimo en el Mundial de Mosc\u00fa, Rusia, en 2013 y sexto en los Juegos Ol\u00edmpicos 2012, particip\u00f3 en el segundo mundial indoor de su carrera luego del de Estambul, Turqu\u00eda, 2012, en el que finaliz\u00f3 sexto.<\/p>\n<p style=\"text-align: justify;\">&#8220;El objetivo es poder estar en la final&#8221;, expres\u00f3 a T\u00e9lam Lauro antes de la prueba.<\/p>\n<p style=\"text-align: justify;\">El atleta bonaerense, marc\u00f3, el 25 de febrero pasado, un nuevo r\u00e9cord sudamericano bajo techo al registrar 21,04 metros para conquistar el meeting de Praga, Rep\u00fablica Checa.<\/p>\n<p style=\"text-align: justify;\">Lauro, quien figura en el sexto lugar del ranking mundial del a\u00f1o en indoor, conquist\u00f3 el r\u00e9cord en su segundo lanzamiento, pero en todos sus tiros (menos en el tercero, que fue fallido, de seis en total) super\u00f3 los 20 metros.<\/p>\n<p style=\"text-align: justify;\">El argentino mejor\u00f3 su propia marca sudamericana bajo techo que era de 20,53 desde el 28 de agosto de 2013 en Z\u00farich, Suiza.<\/p>\n<p style=\"text-align: justify;\">En su primera actuaci\u00f3n en un mundial indoor, en Estambul, Turqu\u00eda 2012, en el que fue el \u00fanico sudamericano en su especialidad, Lauro -medallista en los Panamericanos de Guadalajara, M\u00e9xico, 2011-, logr\u00f3 este viernes el sexto puesto en la final.<\/p>\n<p style=\"text-align: justify;\">Ese 9 de marzo de 2012, en la capital turca, Lauro finaliz\u00f3 sexto con una marca de 20,38 metros en su sexto y \u00faltimo lanzamiento, con registros anteriores de 20,13; 20,22; 19,82; 19,93; 20,19 y 20,38.<\/p>\n<p style=\"text-align: justify;\">Con ese puesto, Lauro, primer argentino var\u00f3n en acceder a una final de mundial bajo techo, logr\u00f3 la mejor ubicaci\u00f3n de un atleta de nuestro pa\u00eds en un certamen ecum\u00e9nico de esas caracter\u00edsticas.<\/p>\n<p style=\"text-align: justify;\">El bonaerense super\u00f3 as\u00ed a Carmen Mabel Arr\u00faa (octava en los 1.500 metros de Barcelona, Espa\u00f1a, en 1995) y a Andrea Avila (d\u00e9cima en salto triple en el Mundial de Toronto, Canad\u00e1, en 1993).<\/p>\n<p style=\"text-align: justify;\">Lauro tiene como mejor marca absoluta 21,26, que logr\u00f3 el 10 de mayo del a\u00f1o pasado en su debut en la Diamond League, la competencia anual m\u00e1s importante de atletismo del mundo, en Doha, Qatar, en la que estableci\u00f3 un nuevo r\u00e9cord nacional y sudamericano.<\/p>\n","protected":false},"excerpt":{"rendered":"<p>El bonaerense Germ\u00e1n Lauro, finalista en los Juegos Ol\u00edmpicos de Londres 2012 en lanzamiento de bala, logr\u00f3 este viernes el sexto puesto en el mundial indoor de atletismo de Sopot, Polonia. &nbsp; La serie de lanzamientos de Lauro, nacido en Trenque Lauquen, de 29 a\u00f1os, en la final fue de 19,76; 20,50; 20,06; 20,36 y [&hellip;]<\/p>\n","protected":false},"author":1,"featured_media":9336,"comment_status":"open","ping_status":"open","sticky":false,"template":"","format":"standard","meta":{"_seopress_robots_primary_cat":"","_seopress_titles_title":"","_seopress_titles_desc":"","_seopress_robots_index":"","footnotes":""},"categories":[6],"tags":[2075,2076,2074],"class_list":["post-9335","post","type-post","status-publish","format-standard","has-post-thumbnail","hentry","category-polideportivo","tag-german-lauro","tag-lanzamiento-de-bala","tag-mundial-de-atletismo-indoor"],"_links":{"self":[{"href":"https:\/\/www.cordobatimes.com\/deportes\/wp-json\/wp\/v2\/posts\/9335","targetHints":{"allow":["GET"]}}],"collection":[{"href":"https:\/\/www.cordobatimes.com\/deportes\/wp-json\/wp\/v2\/posts"}],"about":[{"href":"https:\/\/www.cordobatimes.com\/deportes\/wp-json\/wp\/v2\/types\/post"}],"author":[{"embeddable":true,"href":"https:\/\/www.cordobatimes.com\/deportes\/wp-json\/wp\/v2\/users\/1"}],"replies":[{"embeddable":true,"href":"https:\/\/www.cordobatimes.com\/deportes\/wp-json\/wp\/v2\/comments?post=9335"}],"version-history":[{"count":0,"href":"https:\/\/www.cordobatimes.com\/deportes\/wp-json\/wp\/v2\/posts\/9335\/revisions"}],"wp:featuredmedia":[{"embeddable":true,"href":"https:\/\/www.cordobatimes.com\/deportes\/wp-json\/wp\/v2\/media\/9336"}],"wp:attachment":[{"href":"https:\/\/www.cordobatimes.com\/deportes\/wp-json\/wp\/v2\/media?parent=9335"}],"wp:term":[{"taxonomy":"category","embeddable":true,"href":"https:\/\/www.cordobatimes.com\/deportes\/wp-json\/wp\/v2\/categories?post=9335"},{"taxonomy":"post_tag","embeddable":true,"href":"https:\/\/www.cordobatimes.com\/deportes\/wp-json\/wp\/v2\/tags?post=9335"}],"curies":[{"name":"wp","href":"https:\/\/api.w.org\/{rel}","templated":true}]}}