{"id":9281,"date":"2014-03-09T10:00:14","date_gmt":"2014-03-09T13:00:14","guid":{"rendered":"http:\/\/www.cordobatimes.com\/deportes\/?p=9281"},"modified":"2014-03-09T16:19:24","modified_gmt":"2014-03-09T19:19:24","slug":"etoo-se-burlo-de-las-criticas-con-un-festejo-particular","status":"publish","type":"post","link":"https:\/\/www.cordobatimes.com\/deportes\/futbol\/2014\/03\/09\/etoo-se-burlo-de-las-criticas-con-un-festejo-particular\/","title":{"rendered":"Eto`o se burl\u00f3 de las cr\u00edticas con un festejo particular"},"content":{"rendered":"<h3><strong><a href=\"http:\/\/www.cordobatimes.com\/deportes\/wp-content\/uploads\/2014\/03\/Etoo-2.jpg\"><img loading=\"lazy\" decoding=\"async\" class=\"size-full wp-image-9283 aligncenter\" alt=\"Eto`o 2\" src=\"http:\/\/www.cordobatimes.com\/deportes\/wp-content\/uploads\/2014\/03\/Etoo-2.jpg\" width=\"460\" height=\"287\" data-id=\"9283\" srcset=\"https:\/\/www.cordobatimes.com\/deportes\/wp-content\/uploads\/2014\/03\/Etoo-2.jpg 460w, https:\/\/www.cordobatimes.com\/deportes\/wp-content\/uploads\/2014\/03\/Etoo-2-300x187.jpg 300w\" sizes=\"auto, (max-width: 460px) 100vw, 460px\" \/><\/a><\/strong><\/h3>\n<h3><strong>Luego de las declaraciones de su entrenador en Chelsea, Jose Mourinho, el delantero camerun\u00e9s anot\u00f3 un gol y realiz\u00f3 una celebraci\u00f3n un tanto particular. \u00bfMensaje para Mou o pura casualidad?. Mir\u00e1 la foto.<\/strong><\/h3>\n<p>&nbsp;<\/p>\n<p>&#8220;El problema con el Chelsea es que me falta un delantero. Eto&#8217;o tiene 32 a\u00f1os, tal vez 35, \u00bfqui\u00e9n sabe?&#8221;, fue lo que le dijo el DT portugu\u00e9s a un periodista de Canal Plus. El problema fue que sus palabras no deber\u00edan haber salido a la luz porque fueron realizadas &#8220;en off&#8221;. Luego de eso, la ex mujer del atacante afirm\u00f3 que &#8220;Samuel tiene 40&#8221;, reavivando aun m\u00e1s la pol\u00e9mica.<\/p>\n<p>Quien pareci\u00f3 guardarse todo eso en la memoria fue Eto`o, que ayer abri\u00f3 el marcador en el triunfo 4-0 de su equipo sobre Tottenham. El mundialista, una vez obtenida la conquista, se dirigi\u00f3 al bander\u00edn del corner, apoy\u00f3 su brazo en \u00e9l y propuso &#8220;el festejo del abuelo&#8221;. Mir\u00e1 la im\u00e1gen:<\/p>\n<p style=\"text-align: center;\"><a href=\"http:\/\/www.cordobatimes.com\/deportes\/wp-content\/uploads\/2014\/03\/Etoo.jpg\"><img loading=\"lazy\" decoding=\"async\" class=\"size-full wp-image-9282 aligncenter\" alt=\"Etoo\" src=\"http:\/\/www.cordobatimes.com\/deportes\/wp-content\/uploads\/2014\/03\/Etoo.jpg\" width=\"620\" height=\"413\" data-id=\"9282\" srcset=\"https:\/\/www.cordobatimes.com\/deportes\/wp-content\/uploads\/2014\/03\/Etoo.jpg 620w, https:\/\/www.cordobatimes.com\/deportes\/wp-content\/uploads\/2014\/03\/Etoo-300x199.jpg 300w\" sizes=\"auto, (max-width: 620px) 100vw, 620px\" \/><\/a><\/p>\n<p><strong>Foto: AFP<\/strong><\/p>\n<p>&nbsp;<\/p>\n","protected":false},"excerpt":{"rendered":"<p>Luego de las declaraciones de su entrenador en Chelsea, Jose Mourinho, el delantero camerun\u00e9s anot\u00f3 un gol y realiz\u00f3 una celebraci\u00f3n un tanto particular. \u00bfMensaje para Mou o pura casualidad?. Mir\u00e1 la foto. &nbsp; &#8220;El problema con el Chelsea es que me falta un delantero. Eto&#8217;o tiene 32 a\u00f1os, tal vez 35, \u00bfqui\u00e9n sabe?&#8221;, fue [&hellip;]<\/p>\n","protected":false},"author":2,"featured_media":9283,"comment_status":"open","ping_status":"open","sticky":false,"template":"","format":"standard","meta":{"_seopress_robots_primary_cat":"","_seopress_titles_title":"","_seopress_titles_desc":"","_seopress_robots_index":"","footnotes":""},"categories":[2,18],"tags":[1250,2048,2046,2047,2045],"class_list":["post-9281","post","type-post","status-publish","format-standard","has-post-thumbnail","hentry","category-futbol","category-futbol-internacional","tag-chelsea","tag-dudas-en-la-edad-de-samuel-etoo","tag-festejo-del-abuelo","tag-jose-mourinho","tag-samuel-etoo"],"_links":{"self":[{"href":"https:\/\/www.cordobatimes.com\/deportes\/wp-json\/wp\/v2\/posts\/9281","targetHints":{"allow":["GET"]}}],"collection":[{"href":"https:\/\/www.cordobatimes.com\/deportes\/wp-json\/wp\/v2\/posts"}],"about":[{"href":"https:\/\/www.cordobatimes.com\/deportes\/wp-json\/wp\/v2\/types\/post"}],"author":[{"embeddable":true,"href":"https:\/\/www.cordobatimes.com\/deportes\/wp-json\/wp\/v2\/users\/2"}],"replies":[{"embeddable":true,"href":"https:\/\/www.cordobatimes.com\/deportes\/wp-json\/wp\/v2\/comments?post=9281"}],"version-history":[{"count":0,"href":"https:\/\/www.cordobatimes.com\/deportes\/wp-json\/wp\/v2\/posts\/9281\/revisions"}],"wp:featuredmedia":[{"embeddable":true,"href":"https:\/\/www.cordobatimes.com\/deportes\/wp-json\/wp\/v2\/media\/9283"}],"wp:attachment":[{"href":"https:\/\/www.cordobatimes.com\/deportes\/wp-json\/wp\/v2\/media?parent=9281"}],"wp:term":[{"taxonomy":"category","embeddable":true,"href":"https:\/\/www.cordobatimes.com\/deportes\/wp-json\/wp\/v2\/categories?post=9281"},{"taxonomy":"post_tag","embeddable":true,"href":"https:\/\/www.cordobatimes.com\/deportes\/wp-json\/wp\/v2\/tags?post=9281"}],"curies":[{"name":"wp","href":"https:\/\/api.w.org\/{rel}","templated":true}]}}