{"id":9200,"date":"2014-03-08T13:00:48","date_gmt":"2014-03-08T16:00:48","guid":{"rendered":"http:\/\/www.cordobatimes.com\/deportes\/?p=9200"},"modified":"2014-03-08T20:27:09","modified_gmt":"2014-03-08T23:27:09","slug":"estudiantes-igualo-ante-rafaela-y-no-pudo-alcanzar-la-punta","status":"publish","type":"post","link":"https:\/\/www.cordobatimes.com\/deportes\/futbol\/2014\/03\/08\/estudiantes-igualo-ante-rafaela-y-no-pudo-alcanzar-la-punta\/","title":{"rendered":"Estudiantes igual\u00f3 ante Rafaela y no pudo alcanzar la punta"},"content":{"rendered":"<h3 style=\"text-align: justify;\"><a href=\"http:\/\/www.cordobatimes.com\/deportes\/wp-content\/uploads\/2014\/03\/estudiantes-rafaela.jpg\"><img loading=\"lazy\" decoding=\"async\" class=\"aligncenter size-full wp-image-9237\" alt=\"estudiantes rafaela\" src=\"http:\/\/www.cordobatimes.com\/deportes\/wp-content\/uploads\/2014\/03\/estudiantes-rafaela.jpg\" width=\"770\" height=\"433\" data-id=\"9237\" srcset=\"https:\/\/www.cordobatimes.com\/deportes\/wp-content\/uploads\/2014\/03\/estudiantes-rafaela.jpg 770w, https:\/\/www.cordobatimes.com\/deportes\/wp-content\/uploads\/2014\/03\/estudiantes-rafaela-300x168.jpg 300w\" sizes=\"auto, (max-width: 770px) 100vw, 770px\" \/><\/a><\/h3>\n<h3 style=\"text-align: justify;\"><strong>El &#8220;Pincha&#8221; y la &#8220;Crema&#8221; no pasaron del cero a cero\u00a0en el estadio Ciudad de La Plata y ambos se fueron disconformes.\u00a0Sin Ver\u00f3n en la cancha, los locales perdieron la posibilidad de igualar en puntaje a Col\u00f3n, mientras que el visitante suma su cuarto partido sin triunfos y se alej\u00f3 de los de arriba.<\/strong><\/h3>\n<p>&nbsp;<\/p>\n<p style=\"text-align: justify;\">El encuentro fue muy flojo y s\u00f3lo se contaron un par de situaciones para cada equipo en los noventa minutos de juego.\u00a0El uruguayo Juan Manuel Olivera incomod\u00f3 con un cabezazo que se fue apenas arriba, mientras que Lucas Albertengo desaprovech\u00f3 un mano a mano frente al arquero Germ\u00e1n Rulli.<\/p>\n<p style=\"text-align: justify;\">Con este resultado, el conjunto de La Plata (que juega el cl\u00e1sico ante Gimnasia la pr\u00f3xima fecha) se ubica en la tercera colocaci\u00f3n de la tabla con doce unidades. Por su parte, Atl\u00e9tico de Rafaela (recibe a V\u00e9lez) se encuentra d\u00e9cimo con nueve puntos.<\/p>\n<h3 style=\"text-align: justify;\"><strong style=\"font-size: 13px;\">Formaciones<\/strong><\/h3>\n<p style=\"text-align: justify;\"><strong>Estudiantes de La Plata:<\/strong> Ger\u00f3nimo Rulli; Leonardo Jara, Jonathan Schunke, Leandro Des\u00e1bato y Ernesto Go\u00f1i; Carlos Auzqui, Israel Damonte, Rom\u00e1n Mart\u00ednez y Joaqu\u00edn Correa; Alvaro Klussener y Guido Carrillo. DT: Mauricio Pellegrino.<\/p>\n<p style=\"text-align: justify;\"><strong>Atl\u00e9tico de Rafaela:<\/strong> Esteban Conde; Andr\u00e9s Rodales, Ariel Garc\u00e9, Rodrigo Errampuspe y Juan Eluchans; C\u00e9sar Mansanelli, Diego Ferreira, Adri\u00e1n Bast\u00eda y Cristian Canuh\u00e9; Diego Vera y Lucas Albertengo. DT: Jorge Luis Burruchaga.<\/p>\n<p style=\"text-align: justify;\">Estadio: Ciudad de La Plata.<\/p>\n<p style=\"text-align: justify;\">Arbitro: Fernando Echenique.<\/p>\n","protected":false},"excerpt":{"rendered":"<p>El &#8220;Pincha&#8221; y la &#8220;Crema&#8221; no pasaron del cero a cero\u00a0en el estadio Ciudad de La Plata y ambos se fueron disconformes.\u00a0Sin Ver\u00f3n en la cancha, los locales perdieron la posibilidad de igualar en puntaje a Col\u00f3n, mientras que el visitante suma su cuarto partido sin triunfos y se alej\u00f3 de los de arriba. &nbsp; [&hellip;]<\/p>\n","protected":false},"author":10,"featured_media":9237,"comment_status":"open","ping_status":"open","sticky":false,"template":"","format":"standard","meta":{"_seopress_robots_primary_cat":"","_seopress_titles_title":"","_seopress_titles_desc":"","_seopress_robots_index":"","footnotes":""},"categories":[2,16],"tags":[33,501,113,1816],"class_list":["post-9200","post","type-post","status-publish","format-standard","has-post-thumbnail","hentry","category-futbol","category-primera-division","tag-afa","tag-atletico-rafaela","tag-estudiantes","tag-torneo-final"],"_links":{"self":[{"href":"https:\/\/www.cordobatimes.com\/deportes\/wp-json\/wp\/v2\/posts\/9200","targetHints":{"allow":["GET"]}}],"collection":[{"href":"https:\/\/www.cordobatimes.com\/deportes\/wp-json\/wp\/v2\/posts"}],"about":[{"href":"https:\/\/www.cordobatimes.com\/deportes\/wp-json\/wp\/v2\/types\/post"}],"author":[{"embeddable":true,"href":"https:\/\/www.cordobatimes.com\/deportes\/wp-json\/wp\/v2\/users\/10"}],"replies":[{"embeddable":true,"href":"https:\/\/www.cordobatimes.com\/deportes\/wp-json\/wp\/v2\/comments?post=9200"}],"version-history":[{"count":0,"href":"https:\/\/www.cordobatimes.com\/deportes\/wp-json\/wp\/v2\/posts\/9200\/revisions"}],"wp:featuredmedia":[{"embeddable":true,"href":"https:\/\/www.cordobatimes.com\/deportes\/wp-json\/wp\/v2\/media\/9237"}],"wp:attachment":[{"href":"https:\/\/www.cordobatimes.com\/deportes\/wp-json\/wp\/v2\/media?parent=9200"}],"wp:term":[{"taxonomy":"category","embeddable":true,"href":"https:\/\/www.cordobatimes.com\/deportes\/wp-json\/wp\/v2\/categories?post=9200"},{"taxonomy":"post_tag","embeddable":true,"href":"https:\/\/www.cordobatimes.com\/deportes\/wp-json\/wp\/v2\/tags?post=9200"}],"curies":[{"name":"wp","href":"https:\/\/api.w.org\/{rel}","templated":true}]}}