{"id":9157,"date":"2014-03-07T14:31:14","date_gmt":"2014-03-07T17:31:14","guid":{"rendered":"http:\/\/www.cordobatimes.com\/deportes\/?p=9157"},"modified":"2014-03-07T14:41:21","modified_gmt":"2014-03-07T17:41:21","slug":"independiente-sufrio-un-incendio-en-su-predio-de-wilde","status":"publish","type":"post","link":"https:\/\/www.cordobatimes.com\/deportes\/futbol\/2014\/03\/07\/independiente-sufrio-un-incendio-en-su-predio-de-wilde\/","title":{"rendered":"Independiente sufri\u00f3 un incendio en su predio de Wilde"},"content":{"rendered":"<p style=\"text-align: center;\"><b><a href=\"http:\/\/www.cordobatimes.com\/deportes\/wp-content\/uploads\/2014\/03\/Independiente.jpg\"><img loading=\"lazy\" decoding=\"async\" class=\"size-full wp-image-9160 aligncenter\" alt=\"Independiente\" src=\"http:\/\/www.cordobatimes.com\/deportes\/wp-content\/uploads\/2014\/03\/Independiente.jpg\" width=\"640\" height=\"480\" data-id=\"9160\" srcset=\"https:\/\/www.cordobatimes.com\/deportes\/wp-content\/uploads\/2014\/03\/Independiente.jpg 640w, https:\/\/www.cordobatimes.com\/deportes\/wp-content\/uploads\/2014\/03\/Independiente-300x225.jpg 300w\" sizes=\"auto, (max-width: 640px) 100vw, 640px\" \/><\/a><\/b><\/p>\n<p><b>Durante la noche del jueves se produjo un foco de incendio en la zona de quinchos de la entidad, ubicada en la zona mencionada. Investigan las causas pero desde la dirigencia desestimaron una relaci\u00f3n con los barrabravas.<\/b><\/p>\n<p>&nbsp;<\/p>\n<p>A altas horas de la noche se registraron llamas en los quinchos de uno de los predios con los que cuenta el Club Atl\u00e9tico Independiente, ubicado en la zona sur del conurbano bonaerense. Se inici\u00f3 un rastrillaje para conocer los motivos del mismo.<\/p>\n<p>Desde la comisi\u00f3n directiva desmintieron categ\u00f3ricamente que el hecho tenga alguna vinculaci\u00f3n con los violentos que ocupan la tribuna, la cual se encuentra enfrentada al presidente Cantero.<\/p>\n<p><em>\u201cSe estaba quemando pasto en la zona cercana a los quinchos, se fue de las manos y hubo que llamar a los bomberos para que lo apaguen\u201d,<\/em><i>\u00a0<\/i>agregaron empleados del lugar. Algunos socios que se encontraban al momento del incendio pudieron corroborarlo.<i><\/i><\/p>\n","protected":false},"excerpt":{"rendered":"<p>Durante la noche del jueves se produjo un foco de incendio en la zona de quinchos de la entidad, ubicada en la zona mencionada. Investigan las causas pero desde la dirigencia desestimaron una relaci\u00f3n con los barrabravas. &nbsp; A altas horas de la noche se registraron llamas en los quinchos de uno de los predios [&hellip;]<\/p>\n","protected":false},"author":15,"featured_media":9160,"comment_status":"open","ping_status":"open","sticky":false,"template":"","format":"standard","meta":{"_seopress_robots_primary_cat":"","_seopress_titles_title":"","_seopress_titles_desc":"","_seopress_robots_index":"","footnotes":""},"categories":[2,16],"tags":[2032,1997],"class_list":["post-9157","post","type-post","status-publish","format-standard","has-post-thumbnail","hentry","category-futbol","category-primera-division","tag-incendio-en-los-quinchos","tag-independiente-de-avellaneda"],"_links":{"self":[{"href":"https:\/\/www.cordobatimes.com\/deportes\/wp-json\/wp\/v2\/posts\/9157","targetHints":{"allow":["GET"]}}],"collection":[{"href":"https:\/\/www.cordobatimes.com\/deportes\/wp-json\/wp\/v2\/posts"}],"about":[{"href":"https:\/\/www.cordobatimes.com\/deportes\/wp-json\/wp\/v2\/types\/post"}],"author":[{"embeddable":true,"href":"https:\/\/www.cordobatimes.com\/deportes\/wp-json\/wp\/v2\/users\/15"}],"replies":[{"embeddable":true,"href":"https:\/\/www.cordobatimes.com\/deportes\/wp-json\/wp\/v2\/comments?post=9157"}],"version-history":[{"count":0,"href":"https:\/\/www.cordobatimes.com\/deportes\/wp-json\/wp\/v2\/posts\/9157\/revisions"}],"wp:featuredmedia":[{"embeddable":true,"href":"https:\/\/www.cordobatimes.com\/deportes\/wp-json\/wp\/v2\/media\/9160"}],"wp:attachment":[{"href":"https:\/\/www.cordobatimes.com\/deportes\/wp-json\/wp\/v2\/media?parent=9157"}],"wp:term":[{"taxonomy":"category","embeddable":true,"href":"https:\/\/www.cordobatimes.com\/deportes\/wp-json\/wp\/v2\/categories?post=9157"},{"taxonomy":"post_tag","embeddable":true,"href":"https:\/\/www.cordobatimes.com\/deportes\/wp-json\/wp\/v2\/tags?post=9157"}],"curies":[{"name":"wp","href":"https:\/\/api.w.org\/{rel}","templated":true}]}}