{"id":9011,"date":"2014-03-04T21:38:31","date_gmt":"2014-03-05T00:38:31","guid":{"rendered":"http:\/\/www.cordobatimes.com\/deportes\/?p=9011"},"modified":"2014-03-04T21:42:46","modified_gmt":"2014-03-05T00:42:46","slug":"gimnasia-y-rafaela-repartieron-puntos-en-el-bosque-video","status":"publish","type":"post","link":"https:\/\/www.cordobatimes.com\/deportes\/futbol\/2014\/03\/04\/gimnasia-y-rafaela-repartieron-puntos-en-el-bosque-video\/","title":{"rendered":"Gimnasia y Rafaela repartieron puntos en el Bosque (Video)"},"content":{"rendered":"<h3 style=\"text-align: justify;\"><a href=\"http:\/\/www.cordobatimes.com\/deportes\/wp-content\/uploads\/2014\/03\/gimnasia-atletico.jpg\"><img loading=\"lazy\" decoding=\"async\" class=\"aligncenter  wp-image-9012\" alt=\"gimnasia atletico\" src=\"http:\/\/www.cordobatimes.com\/deportes\/wp-content\/uploads\/2014\/03\/gimnasia-atletico.jpg\" width=\"640\" height=\"470\" data-id=\"9012\" \/><\/a><\/h3>\n<h3 style=\"text-align: justify;\"><strong>En un partido intenso, que ambos equipos lucharon hasta el final, el conjunto de Troglio y el de Burruchaga no pudieron sacarse diferencias y terminaron igualando en uno. Los tantos fueron convertidos por\u00a0Omar Pouso para el local y\u00a0Lucas Albertengo para la visita. Mir\u00e1 los goles.<\/strong><\/h3>\n<p>&nbsp;<\/p>\n<p style=\"text-align: justify;\">En el encuentro correspondiente a la fecha 6 del Torneo Final, el inicio fue favorable a &#8220;la Crema&#8221;, que busc\u00f3 el arco de Monetti en varias oportunidades, pero el portero respondi\u00f3 de forma \u00f3ptima. Con la dupla de ataque Vera-Albertengo, Atl\u00e9tico merec\u00eda algo m\u00e1s en los primeros minutos del encuentro.<\/p>\n<p style=\"text-align: justify;\">Sin embargo, Gimnasia mejor\u00f3, recuper\u00f3 la pelota y comenz\u00f3 a demostrar la buena campa\u00f1a que viene haciendo en la presente temporada. Desde un tiro de esquina, a los 25 minutos de la primera etapa, Omar Pouso meti\u00f3 un cabezazo fuerte y bajo que super\u00f3 al arquero Conde y puso las cosas 1 a 0 a favor del Lobo.<\/p>\n<p style=\"text-align: justify;\">Tras la apertura del marcador, los dirigidos por Pedro Troglio le cedieron el dominio del bal\u00f3n a su adversario, que poco a poco se iba acercando m\u00e1s. Y fue sobre el cierre de la primera etapa, a los 44 minutos, cuando alcanzaron su merecido premio, mediante el tanto de Albertengo para poner el resultado parcial 1 a 1.<\/p>\n<p style=\"text-align: justify;\">En la segunda etapa, ambos equipos buscaron la ventaja pero los arqueros se mostraron seguros y los delanteros con poca eficacia a la hora de la definici\u00f3n.<\/p>\n<p style=\"text-align: justify;\">Este resultado\u00a0le permite tanto a los de Troglio c\u00f3mo a los de Burruchaga alcanzar las las 8 unidades para colocarse en la s\u00e9ptima posici\u00f3n de la tabla del Torneo Final, a cinco puntos del l\u00edder Col\u00f3n de Santa Fe.<\/p>\n<p style=\"text-align: justify;\"><strong>Gol de Gimnasia<\/strong><\/p>\n<p><iframe loading=\"lazy\" src=\"\/\/www.youtube.com\/embed\/J5m_0Q6TeTg\" height=\"315\" width=\"560\" allowfullscreen=\"\" frameborder=\"0\"><\/iframe><\/p>\n<p style=\"text-align: justify;\"><strong>Gol de Atl\u00e9tico Rafaela<\/strong><\/p>\n<p><iframe loading=\"lazy\" src=\"\/\/www.youtube.com\/embed\/DuM3Mfq4yr8\" height=\"315\" width=\"560\" allowfullscreen=\"\" frameborder=\"0\"><\/iframe><\/p>\n<p style=\"text-align: justify;\"><b><span style=\"text-decoration: underline;\">FORMACIONES<\/span>:<\/b><\/p>\n<p style=\"text-align: justify;\"><b><\/b><b>Gimnasia:\u00a0<\/b>Fernando Monetti; Facundo Oreja, Oliver Ben\u00edtez, Juan Carlos Blengio, Lucas Licht; Gast\u00f3n D\u00edaz, Omar Pouso, Franco Mussis, Javier Mendoza; Gustavo Bou y Facundo Pereyra.<b>\u00a0<\/b><b>DT:\u00a0<\/b>Pedro Troglio.<\/p>\n<p style=\"text-align: justify;\"><b>Atl\u00e9tico de Rafaela:\u00a0<\/b>Esteban Conde; Andr\u00e9s Rodales, Ariel Garc\u00e9, Rodrigo Erramuspe, Juan Eluchans; Rodrigo Depetris, Diego Ferreira, Adri\u00e1n Bast\u00eda, Cristian Canuh\u00e9; Diego Vera y Lucas Albertengo.<b>\u00a0<\/b><b>DT:\u00a0<\/b>Jorge Burruchaga.<\/p>\n<p style=\"text-align: justify;\"><b>Estadio:\u00a0<\/b>Juan Carmelo Zerillo<\/p>\n<p style=\"text-align: justify;\"><b>\u00c1rbitro:<\/b>\u00a0Diego Ceballos<\/p>\n","protected":false},"excerpt":{"rendered":"<p>En un partido intenso, que ambos equipos lucharon hasta el final, el conjunto de Troglio y el de Burruchaga no pudieron sacarse diferencias y terminaron igualando en uno. Los tantos fueron convertidos por\u00a0Omar Pouso para el local y\u00a0Lucas Albertengo para la visita. Mir\u00e1 los goles. &nbsp; En el encuentro correspondiente a la fecha 6 del [&hellip;]<\/p>\n","protected":false},"author":10,"featured_media":9012,"comment_status":"open","ping_status":"open","sticky":false,"template":"","format":"standard","meta":{"_seopress_robots_primary_cat":"","_seopress_titles_title":"","_seopress_titles_desc":"","_seopress_robots_index":"","footnotes":""},"categories":[2,16],"tags":[33,501,2008,502,2011,64,977,1816,2010,2009],"class_list":["post-9011","post","type-post","status-publish","format-standard","has-post-thumbnail","hentry","category-futbol","category-primera-division","tag-afa","tag-atletico-rafaela","tag-bosque","tag-burruchaga","tag-crema","tag-futbol-2","tag-gimnasia-de-la-plata","tag-torneo-final","tag-tripero","tag-troglio"],"_links":{"self":[{"href":"https:\/\/www.cordobatimes.com\/deportes\/wp-json\/wp\/v2\/posts\/9011","targetHints":{"allow":["GET"]}}],"collection":[{"href":"https:\/\/www.cordobatimes.com\/deportes\/wp-json\/wp\/v2\/posts"}],"about":[{"href":"https:\/\/www.cordobatimes.com\/deportes\/wp-json\/wp\/v2\/types\/post"}],"author":[{"embeddable":true,"href":"https:\/\/www.cordobatimes.com\/deportes\/wp-json\/wp\/v2\/users\/10"}],"replies":[{"embeddable":true,"href":"https:\/\/www.cordobatimes.com\/deportes\/wp-json\/wp\/v2\/comments?post=9011"}],"version-history":[{"count":0,"href":"https:\/\/www.cordobatimes.com\/deportes\/wp-json\/wp\/v2\/posts\/9011\/revisions"}],"wp:featuredmedia":[{"embeddable":true,"href":"https:\/\/www.cordobatimes.com\/deportes\/wp-json\/wp\/v2\/media\/9012"}],"wp:attachment":[{"href":"https:\/\/www.cordobatimes.com\/deportes\/wp-json\/wp\/v2\/media?parent=9011"}],"wp:term":[{"taxonomy":"category","embeddable":true,"href":"https:\/\/www.cordobatimes.com\/deportes\/wp-json\/wp\/v2\/categories?post=9011"},{"taxonomy":"post_tag","embeddable":true,"href":"https:\/\/www.cordobatimes.com\/deportes\/wp-json\/wp\/v2\/tags?post=9011"}],"curies":[{"name":"wp","href":"https:\/\/api.w.org\/{rel}","templated":true}]}}