{"id":9005,"date":"2014-03-04T20:15:24","date_gmt":"2014-03-04T23:15:24","guid":{"rendered":"http:\/\/www.cordobatimes.com\/deportes\/?p=9005"},"modified":"2014-03-05T11:58:19","modified_gmt":"2014-03-05T14:58:19","slug":"sabella-el-equipo-ha-ganado-en-confianza-y-en-madurez","status":"publish","type":"post","link":"https:\/\/www.cordobatimes.com\/deportes\/futbol\/2014\/03\/04\/sabella-el-equipo-ha-ganado-en-confianza-y-en-madurez\/","title":{"rendered":"Sabella: &#8220;El equipo ha ganado en confianza y en madurez&#8221;"},"content":{"rendered":"<h3 style=\"text-align: justify;\"><a href=\"http:\/\/www.cordobatimes.com\/deportes\/wp-content\/uploads\/2014\/03\/sabella.jpg\"><img loading=\"lazy\" decoding=\"async\" class=\"aligncenter size-full wp-image-9006\" alt=\"sabella\" src=\"http:\/\/www.cordobatimes.com\/deportes\/wp-content\/uploads\/2014\/03\/sabella.jpg\" width=\"960\" height=\"640\" data-id=\"9006\" srcset=\"https:\/\/www.cordobatimes.com\/deportes\/wp-content\/uploads\/2014\/03\/sabella.jpg 960w, https:\/\/www.cordobatimes.com\/deportes\/wp-content\/uploads\/2014\/03\/sabella-300x200.jpg 300w\" sizes=\"auto, (max-width: 960px) 100vw, 960px\" \/><\/a><\/h3>\n<h3 style=\"text-align: justify;\"><strong>El entrenador de la selecci\u00f3n argentina brind\u00f3 una rueda de prensa en el estadio Arena Nacional de Rumania, donde la &#8216;Albiceleste&#8217; se enfrentar\u00e1 a ese pa\u00eds el pr\u00f3ximo mi\u00e9rcoles. Enter\u00e1te lo que dijo.<\/strong><\/h3>\n<p>&nbsp;<\/p>\n<p style=\"text-align: justify;\">&#8220;El equipo ha ganado en confianza y en madurez. Estamos esperanzados en nuestras capacidades, pero sabemos que un Mundial es muy dif\u00edcil. Esperamos que otros vayan de candidatos y nosotros un poquito m\u00e1s atr\u00e1s&#8221;, se\u00f1al\u00f3 Alejandro Sabella.<\/p>\n<p style=\"text-align: justify;\">&#8220;Estamos preparados para este partido. Es un partido de preparaci\u00f3n para la Copa del mundo. Lo tomamos con mucha seriedad para afianzar m\u00e1s a\u00fan el grupo humano. Estamos tratando de mejorar para lograr el equilibrio. Y lo importante es que vuelva a jugar el equipo base, que hubo oportunidades en que no lo pudimos utilizar&#8221;, agreg\u00f3 el seleccionador argentino.<\/p>\n<p style=\"text-align: justify;\">M\u00e1s tarde expres\u00f3 que encontr\u00f3 muy bien al plantel en la parte an\u00edmica, m\u00e1s all\u00e1 de que algunos vienen con m\u00e1s o menos actividad. &#8220;Los veo con ganas de reencontrarse&#8221;, asegur\u00f3.<\/p>\n<p style=\"text-align: justify;\">Por otro lado, Sabella afirm\u00f3 que\u00a0Ag\u00fcero ser\u00e1 titular casi con toda seguridad.\u00a0&#8220;Voy a hablar con el Kun a ver c\u00f3mo se siente, porque estuvo un tiempo inactivo, y reci\u00e9n ha jugado el domingo menos de 60 minutos. Obviamente forma parte del equipo base, y si est\u00e1 bien jugar\u00e1 de entrada&#8221;.<\/p>\n<p style=\"text-align: justify;\">Sobre la selecci\u00f3n rumana, Sabella indic\u00f3 que tiene un recambio de muchos jugadores j\u00f3venes. &#8220;Quieren hacer un buen papel en la clasificaci\u00f3n para la Eurocopa&#8221;, a\u00f1adi\u00f3.<\/p>\n<p style=\"text-align: justify;\">Por \u00faltimo, sobre el gran debate que existe en nuestro pa\u00eds por el puesto de arquero de la Selecci\u00f3n, el DT de Argentina dijo: &#8220;Conf\u00edo en sus capacidades de arquero, en su entereza an\u00edmica y a partir de ah\u00ed tomo las decisiones. Hay arqueros que son muy parejos, aunque tienen sus vaivenes. La diferencia entre una cosa y otra tiene que ver con la confianza. Tomo la decisi\u00f3n bas\u00e1ndome en que el jugador crea en el entrenador por la confianza que le da&#8221;.<\/p>\n","protected":false},"excerpt":{"rendered":"<p>El entrenador de la selecci\u00f3n argentina brind\u00f3 una rueda de prensa en el estadio Arena Nacional de Rumania, donde la &#8216;Albiceleste&#8217; se enfrentar\u00e1 a ese pa\u00eds el pr\u00f3ximo mi\u00e9rcoles. Enter\u00e1te lo que dijo. &nbsp; &#8220;El equipo ha ganado en confianza y en madurez. Estamos esperanzados en nuestras capacidades, pero sabemos que un Mundial es muy [&hellip;]<\/p>\n","protected":false},"author":10,"featured_media":9006,"comment_status":"open","ping_status":"open","sticky":false,"template":"","format":"standard","meta":{"_seopress_robots_primary_cat":"","_seopress_titles_title":"","_seopress_titles_desc":"","_seopress_robots_index":"","footnotes":""},"categories":[2,18,22],"tags":[176,1954,577,2007,707,542],"class_list":["post-9005","post","type-post","status-publish","format-standard","has-post-thumbnail","hentry","category-futbol","category-futbol-internacional","category-mundial-brasil-2014","tag-aguero","tag-alejandro-sabella","tag-mundial-2014","tag-romero","tag-rumania","tag-seleccion-argentina"],"_links":{"self":[{"href":"https:\/\/www.cordobatimes.com\/deportes\/wp-json\/wp\/v2\/posts\/9005","targetHints":{"allow":["GET"]}}],"collection":[{"href":"https:\/\/www.cordobatimes.com\/deportes\/wp-json\/wp\/v2\/posts"}],"about":[{"href":"https:\/\/www.cordobatimes.com\/deportes\/wp-json\/wp\/v2\/types\/post"}],"author":[{"embeddable":true,"href":"https:\/\/www.cordobatimes.com\/deportes\/wp-json\/wp\/v2\/users\/10"}],"replies":[{"embeddable":true,"href":"https:\/\/www.cordobatimes.com\/deportes\/wp-json\/wp\/v2\/comments?post=9005"}],"version-history":[{"count":0,"href":"https:\/\/www.cordobatimes.com\/deportes\/wp-json\/wp\/v2\/posts\/9005\/revisions"}],"wp:featuredmedia":[{"embeddable":true,"href":"https:\/\/www.cordobatimes.com\/deportes\/wp-json\/wp\/v2\/media\/9006"}],"wp:attachment":[{"href":"https:\/\/www.cordobatimes.com\/deportes\/wp-json\/wp\/v2\/media?parent=9005"}],"wp:term":[{"taxonomy":"category","embeddable":true,"href":"https:\/\/www.cordobatimes.com\/deportes\/wp-json\/wp\/v2\/categories?post=9005"},{"taxonomy":"post_tag","embeddable":true,"href":"https:\/\/www.cordobatimes.com\/deportes\/wp-json\/wp\/v2\/tags?post=9005"}],"curies":[{"name":"wp","href":"https:\/\/api.w.org\/{rel}","templated":true}]}}