{"id":8975,"date":"2014-03-04T17:00:53","date_gmt":"2014-03-04T20:00:53","guid":{"rendered":"http:\/\/www.cordobatimes.com\/deportes\/?p=8975"},"modified":"2014-03-04T21:42:14","modified_gmt":"2014-03-05T00:42:14","slug":"con-tres-partidos-se-abre-la-fecha-6-del-torneo-final","status":"publish","type":"post","link":"https:\/\/www.cordobatimes.com\/deportes\/futbol\/2014\/03\/04\/con-tres-partidos-se-abre-la-fecha-6-del-torneo-final\/","title":{"rendered":"Con tres partidos se abre la fecha 6 del Torneo Final"},"content":{"rendered":"<h3><strong><a href=\"http:\/\/www.cordobatimes.com\/deportes\/wp-content\/uploads\/2014\/03\/Colon-Godoy-Cruz.jpg\"><img loading=\"lazy\" decoding=\"async\" class=\"alignnone size-large wp-image-8976\" alt=\"Colon - Godoy Cruz\" src=\"http:\/\/www.cordobatimes.com\/deportes\/wp-content\/uploads\/2014\/03\/Colon-Godoy-Cruz-1024x803.jpg\" width=\"1024\" height=\"803\" data-id=\"8976\" srcset=\"https:\/\/www.cordobatimes.com\/deportes\/wp-content\/uploads\/2014\/03\/Colon-Godoy-Cruz-1024x803.jpg 1024w, https:\/\/www.cordobatimes.com\/deportes\/wp-content\/uploads\/2014\/03\/Colon-Godoy-Cruz-300x235.jpg 300w, https:\/\/www.cordobatimes.com\/deportes\/wp-content\/uploads\/2014\/03\/Colon-Godoy-Cruz.jpg 2048w\" sizes=\"auto, (max-width: 1024px) 100vw, 1024px\" \/><\/a><\/strong><\/h3>\n<h3><strong>Luego de la jornada disputada el fin de semana, la Asociaci\u00f3n del F\u00fatbol Argentino dispuso en su calendario realizar una durante la semana. Col\u00f3n, hasta ahora \u00fanico l\u00edder, recibe a Godoy Cruz, otro de los protagonistas en la tabla de arriba. Mir\u00e1 el resto de la programaci\u00f3n para este martes.<\/strong><\/h3>\n<p>&nbsp;<\/p>\n<p>A partir de las 17, el Sabalero ser\u00e1 local en el Brigadier Estanislao L\u00f3pez del Tomba. Los de Santa Fe llegan como punteros absolutos del campeonato y buscar\u00e1n seguir sumando para cumplir su verdadero objetivo, salvarse del descenso. Por su parte, el elenco mendocino viene de caer con Gimnasia. Televisa TV P\u00fablica y arbitra Diego Abal.<\/p>\n<p><strong>FORMACIONES<\/strong><\/p>\n<p><b>Col\u00f3n:\u00a0<\/b>Germ\u00e1n Montoya; Luis Castillo, Gerardo Alcoba, Lucas Landa, Cristian Sain; Gabriel Graciani, C\u00e9sar Meli, Ezequiel Videla, Jacobo Mansilla; Carlos Luque y Lucas Alario.<b>\u00a0<\/b>DT<b>:\u00a0<\/b>Diego Osella.<\/p>\n<p><b>Godoy Cruz:\u00a0<\/b>Jorge Carranza; Nicol\u00e1s S\u00e1nchez, Leonardo Sigali, Leandro Grimi; Jos\u00e9 San R\u00f3man, Federico L\u00e9rtora, Jos\u00e9 Luis Fern\u00e1ndez, Gonzalo Castellani; Gonzalo D\u00edaz; Facundo Castill\u00f3n y Mauro \u00d3bolo.\u00a0DT:\u00a0Jorge Almir\u00f3n.<\/p>\n<p>&nbsp;<\/p>\n<p>M\u00e1s tarde, desde las 19.10, Gimnasia enfrentar\u00e1 en La Plata a Atl\u00e9tico Rafaela. Los de Pedro Troglio vencieron en la \u00faltima fecha a Godoy Cruz, mientras que la Crema perdi\u00f3 con Belgrano. Televisa la TV P\u00fablica y dirige Diego Abal.<\/p>\n<p><strong>FORMACIONES<\/strong><\/p>\n<p><strong>Gimnasia:<\/strong> Fernando Monetti, Facundo J. Oreja, Maximiliano Coronel, Juan C. Blengio, Lucas M. Licht, Gast\u00f3n D\u00edaz, Omar Pouso, Franco G. Mussis, Javier Mendoza, Gustavo Bou y Facundo Pereyra. DT: Pedro Troglio.<\/p>\n<p><strong>Atl\u00e9tico de Rafaela:<\/strong>\u00a0Conde; Rodales, Garc\u00e9, Erramuspe, Sacks; Mansanelli, Ferreyra, Bast\u00eda, Eluchans; Albertengo y Vera. DT: Burruchaga.<\/p>\n<p>&nbsp;<\/p>\n<p>El \u00faltimo turno de hoy estar\u00e1 reservado para el duelo entre All Boys y Argentinos, en uno de los denominados &#8220;cl\u00e1sicos de barrio&#8221;. Los de Floresta le igualaron a Racing en la fecha pasada y deben sumar si no quieren tener m\u00e1s problemas con el descenso. El Bicho de Claudio Borghi, por su lado, obtuvo un importante 2-0 en su \u00faltima presentaci\u00f3n contra Arsenal.<\/p>\n<p><strong>FORMACIONES<\/strong><\/p>\n<p><strong>All Boys:<\/strong>\u00a0Nicol\u00e1s Cambiasso; Santiago Ladino, Carlos Casteglione, Nehu\u00e9n Paz, Marcelo Bustamante; Gonzalo Espinoza, Roberto Battion; Nicol\u00e1s Cabrera, Juan Cruz Careaga, Oscar Ahumada; y Javier C\u00e1mpora. DT: Ricardo Rodr\u00edguez.<\/p>\n<p><strong>Argentinos:<\/strong>\u00a0Nereo Fern\u00e1ndez; Diego Barisone, Miguel Torr\u00e9n, Gianmarco Gambetta, Santiago Nag\u00fcel; Walter Serrano, Sergio Vittor, Juan Ram\u00edrez; Leonardo Pisculichi; Ra\u00fal Becerra y Hern\u00e1n Boyero.\u00a0DT<strong>:<\/strong>\u00a0Claudio Borghi.<\/p>\n<p>&nbsp;<\/p>\n<p><strong>TODAS LAS ESTAD\u00cdSTICAS DE LA FECHA 5: <a title=\"Torneo Final: resultados, show de goles y posiciones luego de la fecha 5\" href=\"http:\/\/www.cordobatimes.com\/deportes\/futbol\/2014\/03\/03\/torneo-final-resultados-posiciones-y-show-de-goles-luego-de-la-fecha-5\/\"><span style=\"color: #0000ff;\">CLICK AC\u00c1<\/span><\/a><\/strong><\/p>\n","protected":false},"excerpt":{"rendered":"<p>Luego de la jornada disputada el fin de semana, la Asociaci\u00f3n del F\u00fatbol Argentino dispuso en su calendario realizar una durante la semana. Col\u00f3n, hasta ahora \u00fanico l\u00edder, recibe a Godoy Cruz, otro de los protagonistas en la tabla de arriba. Mir\u00e1 el resto de la programaci\u00f3n para este martes. &nbsp; A partir de las [&hellip;]<\/p>\n","protected":false},"author":2,"featured_media":8978,"comment_status":"open","ping_status":"open","sticky":false,"template":"","format":"standard","meta":{"_seopress_robots_primary_cat":"","_seopress_titles_title":"","_seopress_titles_desc":"","_seopress_robots_index":"","footnotes":""},"categories":[2,16],"tags":[2003,2004,1376],"class_list":["post-8975","post","type-post","status-publish","format-standard","has-post-thumbnail","hentry","category-futbol","category-primera-division","tag-fecha-6","tag-futbol-de-argentina","tag-torneo-final-2014"],"_links":{"self":[{"href":"https:\/\/www.cordobatimes.com\/deportes\/wp-json\/wp\/v2\/posts\/8975","targetHints":{"allow":["GET"]}}],"collection":[{"href":"https:\/\/www.cordobatimes.com\/deportes\/wp-json\/wp\/v2\/posts"}],"about":[{"href":"https:\/\/www.cordobatimes.com\/deportes\/wp-json\/wp\/v2\/types\/post"}],"author":[{"embeddable":true,"href":"https:\/\/www.cordobatimes.com\/deportes\/wp-json\/wp\/v2\/users\/2"}],"replies":[{"embeddable":true,"href":"https:\/\/www.cordobatimes.com\/deportes\/wp-json\/wp\/v2\/comments?post=8975"}],"version-history":[{"count":0,"href":"https:\/\/www.cordobatimes.com\/deportes\/wp-json\/wp\/v2\/posts\/8975\/revisions"}],"wp:featuredmedia":[{"embeddable":true,"href":"https:\/\/www.cordobatimes.com\/deportes\/wp-json\/wp\/v2\/media\/8978"}],"wp:attachment":[{"href":"https:\/\/www.cordobatimes.com\/deportes\/wp-json\/wp\/v2\/media?parent=8975"}],"wp:term":[{"taxonomy":"category","embeddable":true,"href":"https:\/\/www.cordobatimes.com\/deportes\/wp-json\/wp\/v2\/categories?post=8975"},{"taxonomy":"post_tag","embeddable":true,"href":"https:\/\/www.cordobatimes.com\/deportes\/wp-json\/wp\/v2\/tags?post=8975"}],"curies":[{"name":"wp","href":"https:\/\/api.w.org\/{rel}","templated":true}]}}