{"id":8961,"date":"2014-03-04T12:56:06","date_gmt":"2014-03-04T15:56:06","guid":{"rendered":"http:\/\/www.cordobatimes.com\/deportes\/?p=8961"},"modified":"2014-03-04T17:10:20","modified_gmt":"2014-03-04T20:10:20","slug":"puyol-anuncio-su-retiro-del-barcelona","status":"publish","type":"post","link":"https:\/\/www.cordobatimes.com\/deportes\/futbol-internacional\/2014\/03\/04\/puyol-anuncio-su-retiro-del-barcelona\/","title":{"rendered":"Puyol anunci\u00f3 su retiro del Barcelona"},"content":{"rendered":"<h3 style=\"text-align: justify;\"><a href=\"http:\/\/www.cordobatimes.com\/deportes\/wp-content\/uploads\/2014\/03\/PUYOL.jpg\"><img loading=\"lazy\" decoding=\"async\" class=\"size-full wp-image-8962 aligncenter\" alt=\"PUYOL\" src=\"http:\/\/www.cordobatimes.com\/deportes\/wp-content\/uploads\/2014\/03\/PUYOL.jpg\" width=\"570\" height=\"355\" data-id=\"8962\" srcset=\"https:\/\/www.cordobatimes.com\/deportes\/wp-content\/uploads\/2014\/03\/PUYOL.jpg 570w, https:\/\/www.cordobatimes.com\/deportes\/wp-content\/uploads\/2014\/03\/PUYOL-300x186.jpg 300w\" sizes=\"auto, (max-width: 570px) 100vw, 570px\" \/><\/a><\/h3>\n<h3 style=\"text-align: justify;\"><b>El capit\u00e1n del conjunto catal\u00e1n, Carles Puyol, de 35 a\u00f1os, comunic\u00f3 que abandonar\u00e1 el club a final de esta temporada debido a los problemas f\u00edsicos que le impiden rendir a m\u00e1ximo nivel. Todav\u00eda no se sabe cu\u00e1l ser\u00e1 su futuro.<\/b><\/h3>\n<p>&nbsp;<\/p>\n<p style=\"text-align: justify;\">\u201cTras las dos \u00faltimas operaciones en la rodilla, me est\u00e1 costando mucho recuperar el nivel que yo me exijo para continuar aqu\u00ed,\u00a0m\u00e1s de lo que yo me pensaba y mucho m\u00e1s de lo que me dijeron los cirujanos. Por eso he tomado esta decisi\u00f3n&#8221;, declar\u00f3 el emblem\u00e1tico defensor del equipo catal\u00e1n y de la selecci\u00f3n espa\u00f1ola, quien obtuvo una Euro y un Mundial.<\/p>\n<p style=\"text-align: justify;\">&#8220;A final de temporada dejar\u00e9 de ser jugador del FC Barcelona&#8221;, afirm\u00f3 el central, internacional con Espa\u00f1a y capit\u00e1n del club azulgrana durante la \u00faltima d\u00e9cada.<\/p>\n<p style=\"text-align: justify;\">Un emblema del mejor Bar\u00e7a de la historia y hasta hace pocas temporadas titular indiscutible en el eje de la defensa, sufri\u00f3 con las continuas lesiones que desde el a\u00f1o 2012 complicaron su rendimiento y lo relegaron habitualmente al banco de suplentes.<\/p>\n","protected":false},"excerpt":{"rendered":"<p>El capit\u00e1n del conjunto catal\u00e1n, Carles Puyol, de 35 a\u00f1os, comunic\u00f3 que abandonar\u00e1 el club a final de esta temporada debido a los problemas f\u00edsicos que le impiden rendir a m\u00e1ximo nivel. Todav\u00eda no se sabe cu\u00e1l ser\u00e1 su futuro. &nbsp; \u201cTras las dos \u00faltimas operaciones en la rodilla, me est\u00e1 costando mucho recuperar el [&hellip;]<\/p>\n","protected":false},"author":20,"featured_media":8962,"comment_status":"open","ping_status":"open","sticky":false,"template":"","format":"standard","meta":{"_seopress_robots_primary_cat":"","_seopress_titles_title":"","_seopress_titles_desc":"","_seopress_robots_index":"","footnotes":""},"categories":[18],"tags":[67,368,1996,209],"class_list":["post-8961","post","type-post","status-publish","format-standard","has-post-thumbnail","hentry","category-futbol-internacional","tag-barcelona","tag-lesion","tag-puyol","tag-retiro"],"_links":{"self":[{"href":"https:\/\/www.cordobatimes.com\/deportes\/wp-json\/wp\/v2\/posts\/8961","targetHints":{"allow":["GET"]}}],"collection":[{"href":"https:\/\/www.cordobatimes.com\/deportes\/wp-json\/wp\/v2\/posts"}],"about":[{"href":"https:\/\/www.cordobatimes.com\/deportes\/wp-json\/wp\/v2\/types\/post"}],"author":[{"embeddable":true,"href":"https:\/\/www.cordobatimes.com\/deportes\/wp-json\/wp\/v2\/users\/20"}],"replies":[{"embeddable":true,"href":"https:\/\/www.cordobatimes.com\/deportes\/wp-json\/wp\/v2\/comments?post=8961"}],"version-history":[{"count":0,"href":"https:\/\/www.cordobatimes.com\/deportes\/wp-json\/wp\/v2\/posts\/8961\/revisions"}],"wp:featuredmedia":[{"embeddable":true,"href":"https:\/\/www.cordobatimes.com\/deportes\/wp-json\/wp\/v2\/media\/8962"}],"wp:attachment":[{"href":"https:\/\/www.cordobatimes.com\/deportes\/wp-json\/wp\/v2\/media?parent=8961"}],"wp:term":[{"taxonomy":"category","embeddable":true,"href":"https:\/\/www.cordobatimes.com\/deportes\/wp-json\/wp\/v2\/categories?post=8961"},{"taxonomy":"post_tag","embeddable":true,"href":"https:\/\/www.cordobatimes.com\/deportes\/wp-json\/wp\/v2\/tags?post=8961"}],"curies":[{"name":"wp","href":"https:\/\/api.w.org\/{rel}","templated":true}]}}