{"id":8874,"date":"2014-03-02T12:10:33","date_gmt":"2014-03-02T15:10:33","guid":{"rendered":"http:\/\/www.cordobatimes.com\/deportes\/?p=8874"},"modified":"2014-03-02T12:10:33","modified_gmt":"2014-03-02T15:10:33","slug":"uno-de-los-estadios-para-el-mundial-sufrio-con-el-temporal-video","status":"publish","type":"post","link":"https:\/\/www.cordobatimes.com\/deportes\/futbol\/2014\/03\/02\/uno-de-los-estadios-para-el-mundial-sufrio-con-el-temporal-video\/","title":{"rendered":"Uno de los estadios para el Mundial sufri\u00f3 con el temporal (Video)"},"content":{"rendered":"<h3><strong><a href=\"http:\/\/www.cordobatimes.com\/deportes\/wp-content\/uploads\/2014\/03\/Mineirao.jpg\"><img loading=\"lazy\" decoding=\"async\" class=\"size-full wp-image-8875 aligncenter\" alt=\"Mineirao\" src=\"http:\/\/www.cordobatimes.com\/deportes\/wp-content\/uploads\/2014\/03\/Mineirao.jpg\" width=\"690\" height=\"390\" data-id=\"8875\" srcset=\"https:\/\/www.cordobatimes.com\/deportes\/wp-content\/uploads\/2014\/03\/Mineirao.jpg 690w, https:\/\/www.cordobatimes.com\/deportes\/wp-content\/uploads\/2014\/03\/Mineirao-300x169.jpg 300w\" sizes=\"auto, (max-width: 690px) 100vw, 690px\" \/><\/a><\/strong><\/h3>\n<h3><strong>Se trata del Mineirao, dentro del estado de Minas Gerais. Fue azotado por las lluvias y los fuertes vientos que tuvieron epicentro en la localidad de Pampulha. Mir\u00e1 las im\u00e1genes.<\/strong><\/h3>\n<p>&nbsp;<\/p>\n<p>A poco m\u00e1s de tres meses para el inicio de la Copa del Mundo, Brasil sigue penando por sus estadios. En este caso, no se trata de un atraso en las obras ni accidentes en su interior, como si ocurri\u00f3 en otros centros. El Mineirao, donde Atl\u00e9tico Mineiro hace de local recibir\u00e1 seis partidos del Mundial, entre ellos el segundo de la zona F entre Argentina e Ir\u00e1n (21 de junio a las 13 horas).<\/p>\n<p>Te dejamos las im\u00e1genes de los destrozos que produjo el fen\u00f3meno clim\u00e1tico:<\/p>\n<p><iframe loading=\"lazy\" src=\"\/\/www.youtube.com\/embed\/9ldrq9H1_uI\" height=\"315\" width=\"560\" allowfullscreen=\"\" frameborder=\"0\"><\/iframe><\/p>\n","protected":false},"excerpt":{"rendered":"<p>Se trata del Mineirao, dentro del estado de Minas Gerais. Fue azotado por las lluvias y los fuertes vientos que tuvieron epicentro en la localidad de Pampulha. Mir\u00e1 las im\u00e1genes. &nbsp; A poco m\u00e1s de tres meses para el inicio de la Copa del Mundo, Brasil sigue penando por sus estadios. En este caso, no [&hellip;]<\/p>\n","protected":false},"author":2,"featured_media":8875,"comment_status":"open","ping_status":"open","sticky":false,"template":"","format":"standard","meta":{"_seopress_robots_primary_cat":"","_seopress_titles_title":"","_seopress_titles_desc":"","_seopress_robots_index":"","footnotes":""},"categories":[2,18,22],"tags":[476,1987],"class_list":["post-8874","post","type-post","status-publish","format-standard","has-post-thumbnail","hentry","category-futbol","category-futbol-internacional","category-mundial-brasil-2014","tag-brasil-2014","tag-mineirao"],"_links":{"self":[{"href":"https:\/\/www.cordobatimes.com\/deportes\/wp-json\/wp\/v2\/posts\/8874","targetHints":{"allow":["GET"]}}],"collection":[{"href":"https:\/\/www.cordobatimes.com\/deportes\/wp-json\/wp\/v2\/posts"}],"about":[{"href":"https:\/\/www.cordobatimes.com\/deportes\/wp-json\/wp\/v2\/types\/post"}],"author":[{"embeddable":true,"href":"https:\/\/www.cordobatimes.com\/deportes\/wp-json\/wp\/v2\/users\/2"}],"replies":[{"embeddable":true,"href":"https:\/\/www.cordobatimes.com\/deportes\/wp-json\/wp\/v2\/comments?post=8874"}],"version-history":[{"count":0,"href":"https:\/\/www.cordobatimes.com\/deportes\/wp-json\/wp\/v2\/posts\/8874\/revisions"}],"wp:featuredmedia":[{"embeddable":true,"href":"https:\/\/www.cordobatimes.com\/deportes\/wp-json\/wp\/v2\/media\/8875"}],"wp:attachment":[{"href":"https:\/\/www.cordobatimes.com\/deportes\/wp-json\/wp\/v2\/media?parent=8874"}],"wp:term":[{"taxonomy":"category","embeddable":true,"href":"https:\/\/www.cordobatimes.com\/deportes\/wp-json\/wp\/v2\/categories?post=8874"},{"taxonomy":"post_tag","embeddable":true,"href":"https:\/\/www.cordobatimes.com\/deportes\/wp-json\/wp\/v2\/tags?post=8874"}],"curies":[{"name":"wp","href":"https:\/\/api.w.org\/{rel}","templated":true}]}}