{"id":8805,"date":"2014-02-28T12:37:43","date_gmt":"2014-02-28T15:37:43","guid":{"rendered":"http:\/\/www.cordobatimes.com\/deportes\/?p=8805"},"modified":"2014-02-28T12:40:54","modified_gmt":"2014-02-28T15:40:54","slug":"sabella-tiene-listo-los-23-jugadores-para-el-amistoso-con-rumania","status":"publish","type":"post","link":"https:\/\/www.cordobatimes.com\/deportes\/mundial-brasil-2014\/2014\/02\/28\/sabella-tiene-listo-los-23-jugadores-para-el-amistoso-con-rumania\/","title":{"rendered":"Sabella tiene la lista de los jugadores para el amistoso con Rumania"},"content":{"rendered":"<h3 style=\"text-align: justify;\"><a href=\"http:\/\/www.cordobatimes.com\/deportes\/wp-content\/uploads\/2014\/02\/sabella-1.jpg\"><img loading=\"lazy\" decoding=\"async\" class=\"size-full wp-image-8806 aligncenter\" alt=\"sabella (1)\" src=\"http:\/\/www.cordobatimes.com\/deportes\/wp-content\/uploads\/2014\/02\/sabella-1.jpg\" width=\"600\" height=\"338\" data-id=\"8806\" srcset=\"https:\/\/www.cordobatimes.com\/deportes\/wp-content\/uploads\/2014\/02\/sabella-1.jpg 600w, https:\/\/www.cordobatimes.com\/deportes\/wp-content\/uploads\/2014\/02\/sabella-1-300x169.jpg 300w\" sizes=\"auto, (max-width: 600px) 100vw, 600px\" \/><\/a><\/h3>\n<h3 style=\"text-align: justify;\"><b>Del\u00a0f\u00fatbol\u00a0local estar\u00e1n Orion, Gago, Maxi Rodr\u00edguez y Banega. Ser\u00e1 el \u00faltimo encuentro antes de que el DT conforme la lista\u00a0definitiva de los 23 que viajar\u00e1n a Brasil.<\/b><\/h3>\n<p style=\"text-align: justify;\">\n<p style=\"text-align: justify;\">Alejandro Sabella dio a conocer a los convocados para el partido amistoso que el mi\u00e9rcoles la selecci\u00f3n jugar\u00e1 ante Rumania, en Bucarest.<\/p>\n<p style=\"text-align: justify;\">Los jugadores argentinos que juegan ac\u00e1 viajar\u00e1n el s\u00e1bado a Rumania. Gago y Orion jugar\u00e1n ante V\u00e9lez ese d\u00eda. Sin embargo, no ser\u00e1 de la partido el domingo ante Estudiantes Maxi y Banega. Todos se perder\u00e1n la fecha entresemana.<\/p>\n<p style=\"text-align: justify;\">Tamb\u00e9n est\u00e1n confirmados los futbolistas que juegan en Europa: Lionel Messi, Javier Mascherano, Jos\u00e9 Sosa, Angel Di Mar\u00eda, Augusto Fern\u00e1ndez, Lisandro L\u00f3pez, Hugo Campagnaro, Ricky Alvarez, Rodrigo Palacio, Gonzalo Higua\u00edn, Federico Fern\u00e1ndez, Mariano And\u00fajar, Gino Peruzzi, Lucas Biglia, Sergio Ag\u00fcero, Pablo Zabaleta, Ezequiel Lavezzi, Sergio Romero, Ezequiel Garay, Marcos Rojo, Jos\u00e9 Basanta y Nicol\u00e1s Otamendi.<\/p>\n","protected":false},"excerpt":{"rendered":"<p>Del\u00a0f\u00fatbol\u00a0local estar\u00e1n Orion, Gago, Maxi Rodr\u00edguez y Banega. Ser\u00e1 el \u00faltimo encuentro antes de que el DT conforme la lista\u00a0definitiva de los 23 que viajar\u00e1n a Brasil. Alejandro Sabella dio a conocer a los convocados para el partido amistoso que el mi\u00e9rcoles la selecci\u00f3n jugar\u00e1 ante Rumania, en Bucarest. Los jugadores argentinos que juegan ac\u00e1 [&hellip;]<\/p>\n","protected":false},"author":20,"featured_media":8806,"comment_status":"open","ping_status":"open","sticky":false,"template":"","format":"standard","meta":{"_seopress_robots_primary_cat":"","_seopress_titles_title":"","_seopress_titles_desc":"","_seopress_robots_index":"","footnotes":""},"categories":[22],"tags":[1954,225,571],"class_list":["post-8805","post","type-post","status-publish","format-standard","has-post-thumbnail","hentry","category-mundial-brasil-2014","tag-alejandro-sabella","tag-convocados","tag-mundial-brasil-2014-2"],"_links":{"self":[{"href":"https:\/\/www.cordobatimes.com\/deportes\/wp-json\/wp\/v2\/posts\/8805","targetHints":{"allow":["GET"]}}],"collection":[{"href":"https:\/\/www.cordobatimes.com\/deportes\/wp-json\/wp\/v2\/posts"}],"about":[{"href":"https:\/\/www.cordobatimes.com\/deportes\/wp-json\/wp\/v2\/types\/post"}],"author":[{"embeddable":true,"href":"https:\/\/www.cordobatimes.com\/deportes\/wp-json\/wp\/v2\/users\/20"}],"replies":[{"embeddable":true,"href":"https:\/\/www.cordobatimes.com\/deportes\/wp-json\/wp\/v2\/comments?post=8805"}],"version-history":[{"count":0,"href":"https:\/\/www.cordobatimes.com\/deportes\/wp-json\/wp\/v2\/posts\/8805\/revisions"}],"wp:featuredmedia":[{"embeddable":true,"href":"https:\/\/www.cordobatimes.com\/deportes\/wp-json\/wp\/v2\/media\/8806"}],"wp:attachment":[{"href":"https:\/\/www.cordobatimes.com\/deportes\/wp-json\/wp\/v2\/media?parent=8805"}],"wp:term":[{"taxonomy":"category","embeddable":true,"href":"https:\/\/www.cordobatimes.com\/deportes\/wp-json\/wp\/v2\/categories?post=8805"},{"taxonomy":"post_tag","embeddable":true,"href":"https:\/\/www.cordobatimes.com\/deportes\/wp-json\/wp\/v2\/tags?post=8805"}],"curies":[{"name":"wp","href":"https:\/\/api.w.org\/{rel}","templated":true}]}}