{"id":8759,"date":"2014-02-27T11:25:17","date_gmt":"2014-02-27T14:25:17","guid":{"rendered":"http:\/\/www.cordobatimes.com\/deportes\/?p=8759"},"modified":"2014-02-27T11:25:17","modified_gmt":"2014-02-27T14:25:17","slug":"cristiano-ronaldo-ya-eligio-los-botines-que-usara-en-el-mundial-de-brasil","status":"publish","type":"post","link":"https:\/\/www.cordobatimes.com\/deportes\/futbol-internacional\/2014\/02\/27\/cristiano-ronaldo-ya-eligio-los-botines-que-usara-en-el-mundial-de-brasil\/","title":{"rendered":"Cristiano Ronaldo ya eligi\u00f3 los botines que usar\u00e1 en el Mundial de Brasil"},"content":{"rendered":"<h3 style=\"text-align: justify;\"><a href=\"http:\/\/www.cordobatimes.com\/deportes\/wp-content\/uploads\/2014\/02\/Cristiano-Ronaldo.jpg\"><img loading=\"lazy\" decoding=\"async\" class=\"size-full wp-image-8760 aligncenter\" alt=\"Cristiano-Ronaldo\" src=\"http:\/\/www.cordobatimes.com\/deportes\/wp-content\/uploads\/2014\/02\/Cristiano-Ronaldo.jpg\" width=\"750\" height=\"962\" data-id=\"8760\" \/><\/a><\/h3>\n<h3 style=\"text-align: justify;\"><b>El crack portugu\u00e9s ya tiene listo el calzado que utilizar\u00e1 en la pr\u00f3xima Copa del Mundo. Son de un verde llamativo, con toques de rosa y negro. <\/b><\/h3>\n<p style=\"text-align: justify;\">\n<p style=\"text-align: justify;\">\n<p style=\"text-align: justify;\">Hace algunas semanas, Lionel Messi present\u00f3 los botines que utilizar\u00e1 en el Mundial de Brasil, y ahora, le toc\u00f3 el turno a Cristiano Ronaldo.<\/p>\n<p style=\"text-align: justify;\">Fiel a su estilo, el portugu\u00e9s lucir\u00e1 un look much\u00edsimo m\u00e1s exc\u00e9ntrico. En esta oportunidad, los Mercurial Vapor X del delantero del Real Madrid tendr\u00e1n como color predominante un verde fl\u00faor que impresiona.<\/p>\n<p style=\"text-align: center;\"><a href=\"http:\/\/www.cordobatimes.com\/deportes\/wp-content\/uploads\/2014\/02\/botines-cr7.jpg\"><img loading=\"lazy\" decoding=\"async\" class=\"size-full wp-image-8761 aligncenter\" alt=\"botines cr7\" src=\"http:\/\/www.cordobatimes.com\/deportes\/wp-content\/uploads\/2014\/02\/botines-cr7.jpg\" width=\"770\" height=\"433\" data-id=\"8761\" srcset=\"https:\/\/www.cordobatimes.com\/deportes\/wp-content\/uploads\/2014\/02\/botines-cr7.jpg 770w, https:\/\/www.cordobatimes.com\/deportes\/wp-content\/uploads\/2014\/02\/botines-cr7-300x168.jpg 300w\" sizes=\"auto, (max-width: 770px) 100vw, 770px\" \/><\/a><\/p>\n<p style=\"text-align: justify;\">\n<p style=\"text-align: center;\"><a href=\"http:\/\/www.cordobatimes.com\/deportes\/wp-content\/uploads\/2014\/02\/botines-cr7-2.jpg\"><img loading=\"lazy\" decoding=\"async\" class=\"size-full wp-image-8762 aligncenter\" alt=\"botines cr7 2\" src=\"http:\/\/www.cordobatimes.com\/deportes\/wp-content\/uploads\/2014\/02\/botines-cr7-2.jpg\" width=\"480\" height=\"172\" data-id=\"8762\" srcset=\"https:\/\/www.cordobatimes.com\/deportes\/wp-content\/uploads\/2014\/02\/botines-cr7-2.jpg 480w, https:\/\/www.cordobatimes.com\/deportes\/wp-content\/uploads\/2014\/02\/botines-cr7-2-300x107.jpg 300w\" sizes=\"auto, (max-width: 480px) 100vw, 480px\" \/><\/a><\/p>\n","protected":false},"excerpt":{"rendered":"<p>El crack portugu\u00e9s ya tiene listo el calzado que utilizar\u00e1 en la pr\u00f3xima Copa del Mundo. Son de un verde llamativo, con toques de rosa y negro. Hace algunas semanas, Lionel Messi present\u00f3 los botines que utilizar\u00e1 en el Mundial de Brasil, y ahora, le toc\u00f3 el turno a Cristiano Ronaldo. Fiel a su estilo, [&hellip;]<\/p>\n","protected":false},"author":20,"featured_media":8760,"comment_status":"open","ping_status":"open","sticky":false,"template":"","format":"standard","meta":{"_seopress_robots_primary_cat":"","_seopress_titles_title":"","_seopress_titles_desc":"","_seopress_robots_index":"","footnotes":""},"categories":[18],"tags":[1970,185,571],"class_list":["post-8759","post","type-post","status-publish","format-standard","has-post-thumbnail","hentry","category-futbol-internacional","tag-botines","tag-cristiano-ronaldo","tag-mundial-brasil-2014-2"],"_links":{"self":[{"href":"https:\/\/www.cordobatimes.com\/deportes\/wp-json\/wp\/v2\/posts\/8759","targetHints":{"allow":["GET"]}}],"collection":[{"href":"https:\/\/www.cordobatimes.com\/deportes\/wp-json\/wp\/v2\/posts"}],"about":[{"href":"https:\/\/www.cordobatimes.com\/deportes\/wp-json\/wp\/v2\/types\/post"}],"author":[{"embeddable":true,"href":"https:\/\/www.cordobatimes.com\/deportes\/wp-json\/wp\/v2\/users\/20"}],"replies":[{"embeddable":true,"href":"https:\/\/www.cordobatimes.com\/deportes\/wp-json\/wp\/v2\/comments?post=8759"}],"version-history":[{"count":0,"href":"https:\/\/www.cordobatimes.com\/deportes\/wp-json\/wp\/v2\/posts\/8759\/revisions"}],"wp:featuredmedia":[{"embeddable":true,"href":"https:\/\/www.cordobatimes.com\/deportes\/wp-json\/wp\/v2\/media\/8760"}],"wp:attachment":[{"href":"https:\/\/www.cordobatimes.com\/deportes\/wp-json\/wp\/v2\/media?parent=8759"}],"wp:term":[{"taxonomy":"category","embeddable":true,"href":"https:\/\/www.cordobatimes.com\/deportes\/wp-json\/wp\/v2\/categories?post=8759"},{"taxonomy":"post_tag","embeddable":true,"href":"https:\/\/www.cordobatimes.com\/deportes\/wp-json\/wp\/v2\/tags?post=8759"}],"curies":[{"name":"wp","href":"https:\/\/api.w.org\/{rel}","templated":true}]}}