{"id":8756,"date":"2014-02-27T11:12:48","date_gmt":"2014-02-27T14:12:48","guid":{"rendered":"http:\/\/www.cordobatimes.com\/deportes\/?p=8756"},"modified":"2014-02-27T11:12:48","modified_gmt":"2014-02-27T14:12:48","slug":"polemica-por-la-edad-de-samuel-etoo","status":"publish","type":"post","link":"https:\/\/www.cordobatimes.com\/deportes\/futbol-internacional\/2014\/02\/27\/polemica-por-la-edad-de-samuel-etoo\/","title":{"rendered":"Pol\u00e9mica por la edad de Samuel Eto\u2019o"},"content":{"rendered":"<h3 style=\"text-align: justify;\"><a href=\"http:\/\/www.cordobatimes.com\/deportes\/wp-content\/uploads\/2014\/02\/etoo.jpg\"><img loading=\"lazy\" decoding=\"async\" class=\"size-full wp-image-8757 aligncenter\" alt=\"etoo\" src=\"http:\/\/www.cordobatimes.com\/deportes\/wp-content\/uploads\/2014\/02\/etoo.jpg\" width=\"768\" height=\"432\" data-id=\"8757\" srcset=\"https:\/\/www.cordobatimes.com\/deportes\/wp-content\/uploads\/2014\/02\/etoo.jpg 768w, https:\/\/www.cordobatimes.com\/deportes\/wp-content\/uploads\/2014\/02\/etoo-300x168.jpg 300w\" sizes=\"auto, (max-width: 768px) 100vw, 768px\" \/><\/a><\/h3>\n<h3 style=\"text-align: justify;\"><b>Con los dichos de Mourinho se instal\u00f3 el debate acerca de cuantos a\u00f1os tiene el camerun\u00e9s. Su documento dice que tiene 32, pero su ex esposa asegura que tiene m\u00e1s.<\/b><\/h3>\n<p style=\"text-align: justify;\">\n<p style=\"text-align: justify;\">\n<p style=\"text-align: justify;\">&#8220;El problema en el Chelsea es que me falta un goleador. Tengo un equipo, pero no un delantero. Tengo a Eto\u2019o, pero tiene 32 a\u00f1os, quiz\u00e1s 35, qui\u00e9n sabe&#8221;. Las palabras de Jos\u00e9 Mourinho fueron captadas, sin autorizaci\u00f3n, por las c\u00e1maras de la cadena francesa Canal Plus, en una conversaci\u00f3n privada en un acto publicitario el 17 de febrero.<\/p>\n<p style=\"text-align: justify;\">&#8220;Creo que Samuel no tiene 35 a\u00f1os, tiene m\u00e1s. Naci\u00f3 en 1974&#8221;, asegur\u00f3 Anna Barranca, madre de Annie, hija del goleador africano. Pese al dato, que le puso a\u00fan m\u00e1s pol\u00e9mica al revuelo que hab\u00edan generado las palabras de Mou, el documento de Samuel Eto\u2019o se\u00f1ala que el futbolista naci\u00f3 el 10 de marzo de 1981, por lo que tiene 32 a\u00f1os.<\/p>\n<p style=\"text-align: justify;\">&#8220;Era una conversaci\u00f3n divertida con alguien que no pertenece al mundo del f\u00fatbol. Es una verg\u00fcenza que alguien grabe una conversaci\u00f3n privada&#8221;, se lament\u00f3 Mourinho sobre sus dichos. &#8220;No estoy defendiendo lo que digo, estoy atacando algo que creo que es fundamental en su \u00e1rea profesional&#8221;, lanz\u00f3 a los periodistas.<\/p>\n<p style=\"text-align: justify;\">&#8220;Por mi parte, el comentario no es acertado en absoluto, no es algo que dir\u00eda de forma seria, no es algo que dir\u00eda en una entrevista&#8221;, a\u00f1adi\u00f3. &#8220;Primero porque no hago bromas, segundo porque si hay un t\u00e9cnico en el mundo que realmente defiende a sus jugadores, \u00e9se soy yo. Y tercero, porque Samuel Eto&#8217;o es Samuel Eto\u2019o&#8221;, argument\u00f3.<\/p>\n<p><iframe loading=\"lazy\" src=\"\/\/www.youtube.com\/embed\/DyYum5JGb7s\" height=\"315\" width=\"560\" allowfullscreen=\"\" frameborder=\"0\"><\/iframe><\/p>\n","protected":false},"excerpt":{"rendered":"<p>Con los dichos de Mourinho se instal\u00f3 el debate acerca de cuantos a\u00f1os tiene el camerun\u00e9s. Su documento dice que tiene 32, pero su ex esposa asegura que tiene m\u00e1s. &#8220;El problema en el Chelsea es que me falta un goleador. Tengo un equipo, pero no un delantero. Tengo a Eto\u2019o, pero tiene 32 a\u00f1os, [&hellip;]<\/p>\n","protected":false},"author":20,"featured_media":8757,"comment_status":"open","ping_status":"open","sticky":false,"template":"","format":"standard","meta":{"_seopress_robots_primary_cat":"","_seopress_titles_title":"","_seopress_titles_desc":"","_seopress_robots_index":"","footnotes":""},"categories":[18],"tags":[1969,1968,121],"class_list":["post-8756","post","type-post","status-publish","format-standard","has-post-thumbnail","hentry","category-futbol-internacional","tag-edad","tag-etoo","tag-mourinho"],"_links":{"self":[{"href":"https:\/\/www.cordobatimes.com\/deportes\/wp-json\/wp\/v2\/posts\/8756","targetHints":{"allow":["GET"]}}],"collection":[{"href":"https:\/\/www.cordobatimes.com\/deportes\/wp-json\/wp\/v2\/posts"}],"about":[{"href":"https:\/\/www.cordobatimes.com\/deportes\/wp-json\/wp\/v2\/types\/post"}],"author":[{"embeddable":true,"href":"https:\/\/www.cordobatimes.com\/deportes\/wp-json\/wp\/v2\/users\/20"}],"replies":[{"embeddable":true,"href":"https:\/\/www.cordobatimes.com\/deportes\/wp-json\/wp\/v2\/comments?post=8756"}],"version-history":[{"count":0,"href":"https:\/\/www.cordobatimes.com\/deportes\/wp-json\/wp\/v2\/posts\/8756\/revisions"}],"wp:featuredmedia":[{"embeddable":true,"href":"https:\/\/www.cordobatimes.com\/deportes\/wp-json\/wp\/v2\/media\/8757"}],"wp:attachment":[{"href":"https:\/\/www.cordobatimes.com\/deportes\/wp-json\/wp\/v2\/media?parent=8756"}],"wp:term":[{"taxonomy":"category","embeddable":true,"href":"https:\/\/www.cordobatimes.com\/deportes\/wp-json\/wp\/v2\/categories?post=8756"},{"taxonomy":"post_tag","embeddable":true,"href":"https:\/\/www.cordobatimes.com\/deportes\/wp-json\/wp\/v2\/tags?post=8756"}],"curies":[{"name":"wp","href":"https:\/\/api.w.org\/{rel}","templated":true}]}}