{"id":8675,"date":"2014-02-26T16:42:54","date_gmt":"2014-02-26T19:42:54","guid":{"rendered":"http:\/\/www.cordobatimes.com\/deportes\/?p=8675"},"modified":"2014-02-26T19:36:47","modified_gmt":"2014-02-26T22:36:47","slug":"real-madrid-se-mide-con-el-schalke-por-los-octavos-de-la-champions","status":"publish","type":"post","link":"https:\/\/www.cordobatimes.com\/deportes\/futbol\/2014\/02\/26\/real-madrid-se-mide-con-el-schalke-por-los-octavos-de-la-champions\/","title":{"rendered":"Real Madrid gole\u00f3 al Schalke 04 y liquid\u00f3 la serie (Video)"},"content":{"rendered":"<h3 style=\"text-align: justify;\"><a href=\"http:\/\/www.cordobatimes.com\/deportes\/wp-content\/uploads\/2014\/02\/real-madrid-schalke.jpg\"><img loading=\"lazy\" decoding=\"async\" class=\"aligncenter size-full wp-image-8698\" alt=\"real madrid - schalke\" src=\"http:\/\/www.cordobatimes.com\/deportes\/wp-content\/uploads\/2014\/02\/real-madrid-schalke.jpg\" width=\"770\" height=\"434\" data-id=\"8698\" srcset=\"https:\/\/www.cordobatimes.com\/deportes\/wp-content\/uploads\/2014\/02\/real-madrid-schalke.jpg 770w, https:\/\/www.cordobatimes.com\/deportes\/wp-content\/uploads\/2014\/02\/real-madrid-schalke-300x169.jpg 300w\" sizes=\"auto, (max-width: 770px) 100vw, 770px\" \/><\/a><\/h3>\n<h3 style=\"text-align: justify;\"><strong><span style=\"font-size: 13px;\">Por los octavos de final de la Liga de Campeones, el conjunto espa\u00f1ol venci\u00f3 por 6 a 1 al de Alemania jugando como visitante. Los goles los convirtieron en dos oportunidades cada uno\u00a0Cristiano Ronaldo, Karim Benzema y Gareth Bale. Para el local descont\u00f3\u00a0Klaas Huntelaar. \u00c1ngel Di Mar\u00eda fue titular en el &#8220;Merengue&#8221;.\u00a0<\/span><\/strong><\/h3>\n<p>&nbsp;<\/p>\n<p style=\"text-align: justify;\">Real Madrid asegur\u00f3 pr\u00e1cticamente su boleto a los cuartos de final de la Liga de Campeones de Europa, luego de que este mi\u00e9rcoles humill\u00f3 6-1 al Schalke 04 en el Veltins Arena.<\/p>\n<p style=\"text-align: justify;\">Schalke, fiel a su libreto de ceder la iniciativa al contrario para salir al contragolpe, tuvo algunas llegadas al \u00e1rea visitante en el inicio del compromiso. Casi todas por el costado de Jefferson Farf\u00e1n. Sin embargo,\u00a0las esperanzas de Schalke se derrumbaron cuando a los 13&#8242; lleg\u00f3 el gol de Karim Benzema, quien defini\u00f3 dentro del \u00e1rea tras un gran taco de Cristiano Ronaldo.<\/p>\n<p style=\"text-align: justify;\">Los alemanes pudieron empatar el partido de manera inmediata, pero\u00a0Iker Casillas estuvo magn\u00edfico para evitar el gol de Klaas-Jan Huntelaar.\u00a0Desde entonces, Real Madrid manej\u00f3 la posesi\u00f3n de la pelota y oblig\u00f3 a los locales a defender muy cerca de su propio arco.\u00a0 Al minuto 21 de partido,\u00a0Gareth Bale puso el segundo tras una gran jugada individual\u00a0que culmin\u00f3 con un buen remate por el primer palo.<\/p>\n<p style=\"text-align: justify;\">El resultado parec\u00eda corto para un Real Madrid que luc\u00eda muy superior en la cancha.\u00a0Fue Cristiano Ronaldo quien estir\u00f3 la diferencia al 52&#8242;, luego de una extraordinaria bicicleta y una mejor definici\u00f3n cruzada con la zurda. Minutos despu\u00e9s,\u00a0Benzema puso el cuarto y luego vino el de Gareth Bale, quien aprovech\u00f3 la asistencia de Sergio Ramos para poner el 5-0 que resolv\u00eda pr\u00e1cticamente la eliminatoria.<\/p>\n<p style=\"text-align: justify;\">Posteriormente,\u00a0Cristiano Ronaldo marc\u00f3 el 6-0 a pocos minutos del final. Cuando todo parec\u00eda indicar que terminar\u00eda as\u00ed,\u00a0Klaas-Jan Huntelaar sac\u00f3 un espectacular remate desde fuera del \u00e1rea que le rompi\u00f3 el arco a Iker Casillas\u00a0y puso punto final al r\u00e9cord del espa\u00f1ol, que se detuvo en 952 minutos sin recibir goles. As\u00ed, Real Madrid consigui\u00f3 un resultado que hace pr\u00e1cticamente innecesaria la vuelta.<\/p>\n<p><iframe loading=\"lazy\" src=\"\/\/www.youtube.com\/embed\/L0R45iNGg9Q\" height=\"315\" width=\"560\" allowfullscreen=\"\" frameborder=\"0\"><\/iframe><\/p>\n<p style=\"text-align: justify;\"><strong>Formaciones:<\/strong><\/p>\n<p><strong>Schalke 04:<\/strong> F\u00e4hrmann; H\u00f6wedes, Matip, Felipe Santana, Kolasinac; Boateng, Neust\u00e4dter; Jefferson Farf\u00e1n, Meyer, Goretzka o Draxler; y Jan Klaas Huntelaar. DT: Jens Keller.<\/p>\n<p><strong>Real Madrid:<\/strong> Iker Casillas; \u00c1lvaro Arbeloa, Pepe, Sergio Ramos, Marcelo; Xabi Alonso, Luka Modric, \u00c1ngel Di Mar\u00eda; Gareth Bale, Cristiano Ronaldo y Karim Benzema. DT: Carlo Ancelotti.<\/p>\n<p>\u00c1rbitro: Howard Webb (Inglaterra)<\/p>\n<p>Estadio: Veltins Arena<\/p>\n<p>Hora: 16.45 (ESPN y ESPN HD)<\/p>\n<p><strong>Por Alejandro Russenberger | @ale_russen | alejandro@cordobatimes.com<\/strong><\/p>\n","protected":false},"excerpt":{"rendered":"<p>Por los octavos de final de la Liga de Campeones, el conjunto espa\u00f1ol venci\u00f3 por 6 a 1 al de Alemania jugando como visitante. Los goles los convirtieron en dos oportunidades cada uno\u00a0Cristiano Ronaldo, Karim Benzema y Gareth Bale. Para el local descont\u00f3\u00a0Klaas Huntelaar. \u00c1ngel Di Mar\u00eda fue titular en el &#8220;Merengue&#8221;.\u00a0 &nbsp; Real Madrid [&hellip;]<\/p>\n","protected":false},"author":10,"featured_media":8698,"comment_status":"open","ping_status":"open","sticky":false,"template":"","format":"standard","meta":{"_seopress_robots_primary_cat":"","_seopress_titles_title":"","_seopress_titles_desc":"","_seopress_robots_index":"","footnotes":""},"categories":[2,18],"tags":[1857,362,185,70,1960],"class_list":["post-8675","post","type-post","status-publish","format-standard","has-post-thumbnail","hentry","category-futbol","category-futbol-internacional","tag-angel-di-maria","tag-champions-league","tag-cristiano-ronaldo","tag-real-madrid","tag-schalke-04"],"_links":{"self":[{"href":"https:\/\/www.cordobatimes.com\/deportes\/wp-json\/wp\/v2\/posts\/8675","targetHints":{"allow":["GET"]}}],"collection":[{"href":"https:\/\/www.cordobatimes.com\/deportes\/wp-json\/wp\/v2\/posts"}],"about":[{"href":"https:\/\/www.cordobatimes.com\/deportes\/wp-json\/wp\/v2\/types\/post"}],"author":[{"embeddable":true,"href":"https:\/\/www.cordobatimes.com\/deportes\/wp-json\/wp\/v2\/users\/10"}],"replies":[{"embeddable":true,"href":"https:\/\/www.cordobatimes.com\/deportes\/wp-json\/wp\/v2\/comments?post=8675"}],"version-history":[{"count":0,"href":"https:\/\/www.cordobatimes.com\/deportes\/wp-json\/wp\/v2\/posts\/8675\/revisions"}],"wp:featuredmedia":[{"embeddable":true,"href":"https:\/\/www.cordobatimes.com\/deportes\/wp-json\/wp\/v2\/media\/8698"}],"wp:attachment":[{"href":"https:\/\/www.cordobatimes.com\/deportes\/wp-json\/wp\/v2\/media?parent=8675"}],"wp:term":[{"taxonomy":"category","embeddable":true,"href":"https:\/\/www.cordobatimes.com\/deportes\/wp-json\/wp\/v2\/categories?post=8675"},{"taxonomy":"post_tag","embeddable":true,"href":"https:\/\/www.cordobatimes.com\/deportes\/wp-json\/wp\/v2\/tags?post=8675"}],"curies":[{"name":"wp","href":"https:\/\/api.w.org\/{rel}","templated":true}]}}