{"id":8672,"date":"2014-02-26T15:12:17","date_gmt":"2014-02-26T18:12:17","guid":{"rendered":"http:\/\/www.cordobatimes.com\/deportes\/?p=8672"},"modified":"2014-02-26T20:16:49","modified_gmt":"2014-02-26T23:16:49","slug":"b-nacional-juegan-los-punteros","status":"publish","type":"post","link":"https:\/\/www.cordobatimes.com\/deportes\/futbol\/2014\/02\/26\/b-nacional-juegan-los-punteros\/","title":{"rendered":"B Nacional: juegan los punteros"},"content":{"rendered":"<p style=\"text-align: center;\"><b><a href=\"http:\/\/www.cordobatimes.com\/deportes\/wp-content\/uploads\/2014\/02\/Banfield.jpg\"><img loading=\"lazy\" decoding=\"async\" class=\"size-full wp-image-8673 aligncenter\" alt=\"Banfield\" src=\"http:\/\/www.cordobatimes.com\/deportes\/wp-content\/uploads\/2014\/02\/Banfield.jpg\" width=\"424\" height=\"318\" data-id=\"8673\" srcset=\"https:\/\/www.cordobatimes.com\/deportes\/wp-content\/uploads\/2014\/02\/Banfield.jpg 424w, https:\/\/www.cordobatimes.com\/deportes\/wp-content\/uploads\/2014\/02\/Banfield-300x224.jpg 300w, https:\/\/www.cordobatimes.com\/deportes\/wp-content\/uploads\/2014\/02\/Banfield-423x318.jpg 423w\" sizes=\"auto, (max-width: 424px) 100vw, 424px\" \/><\/a><\/b><\/p>\n<h3 style=\"text-align: justify;\"><b>Este mi\u00e9rcoles cierran la fecha 25 los candidatos al ascenso. Banfield visita a Gimnasia (Jujuy), Independiente recibe a Atl\u00e9tico Tucum\u00e1n, mientras que Defensa y Justicia espera a Aldosivi.<\/b><\/h3>\n<p>&nbsp;<\/p>\n<p style=\"text-align: justify;\">Luego de la sorpresiva ca\u00edda frente a Sportivo Belgrano, Banfield, l\u00edder del campeonato, saldr\u00e1 a la cancha en Jujuy, esta tarde desde las 18 ante el Lobo. Volver\u00eda Tagliafico (cumpli\u00f3 la fecha de suspensi\u00f3n), en lugar de Zarif. La \u00fanica duda es si juega Noguera tras su lesi\u00f3n de rodilla, o contin\u00faa Devaca. Lo esperar\u00e1n hasta \u00faltimo momento. As\u00ed, el equipo dirigido por Almeyda ser\u00eda: Bologna; Toledo, Bianchi Arce, Devaca o Noguera; Yeri, Domingo, Tagliafico; Cazares; Noir, Ch\u00e1vez y Bertolo.<\/p>\n<p style=\"text-align: justify;\">Por su parte, el \u201cRojo\u201d, que viene de empatar sin goles con Aldosivi, recibe al duro Atl\u00e9tico Tucum\u00e1n. El partido comienza a las 21 en el Libertadores de Am\u00e9rica (Avellaneda). El \u00fanico cambio dispuesto por Omar De Felippe es el ingreso de Adri\u00e1n Fern\u00e1ndez por el desgarrado Facundo Parra (tres semanas afuera). De esta manera, el 11 titular ser\u00e1: Rodr\u00edguez; Valles, Tula, Morel,\u00a0 Mancuello; Alderete, Zapata; Pisano, Insua, Montenegro y Fern\u00e1ndez.<\/p>\n<p style=\"text-align: justify;\">Por \u00faltimo, Defensa y Justicia juega en casa ante Aldosivi desde las 20.30. Luego de la derrota frente a Boca Unidos en Corrientes, el t\u00e9cnico Diego Cocca estar\u00eda pensando en realizar dos cambios, con Axel Ju\u00e1rez y Juan Tejera por Walter Busse y Emir Faccioli.<\/p>\n<p style=\"text-align: justify;\">Tabla de Posiciones:<\/p>\n<p style=\"text-align: justify;\">1\u00b0: Banfield \u00a0 \u00a0 \u00a0 \u00a0 \u00a0 \u00a0 \u00a0 \u00a0 \u00a0 \u00a0 \u00a0 \u00a0 50 puntos<br \/>\n2\u00b0: Defensa y Justicia \u00a0 \u00a045 puntos<br \/>\n3\u00b0: Independiente \u00a0 \u00a0 \u00a0 \u00a0 \u00a043 puntos<br \/>\n4\u00b0: Crucero del Norte \u00a0 \u00a038 puntos<br \/>\n5\u00b0: Atl. Tucum\u00e1n \u00a0 \u00a0 \u00a0 \u00a0 \u00a0 \u00a0 37 puntos<\/p>\n<p style=\"text-align: justify;\"><strong>Por Facundo Ojeda Izaguirre<\/strong><\/p>\n","protected":false},"excerpt":{"rendered":"<p>Este mi\u00e9rcoles cierran la fecha 25 los candidatos al ascenso. Banfield visita a Gimnasia (Jujuy), Independiente recibe a Atl\u00e9tico Tucum\u00e1n, mientras que Defensa y Justicia espera a Aldosivi. &nbsp; Luego de la sorpresiva ca\u00edda frente a Sportivo Belgrano, Banfield, l\u00edder del campeonato, saldr\u00e1 a la cancha en Jujuy, esta tarde desde las 18 ante el [&hellip;]<\/p>\n","protected":false},"author":2,"featured_media":8673,"comment_status":"open","ping_status":"open","sticky":false,"template":"","format":"standard","meta":{"_seopress_robots_primary_cat":"","_seopress_titles_title":"","_seopress_titles_desc":"","_seopress_robots_index":"","footnotes":""},"categories":[2,17],"tags":[1888,358,360,65],"class_list":["post-8672","post","type-post","status-publish","format-standard","has-post-thumbnail","hentry","category-futbol","category-nacional-b","tag-b-nacional-2014","tag-banfield","tag-defensa-y-justicia","tag-independiente"],"_links":{"self":[{"href":"https:\/\/www.cordobatimes.com\/deportes\/wp-json\/wp\/v2\/posts\/8672","targetHints":{"allow":["GET"]}}],"collection":[{"href":"https:\/\/www.cordobatimes.com\/deportes\/wp-json\/wp\/v2\/posts"}],"about":[{"href":"https:\/\/www.cordobatimes.com\/deportes\/wp-json\/wp\/v2\/types\/post"}],"author":[{"embeddable":true,"href":"https:\/\/www.cordobatimes.com\/deportes\/wp-json\/wp\/v2\/users\/2"}],"replies":[{"embeddable":true,"href":"https:\/\/www.cordobatimes.com\/deportes\/wp-json\/wp\/v2\/comments?post=8672"}],"version-history":[{"count":0,"href":"https:\/\/www.cordobatimes.com\/deportes\/wp-json\/wp\/v2\/posts\/8672\/revisions"}],"wp:featuredmedia":[{"embeddable":true,"href":"https:\/\/www.cordobatimes.com\/deportes\/wp-json\/wp\/v2\/media\/8673"}],"wp:attachment":[{"href":"https:\/\/www.cordobatimes.com\/deportes\/wp-json\/wp\/v2\/media?parent=8672"}],"wp:term":[{"taxonomy":"category","embeddable":true,"href":"https:\/\/www.cordobatimes.com\/deportes\/wp-json\/wp\/v2\/categories?post=8672"},{"taxonomy":"post_tag","embeddable":true,"href":"https:\/\/www.cordobatimes.com\/deportes\/wp-json\/wp\/v2\/tags?post=8672"}],"curies":[{"name":"wp","href":"https:\/\/api.w.org\/{rel}","templated":true}]}}