{"id":8614,"date":"2014-02-26T18:15:17","date_gmt":"2014-02-26T21:15:17","guid":{"rendered":"http:\/\/www.cordobatimes.com\/deportes\/?p=8614"},"modified":"2014-02-26T18:15:17","modified_gmt":"2014-02-26T21:15:17","slug":"cuanto-cuesta-correr-en-tc","status":"publish","type":"post","link":"https:\/\/www.cordobatimes.com\/deportes\/automovilismo\/2014\/02\/26\/cuanto-cuesta-correr-en-tc\/","title":{"rendered":"\u00bfCuanto cuesta correr en TC?"},"content":{"rendered":"<h3 style=\"text-align: justify;\"><a href=\"http:\/\/www.cordobatimes.com\/deportes\/wp-content\/uploads\/2014\/02\/tc2.jpg\"><img loading=\"lazy\" decoding=\"async\" class=\"alignnone size-full wp-image-8691\" alt=\"tc\" src=\"http:\/\/www.cordobatimes.com\/deportes\/wp-content\/uploads\/2014\/02\/tc2.jpg\" width=\"624\" height=\"468\" data-id=\"8691\" srcset=\"https:\/\/www.cordobatimes.com\/deportes\/wp-content\/uploads\/2014\/02\/tc2.jpg 624w, https:\/\/www.cordobatimes.com\/deportes\/wp-content\/uploads\/2014\/02\/tc2-300x225.jpg 300w\" sizes=\"auto, (max-width: 624px) 100vw, 624px\" \/><\/a><\/h3>\n<h3 style=\"text-align: justify;\">Quiz\u00e1s est\u00e9n un poco abrumados por la palabra &#8220;precios&#8221; o &#8220;precios cuidados&#8221;. Hoy les propongo dejar de pensar en los del supermercado para meternos en los del automovilismo, les puedo asegurar que de cuidados, no tienen nada.<\/h3>\n<p style=\"text-align: justify;\">\n<p style=\"text-align: justify;\">Arranc\u00f3 la temporada 2014 \u00a0de Turismo Carretera y el incremento del 27% en los costos se vi\u00f3 reflejada claramente en pista. Solo 43 autos salieron a pista en la primera fecha de Neuqu\u00e9n, 7 menos que el a\u00f1o anterior y se prev\u00e9 que el numero siga bajando, ya que muchos no completan el calendario.<\/p>\n<p style=\"text-align: justify;\">Para los amantes del TC ya es normal, o en cierta parte parecen estar acostumbrados, escuchar a su \u00a0piloto decir que no correr\u00e1 por falta de presupuesto, y no es para menos, si hoy en d\u00eda subirse a un auto de punta, cuesta \u00a0$330.000 por carrera.<\/p>\n<p style=\"text-align: justify;\">\u00a0Vamos a repasar algunos detalles de la &#8220;canasta de precios&#8221; del TC:<\/p>\n<ul>\n<li>Carpa de Boxes: $4800 por fecha.<\/li>\n<li><span style=\"text-align: justify;\">Agua y Clocas (Atmosf\u00e9rico) $800<\/span><\/li>\n<li><span style=\"text-align: justify;\">Licencias (M\u00e9dico, piloto y concurrente): $16250<\/span><\/li>\n<li><span style=\"text-align: justify;\">Neumaticos (el juego): $9020<\/span><\/li>\n<li><span style=\"text-align: justify;\">Mutual: $3050 por mes en 2013<\/span><\/li>\n<li><span style=\"text-align: justify;\">Amortiguadores y GPS: $6000<\/span><\/li>\n<li><span style=\"text-align: justify;\">Entradas para sponsors y familiares: $10.000<\/span><\/li>\n<li><span style=\"text-align: justify;\">Alquiler de auto de punta: Casi $330.000 en 2014 (incluye auto y motor)<\/span><\/li>\n<\/ul>\n<p style=\"text-align: justify;\">\nAhora bien, la ACTC \u00a0cuenta con el ingreso de Automovilismo para Todos, que otorga \u00a0384 millones de pesos por los cuatro a\u00f1os de contrato, es decir $6.000.000 de pesos por fecha. Al margen de que cada gobierno provincial que desee llevar la categor\u00eda a su provincia, debe contar con 3 a 6 millones de pesos. Todo esto va a parar a\u00a0FADRA (Fundaci\u00f3n del Automovilismo Deportivo de la Rep\u00fablica Argentina) \u00a0presidida por Oscar Avent\u00edn (ex presidente de la Actc).<\/p>\n<p style=\"text-align: justify;\">En 2014, el nuevo presidente de la categor\u00eda, Hugo Mazzacane, \u00a0apost\u00f3 a que los pilotos redoblen el esfuerzo por permanecer carrera tras carrera. Implement\u00f3 el proyecto de vender sus propios chasis , los cuales tendr\u00e1n un valor de $180 mil + IVA y r\u00f3tulas , obligando a todos los equipos a obtenerlos antes de 1\u00ba de abril, para darles uso en 2015.<\/p>\n<p style=\"text-align: justify;\">\n<p style=\"text-align: justify;\">Sin duda esta situaci\u00f3n que afecta a toda la Argentina no deja exento al deporte motor. Las divisas van en aumento, los equipos reducen personal \u00a0y quiz\u00e1s fecha tras fecha, lamentablemente, sean cada vez menos los autos que veamos en pista.<\/p>\n<p style=\"text-align: justify;\">\n<p style=\"text-align: justify;\"><strong>Por Laura Rodriguez | Tw: @laurodriguez6<\/strong><\/p>\n<p style=\"text-align: justify;\">Fuente: Diario Ol\u00e9<\/p>\n","protected":false},"excerpt":{"rendered":"<p>Quiz\u00e1s est\u00e9n un poco abrumados por la palabra &#8220;precios&#8221; o &#8220;precios cuidados&#8221;. Hoy les propongo dejar de pensar en los del supermercado para meternos en los del automovilismo, les puedo asegurar que de cuidados, no tienen nada. Arranc\u00f3 la temporada 2014 \u00a0de Turismo Carretera y el incremento del 27% en los costos se vi\u00f3 reflejada [&hellip;]<\/p>\n","protected":false},"author":6,"featured_media":8691,"comment_status":"open","ping_status":"open","sticky":false,"template":"","format":"standard","meta":{"_seopress_robots_primary_cat":"","_seopress_titles_title":"","_seopress_titles_desc":"","_seopress_robots_index":"","footnotes":""},"categories":[1,9],"tags":[1961,5563,242],"class_list":["post-8614","post","type-post","status-publish","format-standard","has-post-thumbnail","hentry","category-automovilismo","category-tc","tag-costos","tag-tc","tag-turismo-carretera"],"_links":{"self":[{"href":"https:\/\/www.cordobatimes.com\/deportes\/wp-json\/wp\/v2\/posts\/8614","targetHints":{"allow":["GET"]}}],"collection":[{"href":"https:\/\/www.cordobatimes.com\/deportes\/wp-json\/wp\/v2\/posts"}],"about":[{"href":"https:\/\/www.cordobatimes.com\/deportes\/wp-json\/wp\/v2\/types\/post"}],"author":[{"embeddable":true,"href":"https:\/\/www.cordobatimes.com\/deportes\/wp-json\/wp\/v2\/users\/6"}],"replies":[{"embeddable":true,"href":"https:\/\/www.cordobatimes.com\/deportes\/wp-json\/wp\/v2\/comments?post=8614"}],"version-history":[{"count":0,"href":"https:\/\/www.cordobatimes.com\/deportes\/wp-json\/wp\/v2\/posts\/8614\/revisions"}],"wp:featuredmedia":[{"embeddable":true,"href":"https:\/\/www.cordobatimes.com\/deportes\/wp-json\/wp\/v2\/media\/8691"}],"wp:attachment":[{"href":"https:\/\/www.cordobatimes.com\/deportes\/wp-json\/wp\/v2\/media?parent=8614"}],"wp:term":[{"taxonomy":"category","embeddable":true,"href":"https:\/\/www.cordobatimes.com\/deportes\/wp-json\/wp\/v2\/categories?post=8614"},{"taxonomy":"post_tag","embeddable":true,"href":"https:\/\/www.cordobatimes.com\/deportes\/wp-json\/wp\/v2\/tags?post=8614"}],"curies":[{"name":"wp","href":"https:\/\/api.w.org\/{rel}","templated":true}]}}