{"id":8572,"date":"2014-02-24T20:34:24","date_gmt":"2014-02-24T23:34:24","guid":{"rendered":"http:\/\/www.cordobatimes.com\/deportes\/?p=8572"},"modified":"2014-02-24T20:34:24","modified_gmt":"2014-02-24T23:34:24","slug":"maradona-y-victor-hugo-morales-conduciran-un-programa-en-el-canal-telesur","status":"publish","type":"post","link":"https:\/\/www.cordobatimes.com\/deportes\/futbol-internacional\/2014\/02\/24\/maradona-y-victor-hugo-morales-conduciran-un-programa-en-el-canal-telesur\/","title":{"rendered":"Maradona y Victor Hugo Morales conducir\u00e1n un programa en el canal Telesur"},"content":{"rendered":"<h3 style=\"text-align: justify;\"><a href=\"http:\/\/www.cordobatimes.com\/deportes\/wp-content\/uploads\/2014\/02\/maradona-venezuela.jpg\"><img loading=\"lazy\" decoding=\"async\" class=\"size-full wp-image-8573 aligncenter\" alt=\"maradona venezuela\" src=\"http:\/\/www.cordobatimes.com\/deportes\/wp-content\/uploads\/2014\/02\/maradona-venezuela.jpg\" width=\"620\" height=\"413\" data-id=\"8573\" srcset=\"https:\/\/www.cordobatimes.com\/deportes\/wp-content\/uploads\/2014\/02\/maradona-venezuela.jpg 620w, https:\/\/www.cordobatimes.com\/deportes\/wp-content\/uploads\/2014\/02\/maradona-venezuela-300x199.jpg 300w\" sizes=\"auto, (max-width: 620px) 100vw, 620px\" \/><\/a><\/h3>\n<h3 style=\"text-align: justify;\"><b>Ser\u00e1 de emisi\u00f3n diaria y de una hora, durante el transcurrir de la Copa del Mundo de Brasil. El relator uruguayo y el astro argentino ser\u00e1n protagonistas de \u201cDe Zurda\u201d. &#8220;Nos vestimos de Mundial con Maradona&#8221;, expresaron desde la cadena venezolana.<\/b><\/h3>\n<p style=\"text-align: justify;\">\n<p style=\"text-align: justify;\">\n<p style=\"text-align: justify;\">Diego Maradona y V\u00edctor Hugo Morales ser\u00e1n los int\u00e9rpretes de un programa de formato diario y de una hora de duraci\u00f3n durante el Mundial a mediados de este a\u00f1o. &#8220;Creo en Venezuela, \u00a1Viva Ch\u00e1vez!, \u00a1Viva Maduro!, \u00a1Viva Venezuela! y aguanten&#8221;, dijo Diego, en un video que circul\u00f3 en las \u00faltimas horas por las redes sociales.<\/p>\n<p style=\"text-align: justify;\">&#8220;Ha llegado un momento emocionante en mi vida de poder firmar este contrato, que me liga a Telesur, que me liga a mis amigos venezolanos, que me liga al presidente Maduro, y que por sobre todas las cosas me siento muy, muy amigo del Comandante Ch\u00e1vez. Esta firma del contrato que estoy haciendo yo, tambi\u00e9n la va a hacer Victor Hugo, y vamos a transmitir todo el Mundial de Brasil para Telesur, porque as\u00ed lo hubiese querido el Comandante&#8221;, se manifest\u00f3 entusiasmado el \u201cdiez\u201d.<\/p>\n<p style=\"text-align: justify;\">El programa &#8220;De zurda&#8221; ser\u00e1 transmitido a diario durante el Mundial, desde la ciudad de R\u00edo de Janeiro, donde se har\u00e1 un an\u00e1lisis de la jornada futbol\u00edstica.<\/p>\n<p style=\"text-align: justify;\">Tambi\u00e9n se expres\u00f3 al respecto el relator: &#8220;Yo voy detr\u00e1s de lo que Diego haga. Cuando me dijeron sobre el dinero que ganar\u00eda yo dije que me parec\u00eda b\u00e1rbaro. Creo que cuando Diego se enter\u00f3 lo que yo iba a ganar dijo que no pod\u00eda trabajar con alguien que, a su par, gane tanto menos que \u00e9l, as\u00ed que fue Diego mismo quien me subi\u00f3 mi cotizaci\u00f3n&#8221;.<\/p>\n<p><iframe loading=\"lazy\" src=\"\/\/www.youtube.com\/embed\/5IttOlEcQt8\" height=\"315\" width=\"560\" allowfullscreen=\"\" frameborder=\"0\"><\/iframe><\/p>\n","protected":false},"excerpt":{"rendered":"<p>Ser\u00e1 de emisi\u00f3n diaria y de una hora, durante el transcurrir de la Copa del Mundo de Brasil. El relator uruguayo y el astro argentino ser\u00e1n protagonistas de \u201cDe Zurda\u201d. &#8220;Nos vestimos de Mundial con Maradona&#8221;, expresaron desde la cadena venezolana. Diego Maradona y V\u00edctor Hugo Morales ser\u00e1n los int\u00e9rpretes de un programa de formato [&hellip;]<\/p>\n","protected":false},"author":20,"featured_media":8573,"comment_status":"open","ping_status":"open","sticky":false,"template":"","format":"standard","meta":{"_seopress_robots_primary_cat":"","_seopress_titles_title":"","_seopress_titles_desc":"","_seopress_robots_index":"","footnotes":""},"categories":[18],"tags":[1932,1933,1929],"class_list":["post-8572","post","type-post","status-publish","format-standard","has-post-thumbnail","hentry","category-futbol-internacional","tag-diego-maradona","tag-telesur","tag-victor-hugo-morales"],"_links":{"self":[{"href":"https:\/\/www.cordobatimes.com\/deportes\/wp-json\/wp\/v2\/posts\/8572","targetHints":{"allow":["GET"]}}],"collection":[{"href":"https:\/\/www.cordobatimes.com\/deportes\/wp-json\/wp\/v2\/posts"}],"about":[{"href":"https:\/\/www.cordobatimes.com\/deportes\/wp-json\/wp\/v2\/types\/post"}],"author":[{"embeddable":true,"href":"https:\/\/www.cordobatimes.com\/deportes\/wp-json\/wp\/v2\/users\/20"}],"replies":[{"embeddable":true,"href":"https:\/\/www.cordobatimes.com\/deportes\/wp-json\/wp\/v2\/comments?post=8572"}],"version-history":[{"count":0,"href":"https:\/\/www.cordobatimes.com\/deportes\/wp-json\/wp\/v2\/posts\/8572\/revisions"}],"wp:featuredmedia":[{"embeddable":true,"href":"https:\/\/www.cordobatimes.com\/deportes\/wp-json\/wp\/v2\/media\/8573"}],"wp:attachment":[{"href":"https:\/\/www.cordobatimes.com\/deportes\/wp-json\/wp\/v2\/media?parent=8572"}],"wp:term":[{"taxonomy":"category","embeddable":true,"href":"https:\/\/www.cordobatimes.com\/deportes\/wp-json\/wp\/v2\/categories?post=8572"},{"taxonomy":"post_tag","embeddable":true,"href":"https:\/\/www.cordobatimes.com\/deportes\/wp-json\/wp\/v2\/tags?post=8572"}],"curies":[{"name":"wp","href":"https:\/\/api.w.org\/{rel}","templated":true}]}}