{"id":8553,"date":"2014-02-24T12:52:34","date_gmt":"2014-02-24T15:52:34","guid":{"rendered":"http:\/\/www.cordobatimes.com\/deportes\/?p=8553"},"modified":"2014-02-24T12:53:00","modified_gmt":"2014-02-24T15:53:00","slug":"instituto-asumio-morellato","status":"publish","type":"post","link":"https:\/\/www.cordobatimes.com\/deportes\/futbol\/2014\/02\/24\/instituto-asumio-morellato\/","title":{"rendered":"Instituto: asumi\u00f3 Morellato"},"content":{"rendered":"<p><b><a href=\"http:\/\/www.cordobatimes.com\/deportes\/wp-content\/uploads\/2014\/02\/Presidente.jpg\"><img loading=\"lazy\" decoding=\"async\" class=\"alignnone size-full wp-image-8554\" alt=\"Presidente\" src=\"http:\/\/www.cordobatimes.com\/deportes\/wp-content\/uploads\/2014\/02\/Presidente.jpg\" width=\"745\" height=\"408\" data-id=\"8554\" srcset=\"https:\/\/www.cordobatimes.com\/deportes\/wp-content\/uploads\/2014\/02\/Presidente.jpg 745w, https:\/\/www.cordobatimes.com\/deportes\/wp-content\/uploads\/2014\/02\/Presidente-300x164.jpg 300w\" sizes=\"auto, (max-width: 745px) 100vw, 745px\" \/><\/a><\/b><\/p>\n<p style=\"text-align: justify;\"><b>Ayer por la tarde, en la Asamblea\u00a0 llevada a cabo en la sede de la \u201cGloria\u201d, se hizo efectivo el nuevo mandato de Ricardo Morellato como presidente albirrojo.<\/b><\/p>\n<p style=\"text-align: justify;\">\n<p style=\"text-align: justify;\">Luego de quedar anuladas las elecciones, ya que una de las dos listas no presentaba los requisitos necesarios, el ahora nuevo mandam\u00e1s tom\u00f3 la conducci\u00f3n de Instituto, sucediendo en el cargo a Daniel Peralta.<\/p>\n<p style=\"text-align: justify;\">La reuni\u00f3n se llev\u00f3 a cabo en la sede de la Gloria en Alta C\u00f3rdoba, donde unos 300 socios se hicieron presentes y participaron. Tambi\u00e9n asumi\u00f3 el resto de la Comisi\u00f3n Directiva.<\/p>\n<p style=\"text-align: justify;\">Sobre esta nueva etapa, el presidente dijo: \u201cInstituto a partir de este momento tiene que transitar el camino de la unidad. Yo no voy a salvar solo al club, necesitamos de todos\u201d.<\/p>\n<p style=\"text-align: justify;\">El resto de la lista fue completada, entre otros, por Carlos Rodr\u00edguez como vice 1\u00b0, Gustavo Beggiato como vice 2\u00b0 y Pablo Dobratinich como vice 3\u00b0.<\/p>\n<p style=\"text-align: justify;\"><strong>Por Facundo Ojeda Izaguirre<\/strong><\/p>\n","protected":false},"excerpt":{"rendered":"<p>Ayer por la tarde, en la Asamblea\u00a0 llevada a cabo en la sede de la \u201cGloria\u201d, se hizo efectivo el nuevo mandato de Ricardo Morellato como presidente albirrojo. Luego de quedar anuladas las elecciones, ya que una de las dos listas no presentaba los requisitos necesarios, el ahora nuevo mandam\u00e1s tom\u00f3 la conducci\u00f3n de Instituto, [&hellip;]<\/p>\n","protected":false},"author":2,"featured_media":8554,"comment_status":"open","ping_status":"open","sticky":false,"template":"","format":"standard","meta":{"_seopress_robots_primary_cat":"","_seopress_titles_title":"","_seopress_titles_desc":"","_seopress_robots_index":"","footnotes":""},"categories":[2,17],"tags":[169,1924,1925],"class_list":["post-8553","post","type-post","status-publish","format-standard","has-post-thumbnail","hentry","category-futbol","category-nacional-b","tag-cordoba","tag-instituto-de-cordoba-tiene-nuevo-presidente","tag-ricardo-morellato"],"_links":{"self":[{"href":"https:\/\/www.cordobatimes.com\/deportes\/wp-json\/wp\/v2\/posts\/8553","targetHints":{"allow":["GET"]}}],"collection":[{"href":"https:\/\/www.cordobatimes.com\/deportes\/wp-json\/wp\/v2\/posts"}],"about":[{"href":"https:\/\/www.cordobatimes.com\/deportes\/wp-json\/wp\/v2\/types\/post"}],"author":[{"embeddable":true,"href":"https:\/\/www.cordobatimes.com\/deportes\/wp-json\/wp\/v2\/users\/2"}],"replies":[{"embeddable":true,"href":"https:\/\/www.cordobatimes.com\/deportes\/wp-json\/wp\/v2\/comments?post=8553"}],"version-history":[{"count":0,"href":"https:\/\/www.cordobatimes.com\/deportes\/wp-json\/wp\/v2\/posts\/8553\/revisions"}],"wp:featuredmedia":[{"embeddable":true,"href":"https:\/\/www.cordobatimes.com\/deportes\/wp-json\/wp\/v2\/media\/8554"}],"wp:attachment":[{"href":"https:\/\/www.cordobatimes.com\/deportes\/wp-json\/wp\/v2\/media?parent=8553"}],"wp:term":[{"taxonomy":"category","embeddable":true,"href":"https:\/\/www.cordobatimes.com\/deportes\/wp-json\/wp\/v2\/categories?post=8553"},{"taxonomy":"post_tag","embeddable":true,"href":"https:\/\/www.cordobatimes.com\/deportes\/wp-json\/wp\/v2\/tags?post=8553"}],"curies":[{"name":"wp","href":"https:\/\/api.w.org\/{rel}","templated":true}]}}