{"id":8452,"date":"2014-02-22T20:50:44","date_gmt":"2014-02-22T23:50:44","guid":{"rendered":"http:\/\/www.cordobatimes.com\/deportes\/?p=8452"},"modified":"2014-02-22T20:54:17","modified_gmt":"2014-02-22T23:54:17","slug":"dominio-local","status":"publish","type":"post","link":"https:\/\/www.cordobatimes.com\/deportes\/automovilismo\/2014\/02\/22\/dominio-local\/","title":{"rendered":"Dominio local"},"content":{"rendered":"<h3 style=\"text-align: justify;\"><a href=\"http:\/\/www.cordobatimes.com\/deportes\/wp-content\/uploads\/2014\/02\/werner.jpg\"><img loading=\"lazy\" decoding=\"async\" class=\"alignnone size-full wp-image-8460\" alt=\"werner\" src=\"http:\/\/www.cordobatimes.com\/deportes\/wp-content\/uploads\/2014\/02\/werner.jpg\" width=\"5184\" height=\"3456\" data-id=\"8460\" srcset=\"https:\/\/www.cordobatimes.com\/deportes\/wp-content\/uploads\/2014\/02\/werner.jpg 5184w, https:\/\/www.cordobatimes.com\/deportes\/wp-content\/uploads\/2014\/02\/werner-300x200.jpg 300w, https:\/\/www.cordobatimes.com\/deportes\/wp-content\/uploads\/2014\/02\/werner-1024x682.jpg 1024w\" sizes=\"auto, (max-width: 5184px) 100vw, 5184px\" \/><\/a><\/h3>\n<h3 style=\"text-align: justify;\"><\/h3>\n<h3 style=\"text-align: justify;\">Mariano Werner, como pancho por su casa, se qued\u00f3 con la segunda pole position del a\u00f1o de Turismo Carretera, en el aut\u00f3dromo &#8220;Club de volantes entrerrianos&#8221; de Paran\u00e1.<\/h3>\n<p style=\"text-align: justify;\">El piloto local marc\u00f3 un registro de\u00a01m27s077 en la jornada de viernes, tiempo que \u00a0le alcanz\u00f3 para llevarse los primeros puntos en su propia casa. La principal protagonista en la clasificaci\u00f3n \u00a0fue la lluvia, que hizo imposible bajar los tiempos, quedando todo igual que lo realizado ayer.<\/p>\n<p style=\"text-align: justify;\">&#8220;Estamos muy contentos porque ayer fue un gran viernes e hicimos un salto que no esper\u00e1bamos despu\u00e9s del entrenamiento que hab\u00edamos tenido, siempre es muy lindo picar bien arriba en su ciudad y eso me pone muy feliz, esperamos que ma\u00f1ana podamos terminar de la mejor forma, tenemos un gran auto y un gran funcionamiento, ayer las vueltas que di fueron similares y eso me deja tranquilo, habr\u00e1 que esperar c\u00f3mo amanece el clima y buscar lo mejor\u201d, expres\u00f3 el poleman.<\/p>\n<p style=\"text-align: justify;\">Detr\u00e1s del paranaense se ubicaron Matias Rossi y Josito Di Palma completando as\u00ed el podio de los mejores tres clasificados.<\/p>\n<p style=\"text-align: justify;\">La actividad contin\u00faa ma\u00f1ana con las series que se ubicar\u00e1n de la siguiente manera:<\/p>\n<p style=\"text-align: justify;\">PRIMERA SERIE 9:00 \u00a0Mariano \u00a0Werner Vs Juan Manuel Silva<\/p>\n<p><a href=\"http:\/\/www.cordobatimes.com\/deportes\/wp-content\/uploads\/2014\/02\/serie1.jpg\"><img loading=\"lazy\" decoding=\"async\" class=\"size-thumbnail wp-image-8465 aligncenter\" alt=\"serie1\" src=\"http:\/\/www.cordobatimes.com\/deportes\/wp-content\/uploads\/2014\/02\/serie1-300x300.jpg\" width=\"300\" height=\"300\" data-id=\"8465\" srcset=\"https:\/\/www.cordobatimes.com\/deportes\/wp-content\/uploads\/2014\/02\/serie1-300x300.jpg 300w, https:\/\/www.cordobatimes.com\/deportes\/wp-content\/uploads\/2014\/02\/serie1-270x270.jpg 270w, https:\/\/www.cordobatimes.com\/deportes\/wp-content\/uploads\/2014\/02\/serie1-207x207.jpg 207w, https:\/\/www.cordobatimes.com\/deportes\/wp-content\/uploads\/2014\/02\/serie1-75x75.jpg 75w\" sizes=\"auto, (max-width: 300px) 100vw, 300px\" \/><\/a><\/p>\n<p style=\"text-align: justify;\">SEGUNDA SERIE 9:35 \u00a0MATIAS ROSSI VS CRHISTIAN LEDESMA<\/p>\n<p><a href=\"http:\/\/www.cordobatimes.com\/deportes\/wp-content\/uploads\/2014\/02\/serie2.jpg\"><img loading=\"lazy\" decoding=\"async\" class=\"size-thumbnail wp-image-8467 aligncenter\" alt=\"serie2\" src=\"http:\/\/www.cordobatimes.com\/deportes\/wp-content\/uploads\/2014\/02\/serie2-300x300.jpg\" width=\"300\" height=\"300\" data-id=\"8467\" srcset=\"https:\/\/www.cordobatimes.com\/deportes\/wp-content\/uploads\/2014\/02\/serie2-300x300.jpg 300w, https:\/\/www.cordobatimes.com\/deportes\/wp-content\/uploads\/2014\/02\/serie2-270x270.jpg 270w, https:\/\/www.cordobatimes.com\/deportes\/wp-content\/uploads\/2014\/02\/serie2-207x207.jpg 207w, https:\/\/www.cordobatimes.com\/deportes\/wp-content\/uploads\/2014\/02\/serie2-75x75.jpg 75w\" sizes=\"auto, (max-width: 300px) 100vw, 300px\" \/><\/a><\/p>\n<p style=\"text-align: justify;\">TERCERA SERIE 10:10 NICOLAS TROSSET VS JOSITO DI PALMA<\/p>\n<p><a href=\"http:\/\/www.cordobatimes.com\/deportes\/wp-content\/uploads\/2014\/02\/serie3.jpg\"><img loading=\"lazy\" decoding=\"async\" class=\"size-thumbnail wp-image-8468 aligncenter\" alt=\"serie3\" src=\"http:\/\/www.cordobatimes.com\/deportes\/wp-content\/uploads\/2014\/02\/serie3-300x300.jpg\" width=\"300\" height=\"300\" data-id=\"8468\" srcset=\"https:\/\/www.cordobatimes.com\/deportes\/wp-content\/uploads\/2014\/02\/serie3-300x300.jpg 300w, https:\/\/www.cordobatimes.com\/deportes\/wp-content\/uploads\/2014\/02\/serie3-270x270.jpg 270w, https:\/\/www.cordobatimes.com\/deportes\/wp-content\/uploads\/2014\/02\/serie3-207x207.jpg 207w, https:\/\/www.cordobatimes.com\/deportes\/wp-content\/uploads\/2014\/02\/serie3-75x75.jpg 75w\" sizes=\"auto, (max-width: 300px) 100vw, 300px\" \/><\/a><\/p>\n<p style=\"text-align: justify;\">Por Laura Rodriguez | Tw: @laurodriguez6 | marialaura@cordobatimes.com<\/p>\n<p style=\"text-align: justify;\">Fotos: Prensa Actc<\/p>\n","protected":false},"excerpt":{"rendered":"<p>Mariano Werner, como pancho por su casa, se qued\u00f3 con la segunda pole position del a\u00f1o de Turismo Carretera, en el aut\u00f3dromo &#8220;Club de volantes entrerrianos&#8221; de Paran\u00e1. El piloto local marc\u00f3 un registro de\u00a01m27s077 en la jornada de viernes, tiempo que \u00a0le alcanz\u00f3 para llevarse los primeros puntos en su propia casa. La principal [&hellip;]<\/p>\n","protected":false},"author":6,"featured_media":8460,"comment_status":"open","ping_status":"open","sticky":false,"template":"","format":"standard","meta":{"_seopress_robots_primary_cat":"","_seopress_titles_title":"","_seopress_titles_desc":"","_seopress_robots_index":"","footnotes":""},"categories":[1,9],"tags":[766,1920,242],"class_list":["post-8452","post","type-post","status-publish","format-standard","has-post-thumbnail","hentry","category-automovilismo","category-tc","tag-mariano-werner","tag-tc-en-parana","tag-turismo-carretera"],"_links":{"self":[{"href":"https:\/\/www.cordobatimes.com\/deportes\/wp-json\/wp\/v2\/posts\/8452","targetHints":{"allow":["GET"]}}],"collection":[{"href":"https:\/\/www.cordobatimes.com\/deportes\/wp-json\/wp\/v2\/posts"}],"about":[{"href":"https:\/\/www.cordobatimes.com\/deportes\/wp-json\/wp\/v2\/types\/post"}],"author":[{"embeddable":true,"href":"https:\/\/www.cordobatimes.com\/deportes\/wp-json\/wp\/v2\/users\/6"}],"replies":[{"embeddable":true,"href":"https:\/\/www.cordobatimes.com\/deportes\/wp-json\/wp\/v2\/comments?post=8452"}],"version-history":[{"count":0,"href":"https:\/\/www.cordobatimes.com\/deportes\/wp-json\/wp\/v2\/posts\/8452\/revisions"}],"wp:featuredmedia":[{"embeddable":true,"href":"https:\/\/www.cordobatimes.com\/deportes\/wp-json\/wp\/v2\/media\/8460"}],"wp:attachment":[{"href":"https:\/\/www.cordobatimes.com\/deportes\/wp-json\/wp\/v2\/media?parent=8452"}],"wp:term":[{"taxonomy":"category","embeddable":true,"href":"https:\/\/www.cordobatimes.com\/deportes\/wp-json\/wp\/v2\/categories?post=8452"},{"taxonomy":"post_tag","embeddable":true,"href":"https:\/\/www.cordobatimes.com\/deportes\/wp-json\/wp\/v2\/tags?post=8452"}],"curies":[{"name":"wp","href":"https:\/\/api.w.org\/{rel}","templated":true}]}}