{"id":8382,"date":"2014-02-20T10:58:21","date_gmt":"2014-02-20T13:58:21","guid":{"rendered":"http:\/\/www.cordobatimes.com\/deportes\/?p=8382"},"modified":"2014-02-20T10:58:21","modified_gmt":"2014-02-20T13:58:21","slug":"imola-le-rendira-homenaje-a-senna","status":"publish","type":"post","link":"https:\/\/www.cordobatimes.com\/deportes\/automovilismo\/2014\/02\/20\/imola-le-rendira-homenaje-a-senna\/","title":{"rendered":"Imola le rendir\u00e1 homenaje a Senna"},"content":{"rendered":"<h3 style=\"text-align: justify;\"><a href=\"http:\/\/www.cordobatimes.com\/deportes\/wp-content\/uploads\/2014\/02\/senna.jpg\"><img loading=\"lazy\" decoding=\"async\" class=\"alignnone size-full wp-image-8383\" alt=\"senna\" src=\"http:\/\/www.cordobatimes.com\/deportes\/wp-content\/uploads\/2014\/02\/senna.jpg\" width=\"1024\" height=\"768\" data-id=\"8383\" srcset=\"https:\/\/www.cordobatimes.com\/deportes\/wp-content\/uploads\/2014\/02\/senna.jpg 1024w, https:\/\/www.cordobatimes.com\/deportes\/wp-content\/uploads\/2014\/02\/senna-300x225.jpg 300w\" sizes=\"auto, (max-width: 1024px) 100vw, 1024px\" \/><\/a><\/h3>\n<h3 style=\"text-align: justify;\"><\/h3>\n<h3 style=\"text-align: justify;\">Con motivo de conmemorarse 20 a\u00f1os de la muerte de Ayrton Senna, el m\u00edtico circuito italiano de San Marino, donde el brasile\u00f1o perdi\u00f3 la vida el 1 de mayo de 1994, ser\u00e1 el escenario elegido para recordarlo.<\/h3>\n<p style=\"text-align: justify;\">\n<p style=\"text-align: justify;\">\n<p style=\"text-align: justify;\">\n<p style=\"text-align: justify;\">La precursora para que este reconocimiento se lleve a cabo fue su hermana Viviane Senna, que luego de contar su proyecto a la TV Italiana, cuando la F\u00f3rmula Uno visit\u00f3 \u00a0San Pablo en noviembre de 2013 , fue la misma RAI qui\u00e9n se encarg\u00f3 de hablar con las autoridades del aut\u00f3dromo para hacer realidad el deseo de la familia.<\/p>\n<p style=\"text-align: justify;\">El evento tendr\u00e1 lugar \u00a0entre el 1 y el 4 de mayo en Imola y \u00a0llevar\u00e1 el nombre de\u00a0<strong>\u201cAyrton Senna Tribute 1994-2014\u201d<\/strong>\u00a0. Mediante pantallas gigantes se compartir\u00e1n videos que repasan la vida y logros de uno de los mejores \u00a0pilotos del mundo y se prev\u00e9 que distintas entidades proporcionen recuerdos que identifican al campe\u00f3n.<\/p>\n<p style=\"text-align: justify;\">Tambi\u00e9n recibir\u00e1 su homenaje el austr\u00edaco Roland Ratzenberger, qui\u00e9n perdi\u00f3 la vida en el mismo circuito un d\u00eda antes de la muerte de Senna , cuando disputaba la clasificaci\u00f3n. Este accidente conmocion\u00f3 mucho a Ayrton pidiendo que se suspendiera la competencia, pero lamentablemente se corri\u00f3.<\/p>\n<p style=\"text-align: justify;\">\n<strong>Por Laura Rodr\u00edguez | Tw: @laurodriguez6 | marialaura@cordobatimes.com<\/strong><\/p>\n<p style=\"text-align: justify;\">\n","protected":false},"excerpt":{"rendered":"<p>Con motivo de conmemorarse 20 a\u00f1os de la muerte de Ayrton Senna, el m\u00edtico circuito italiano de San Marino, donde el brasile\u00f1o perdi\u00f3 la vida el 1 de mayo de 1994, ser\u00e1 el escenario elegido para recordarlo. La precursora para que este reconocimiento se lleve a cabo fue su hermana Viviane Senna, que luego de [&hellip;]<\/p>\n","protected":false},"author":6,"featured_media":8383,"comment_status":"open","ping_status":"open","sticky":false,"template":"","format":"standard","meta":{"_seopress_robots_primary_cat":"","_seopress_titles_title":"","_seopress_titles_desc":"","_seopress_robots_index":"","footnotes":""},"categories":[1],"tags":[1910,1911,1912],"class_list":["post-8382","post","type-post","status-publish","format-standard","has-post-thumbnail","hentry","category-automovilismo","tag-ayrton-senna","tag-circuito-de-imola","tag-homenaje-a-ayrton-senna-en-imola"],"_links":{"self":[{"href":"https:\/\/www.cordobatimes.com\/deportes\/wp-json\/wp\/v2\/posts\/8382","targetHints":{"allow":["GET"]}}],"collection":[{"href":"https:\/\/www.cordobatimes.com\/deportes\/wp-json\/wp\/v2\/posts"}],"about":[{"href":"https:\/\/www.cordobatimes.com\/deportes\/wp-json\/wp\/v2\/types\/post"}],"author":[{"embeddable":true,"href":"https:\/\/www.cordobatimes.com\/deportes\/wp-json\/wp\/v2\/users\/6"}],"replies":[{"embeddable":true,"href":"https:\/\/www.cordobatimes.com\/deportes\/wp-json\/wp\/v2\/comments?post=8382"}],"version-history":[{"count":0,"href":"https:\/\/www.cordobatimes.com\/deportes\/wp-json\/wp\/v2\/posts\/8382\/revisions"}],"wp:featuredmedia":[{"embeddable":true,"href":"https:\/\/www.cordobatimes.com\/deportes\/wp-json\/wp\/v2\/media\/8383"}],"wp:attachment":[{"href":"https:\/\/www.cordobatimes.com\/deportes\/wp-json\/wp\/v2\/media?parent=8382"}],"wp:term":[{"taxonomy":"category","embeddable":true,"href":"https:\/\/www.cordobatimes.com\/deportes\/wp-json\/wp\/v2\/categories?post=8382"},{"taxonomy":"post_tag","embeddable":true,"href":"https:\/\/www.cordobatimes.com\/deportes\/wp-json\/wp\/v2\/tags?post=8382"}],"curies":[{"name":"wp","href":"https:\/\/api.w.org\/{rel}","templated":true}]}}