{"id":8354,"date":"2014-02-18T16:43:19","date_gmt":"2014-02-18T19:43:19","guid":{"rendered":"http:\/\/www.cordobatimes.com\/deportes\/?p=8354"},"modified":"2014-02-18T16:43:19","modified_gmt":"2014-02-18T19:43:19","slug":"velez-quiere-conseguir-la-punta-frente-a-all-boys","status":"publish","type":"post","link":"https:\/\/www.cordobatimes.com\/deportes\/futbol\/primera-division\/2014\/02\/18\/velez-quiere-conseguir-la-punta-frente-a-all-boys\/","title":{"rendered":"V\u00e9lez quiere conseguir la punta frente a All Boys"},"content":{"rendered":"<h3 style=\"text-align: justify;\"><a href=\"http:\/\/www.cordobatimes.com\/deportes\/wp-content\/uploads\/2014\/02\/velez-all-boys.jpg\"><img loading=\"lazy\" decoding=\"async\" class=\"size-full wp-image-8355 aligncenter\" alt=\"velez all boys\" src=\"http:\/\/www.cordobatimes.com\/deportes\/wp-content\/uploads\/2014\/02\/velez-all-boys.jpg\" width=\"658\" height=\"349\" data-id=\"8355\" srcset=\"https:\/\/www.cordobatimes.com\/deportes\/wp-content\/uploads\/2014\/02\/velez-all-boys.jpg 658w, https:\/\/www.cordobatimes.com\/deportes\/wp-content\/uploads\/2014\/02\/velez-all-boys-300x159.jpg 300w\" sizes=\"auto, (max-width: 658px) 100vw, 658px\" \/><\/a><\/h3>\n<h3 style=\"text-align: justify;\"><b>Luego de jugar sin p\u00fablico en la primera fecha, el \u201cFort\u00edn\u201d buscar\u00e1 de local los 3 puntos frente al conjunto de Floresta. Jugar\u00e1n desde las 19.15, y transmitir\u00e1 la TV P\u00fablica.<\/b><\/h3>\n<p style=\"text-align: justify;\">\n<p style=\"text-align: justify;\">\n<p style=\"text-align: justify;\">Los locales intentar\u00e1n seguir por el camino de una gran semana, con la punta del torneo Final, cuando se enfrente con All Boys en Liniers en un partido de la tercera fecha. El arbitraje ser\u00e1 de Mariano Gonz\u00e1lez y el estadio Jos\u00e9 Amalfitani s\u00f3lo tendr\u00e1 p\u00fablico en sus plateas, pues la popular local permanecer\u00e1 cerrada por las irregularidades encontradas en la previa del partido con San Lorenzo, en la \u00faltima fecha del torneo pasado.<\/p>\n<p style=\"text-align: justify;\">V\u00e9lez, uno de los seis escoltas del l\u00edder Estudiantes, puede saltar a la punta en el cierre de una semana que comenz\u00f3 con su debut victorioso en la Copa Libertadores, ante Universitario de Per\u00fa en Lima (1-0), y continu\u00f3 con la muy buena victoria ante Arsenal (3-1) en el Viaducto.<\/p>\n<p style=\"text-align: justify;\">El DT, Jos\u00e9 &#8220;Turu&#8221; Flores s\u00f3lo har\u00e1 un cambio obligado: Leandro Des\u00e1bato por Agust\u00edn Allione, que sum\u00f3 la quinta amarilla.<\/p>\n<p style=\"text-align: justify;\">En los visitantes regresar\u00e1 el delantero Javier C\u00e1mpora tras cumplir una suspensi\u00f3n (lo har\u00e1 por Cristian Alvarez) y Oscar Ahumada podr\u00eda jugar desde el inicio en lugar de Roberto Batti\u00f3n.<\/p>\n<p><b>V\u00e9lez Sarsfield:<\/b>\u00a0Sebasti\u00e1n Sosa; Fabi\u00e1n Cubero, Sebasti\u00e1n Dom\u00ednguez, Fernando Tobio y Emiliano Papa; Leandro Des\u00e1bato, Lucas Romero, Ariel Cabral y Jorge Correa; Mauro Z\u00e1rate y Lucas Pratto. DT: Jos\u00e9 Flores.<\/p>\n<p><b>All Boys:<\/b>\u00a0Nicol\u00e1s Cambiasso; Santiago Ladino, Carlos Casteglione, Nehu\u00e9n Paz y Marcelo Bustamante; Nicol\u00e1s Cabrera, Roberto Batti\u00f3n o Oscar Ahumada, Gonzalo Espinoza y Alejandro Barbaro; Javier C\u00e1mpora y Jonathan Calleri. DT: Ricardo Rodr\u00edguez.<\/p>\n<p><b>Arbitro:<\/b>\u00a0Mariano Gonz\u00e1lez.<\/p>\n<p><b>Estadio:<\/b>\u00a0V\u00e9lez Sarsfield.<\/p>\n<p><b>Hora de inicio:<\/b>\u00a019.15 (TV P\u00fablica)<\/p>\n","protected":false},"excerpt":{"rendered":"<p>Luego de jugar sin p\u00fablico en la primera fecha, el \u201cFort\u00edn\u201d buscar\u00e1 de local los 3 puntos frente al conjunto de Floresta. Jugar\u00e1n desde las 19.15, y transmitir\u00e1 la TV P\u00fablica. Los locales intentar\u00e1n seguir por el camino de una gran semana, con la punta del torneo Final, cuando se enfrente con All Boys en [&hellip;]<\/p>\n","protected":false},"author":20,"featured_media":8355,"comment_status":"open","ping_status":"open","sticky":false,"template":"","format":"standard","meta":{"_seopress_robots_primary_cat":"","_seopress_titles_title":"","_seopress_titles_desc":"","_seopress_robots_index":"","footnotes":""},"categories":[16],"tags":[33,248,1816,214],"class_list":["post-8354","post","type-post","status-publish","format-standard","has-post-thumbnail","hentry","category-primera-division","tag-afa","tag-all-boys","tag-torneo-final","tag-velez"],"_links":{"self":[{"href":"https:\/\/www.cordobatimes.com\/deportes\/wp-json\/wp\/v2\/posts\/8354","targetHints":{"allow":["GET"]}}],"collection":[{"href":"https:\/\/www.cordobatimes.com\/deportes\/wp-json\/wp\/v2\/posts"}],"about":[{"href":"https:\/\/www.cordobatimes.com\/deportes\/wp-json\/wp\/v2\/types\/post"}],"author":[{"embeddable":true,"href":"https:\/\/www.cordobatimes.com\/deportes\/wp-json\/wp\/v2\/users\/20"}],"replies":[{"embeddable":true,"href":"https:\/\/www.cordobatimes.com\/deportes\/wp-json\/wp\/v2\/comments?post=8354"}],"version-history":[{"count":0,"href":"https:\/\/www.cordobatimes.com\/deportes\/wp-json\/wp\/v2\/posts\/8354\/revisions"}],"wp:featuredmedia":[{"embeddable":true,"href":"https:\/\/www.cordobatimes.com\/deportes\/wp-json\/wp\/v2\/media\/8355"}],"wp:attachment":[{"href":"https:\/\/www.cordobatimes.com\/deportes\/wp-json\/wp\/v2\/media?parent=8354"}],"wp:term":[{"taxonomy":"category","embeddable":true,"href":"https:\/\/www.cordobatimes.com\/deportes\/wp-json\/wp\/v2\/categories?post=8354"},{"taxonomy":"post_tag","embeddable":true,"href":"https:\/\/www.cordobatimes.com\/deportes\/wp-json\/wp\/v2\/tags?post=8354"}],"curies":[{"name":"wp","href":"https:\/\/api.w.org\/{rel}","templated":true}]}}