{"id":8335,"date":"2014-02-18T12:30:04","date_gmt":"2014-02-18T15:30:04","guid":{"rendered":"http:\/\/www.cordobatimes.com\/deportes\/?p=8335"},"modified":"2014-02-18T12:41:14","modified_gmt":"2014-02-18T15:41:14","slug":"el-city-recibe-al-barcelona-por-los-octavos-de-la-champions","status":"publish","type":"post","link":"https:\/\/www.cordobatimes.com\/deportes\/futbol\/2014\/02\/18\/el-city-recibe-al-barcelona-por-los-octavos-de-la-champions\/","title":{"rendered":"El City recibe al Barcelona por los octavos de la Champions"},"content":{"rendered":"<h3 style=\"text-align: justify;\"><strong><a href=\"http:\/\/www.cordobatimes.com\/deportes\/wp-content\/uploads\/2014\/02\/messi_barcelona.jpg\"><img loading=\"lazy\" decoding=\"async\" class=\"size-full wp-image-8339 aligncenter\" style=\"margin-top: 5px; margin-bottom: 5px;\" alt=\"messi_barcelona\" src=\"http:\/\/www.cordobatimes.com\/deportes\/wp-content\/uploads\/2014\/02\/messi_barcelona.jpg\" width=\"1150\" height=\"767\" data-id=\"8339\" srcset=\"https:\/\/www.cordobatimes.com\/deportes\/wp-content\/uploads\/2014\/02\/messi_barcelona.jpg 1150w, https:\/\/www.cordobatimes.com\/deportes\/wp-content\/uploads\/2014\/02\/messi_barcelona-300x200.jpg 300w, https:\/\/www.cordobatimes.com\/deportes\/wp-content\/uploads\/2014\/02\/messi_barcelona-1024x682.jpg 1024w\" sizes=\"auto, (max-width: 1150px) 100vw, 1150px\" \/><\/a>El equipo de Pellegrini, sin Ag\u00fcero, recibe al conjunto dirigido por el &#8220;Tata&#8221; Martino, con Messi en cancha. El partido arranca hoy martes desde las 16.45, hora de la Argentina, por ESPN +. Mir\u00e1 las formaciones y toda la info.<\/strong><\/h3>\n<p>&nbsp;<\/p>\n<p style=\"text-align: justify;\">Una una nueva jornada de la Champions League, Manchester City se mide ante Barcelona por el partido de ida de los octavos de final. Sin el &#8220;Kun&#8221; Ag\u00fcero para los ingleses por su lesi\u00f3n y con Lionel Messi entre los 11 del equipo catal\u00e1n, todo indica que se vivir\u00e1 un partidazo que paralizar\u00e1 a todo el mundo del f\u00fatbol, debido al buen juego que plantean ambos. La revancha ser\u00e1 el 12 de marzo, en el Camp Nou, tambi\u00e9n a las 16.45, y con la televisaci\u00f3n de Fox Sports.<\/p>\n<p style=\"text-align: justify;\">Por el lado del equipo comandado por Manuel Pellegrini, sin duda la baja de su mejor jugador y goleador es un problema, pero los &#8220;Citizen&#8221; han sabido compensar la falta de Ag\u00fcero. Para este encuentro, el &#8220;Arquitecto&#8221; buscar\u00e1 tener el dominio de la pelota utilizando su mejor arma que es el mediocampo, con jugadores de muy buen pie, como Toure Yay\u00e1, Nasri y Silva. Adem\u00e1s, contar\u00e1 con la vuelta del espa\u00f1ol Javi Garc\u00eda y Negredo ir\u00e1 de punta como su carta de gol.<\/p>\n<p style=\"text-align: justify;\">Desde el conjunto espa\u00f1ol, el &#8220;Tata&#8221; Martino dispone del plantel completo, con la vuelta de Neymar y con Messi en cancha desde el arranque. Con una filosof\u00eda de rotaci\u00f3n, debido a la cantidad de partidos y cert\u00e1menes, el entrenador pondr\u00e1 a Iniesta junto a Xavi y Busquets, para tomar la mitad de cancha, y seguir\u00e1 con el tridente formado por Messi, Pedro y F\u00e1bregas. En la defensa, Mascherano vuelve a la titularidad y compartir\u00e1 la zaga central con Piqu\u00e9.<\/p>\n<p style=\"text-align: justify;\">El otro partido de ida de octavos de final que se disputa hoy ser\u00e1 entre Bayern Leverkusen, escolta del Munich en la Bundesliga, y Paris Saint Germain, con Slatan Ibrahimovich a la cabeza, sumado a la presencia de Pastore y Lavezzi. Los otros choques ser\u00e1n Olympiacos-Manchester United, Milan-Atl\u00e9tico de Madrid, Galatasaray-Chelsea, Schalke 04-Real Madrid, Zenit- Dortmund, y Arsenal-Bayern Munich.<\/p>\n<p style=\"text-align: justify;\"><strong>Posibles formaciones:<\/strong><\/p>\n<p style=\"text-align: justify;\"><strong>Manchester City:<\/strong> Hart; Zabaleta, Kompany, Lescott, Clichy; Javi Garc\u00eda, Toure Yay\u00e1; Navas, Silva, Nasri; y Negredo.<\/p>\n<p><strong>Barcelona:<\/strong> Vald\u00e9s; Alves, Piqu\u00e9, Mascherano, Alba; Busquets, Xavi, Iniesta, Cesc, Pedro y Messi.<\/p>\n<p>Lugar: Etihad Stadium (Manchester, Reino Unido)<\/p>\n<p>Hora: 16:45<\/p>\n<p>\u00c1rbitro: Jonas Eriksson (Suecia)<\/p>\n<p>&nbsp;<\/p>\n<p><strong>Por Dar\u00edo Rizzi | @dariorizziok | dario@cordobatimes.com<\/strong><\/p>\n","protected":false},"excerpt":{"rendered":"<p>El equipo de Pellegrini, sin Ag\u00fcero, recibe al conjunto dirigido por el &#8220;Tata&#8221; Martino, con Messi en cancha. El partido arranca hoy martes desde las 16.45, hora de la Argentina, por ESPN +. Mir\u00e1 las formaciones y toda la info. &nbsp; Una una nueva jornada de la Champions League, Manchester City se mide ante Barcelona [&hellip;]<\/p>\n","protected":false},"author":5,"featured_media":8339,"comment_status":"open","ping_status":"open","sticky":false,"template":"","format":"standard","meta":{"_seopress_robots_primary_cat":"","_seopress_titles_title":"","_seopress_titles_desc":"","_seopress_robots_index":"","footnotes":""},"categories":[2],"tags":[67,362,404,1900,153,1899,1847,88,1898,1897,1572,1901,222],"class_list":["post-8335","post","type-post","status-publish","format-standard","has-post-thumbnail","hentry","category-futbol","tag-barcelona","tag-champions-league","tag-kun-aguero","tag-lavezzi","tag-manchester-city","tag-manuel-pellegrini","tag-mascherano","tag-messi","tag-naymar","tag-ocatvos-de-final","tag-pastore","tag-slatan-ibrahimovich","tag-tata-martino"],"_links":{"self":[{"href":"https:\/\/www.cordobatimes.com\/deportes\/wp-json\/wp\/v2\/posts\/8335","targetHints":{"allow":["GET"]}}],"collection":[{"href":"https:\/\/www.cordobatimes.com\/deportes\/wp-json\/wp\/v2\/posts"}],"about":[{"href":"https:\/\/www.cordobatimes.com\/deportes\/wp-json\/wp\/v2\/types\/post"}],"author":[{"embeddable":true,"href":"https:\/\/www.cordobatimes.com\/deportes\/wp-json\/wp\/v2\/users\/5"}],"replies":[{"embeddable":true,"href":"https:\/\/www.cordobatimes.com\/deportes\/wp-json\/wp\/v2\/comments?post=8335"}],"version-history":[{"count":0,"href":"https:\/\/www.cordobatimes.com\/deportes\/wp-json\/wp\/v2\/posts\/8335\/revisions"}],"wp:featuredmedia":[{"embeddable":true,"href":"https:\/\/www.cordobatimes.com\/deportes\/wp-json\/wp\/v2\/media\/8339"}],"wp:attachment":[{"href":"https:\/\/www.cordobatimes.com\/deportes\/wp-json\/wp\/v2\/media?parent=8335"}],"wp:term":[{"taxonomy":"category","embeddable":true,"href":"https:\/\/www.cordobatimes.com\/deportes\/wp-json\/wp\/v2\/categories?post=8335"},{"taxonomy":"post_tag","embeddable":true,"href":"https:\/\/www.cordobatimes.com\/deportes\/wp-json\/wp\/v2\/tags?post=8335"}],"curies":[{"name":"wp","href":"https:\/\/api.w.org\/{rel}","templated":true}]}}