{"id":8293,"date":"2014-02-17T17:53:35","date_gmt":"2014-02-17T20:53:35","guid":{"rendered":"http:\/\/www.cordobatimes.com\/deportes\/?p=8293"},"modified":"2019-04-02T21:54:11","modified_gmt":"2019-04-03T00:54:11","slug":"canapino-a-girolami-le-faltan-dos-o-tres-patitos","status":"publish","type":"post","link":"https:\/\/www.cordobatimes.com\/deportes\/automovilismo\/2014\/02\/17\/canapino-a-girolami-le-faltan-dos-o-tres-patitos\/","title":{"rendered":"Canapino: &#8220;A Girolami le faltan dos o tres patitos&#8221;"},"content":{"rendered":"<h3><strong>La primera fecha de Top Race en Jun\u00edn termin\u00f3 en pol\u00e9mica. Un toque de N\u00e9stor Girolami a Agust\u00edn Canapino en carrera, desat\u00f3 la ira del arrecife\u00f1o y al terminar la competencia descarg\u00f3 contra el cordob\u00e9s.<\/strong><\/h3>\n<p>&#8220;A Girolami le faltan dos o tres patitos. Todos lo piensan pero yo lo digo&#8221;, asegur\u00f3 un enojado Canapino al medio <strong>Vuelta Previa<\/strong> . &#8220;Pens\u00e9 que con la sanci\u00f3n ( en el TC) y todo lo que pas\u00f3 hab\u00eda aprendido algo. Pero tiene un problema en la cabeza&#8221;, agreg\u00f3.<\/p>\n<p>&#8220;Girolami es un boludo. \u00bfQui\u00e9n no lo piensa? Hay que decirlo, por algo ha hecho todas las cagadas que se mand\u00f3&#8221;, concluy\u00f3 el piloto de Arrecifes.<\/p>\n<p>Pero en el d\u00eda de hoy y en fr\u00edo, el \u00faltimo campe\u00f3n de TRV6 recapacit\u00f3 y pidi\u00f3 disculpas por sus dichos, mediante su cuenta oficial de Twitter (@AgustinCanapino).<\/p>\n<p>&#8220;Respecto a lo que declar\u00e9 ayer, quiero decir que estoy arrepentido por las palabras que us\u00e9 en caliente para referirme a Girolami. A veces en caliente uno dice cosas que no debe, est\u00e1 mal decir lo que dije en p\u00fablico y pido perd\u00f3n por eso&#8221;.<\/p>\n<p>Lo cierto es que ambos pilotos seguir\u00e1n siendo rivales en Top Race, pero \u00a0compa\u00f1eros en el equipo Peugeot de S\u00faper TC2000, \u00bfc\u00f3mo seguir\u00e1 la historia?.<\/p>\n<p><strong>Por Laura Rodriguez | Tw: @laurodriguez6 | laura@cordobatimes.com<\/strong><\/p>\n","protected":false},"excerpt":{"rendered":"<p>La primera fecha de Top Race en Jun\u00edn termin\u00f3 en pol\u00e9mica. Un toque de N\u00e9stor Girolami a Agust\u00edn Canapino en carrera, desat\u00f3 la ira del arrecife\u00f1o y al terminar la competencia descarg\u00f3 contra el cordob\u00e9s. &#8220;A Girolami le faltan dos o tres patitos. Todos lo piensan pero yo lo digo&#8221;, asegur\u00f3 un enojado Canapino al [&hellip;]<\/p>\n","protected":false},"author":6,"featured_media":8319,"comment_status":"open","ping_status":"open","sticky":false,"template":"","format":"standard","meta":{"_seopress_robots_primary_cat":"none","_seopress_titles_title":"","_seopress_titles_desc":"","_seopress_robots_index":"","footnotes":""},"categories":[1,15],"tags":[522,1884,5568,195],"class_list":["post-8293","post","type-post","status-publish","format-standard","has-post-thumbnail","hentry","category-automovilismo","category-top-race","tag-agustin-canapino","tag-nestor-girolami","tag-top-race","tag-trv6"],"_links":{"self":[{"href":"https:\/\/www.cordobatimes.com\/deportes\/wp-json\/wp\/v2\/posts\/8293","targetHints":{"allow":["GET"]}}],"collection":[{"href":"https:\/\/www.cordobatimes.com\/deportes\/wp-json\/wp\/v2\/posts"}],"about":[{"href":"https:\/\/www.cordobatimes.com\/deportes\/wp-json\/wp\/v2\/types\/post"}],"author":[{"embeddable":true,"href":"https:\/\/www.cordobatimes.com\/deportes\/wp-json\/wp\/v2\/users\/6"}],"replies":[{"embeddable":true,"href":"https:\/\/www.cordobatimes.com\/deportes\/wp-json\/wp\/v2\/comments?post=8293"}],"version-history":[{"count":0,"href":"https:\/\/www.cordobatimes.com\/deportes\/wp-json\/wp\/v2\/posts\/8293\/revisions"}],"wp:featuredmedia":[{"embeddable":true,"href":"https:\/\/www.cordobatimes.com\/deportes\/wp-json\/wp\/v2\/media\/8319"}],"wp:attachment":[{"href":"https:\/\/www.cordobatimes.com\/deportes\/wp-json\/wp\/v2\/media?parent=8293"}],"wp:term":[{"taxonomy":"category","embeddable":true,"href":"https:\/\/www.cordobatimes.com\/deportes\/wp-json\/wp\/v2\/categories?post=8293"},{"taxonomy":"post_tag","embeddable":true,"href":"https:\/\/www.cordobatimes.com\/deportes\/wp-json\/wp\/v2\/tags?post=8293"}],"curies":[{"name":"wp","href":"https:\/\/api.w.org\/{rel}","templated":true}]}}