{"id":8205,"date":"2014-02-15T23:05:13","date_gmt":"2014-02-16T02:05:13","guid":{"rendered":"http:\/\/www.cordobatimes.com\/deportes\/?p=8205"},"modified":"2014-02-16T12:09:38","modified_gmt":"2014-02-16T15:09:38","slug":"trv6-girolami-se-quedo-con-la-primera-clasificacion-del-ano","status":"publish","type":"post","link":"https:\/\/www.cordobatimes.com\/deportes\/automovilismo\/2014\/02\/15\/trv6-girolami-se-quedo-con-la-primera-clasificacion-del-ano\/","title":{"rendered":"TRV6: Girolami obtuvo la primera clasificaci\u00f3n del a\u00f1o"},"content":{"rendered":"<h3><a style=\"font-size: 1.17em;\" href=\"http:\/\/www.cordobatimes.com\/deportes\/wp-content\/uploads\/2014\/02\/GIROLAMI.jpg\"><img loading=\"lazy\" decoding=\"async\" class=\"alignnone size-full wp-image-8206\" alt=\"GIROLAMI\" src=\"http:\/\/www.cordobatimes.com\/deportes\/wp-content\/uploads\/2014\/02\/GIROLAMI.jpg\" width=\"1300\" height=\"759\" data-id=\"8206\" srcset=\"https:\/\/www.cordobatimes.com\/deportes\/wp-content\/uploads\/2014\/02\/GIROLAMI.jpg 1300w, https:\/\/www.cordobatimes.com\/deportes\/wp-content\/uploads\/2014\/02\/GIROLAMI-300x175.jpg 300w, https:\/\/www.cordobatimes.com\/deportes\/wp-content\/uploads\/2014\/02\/GIROLAMI-1024x597.jpg 1024w\" sizes=\"auto, (max-width: 1300px) 100vw, 1300px\" \/><\/a><\/h3>\n<h3>El piloto del equipo Mitsubishi Dupont Racing se qued\u00f3 con la prueba clasificatoria en la primera fecha de Top Race V6, que se disputa en el aut\u00f3dromo Eucebio Marcilla de Jun\u00edn.<\/h3>\n<p>&nbsp;<\/p>\n<p>El Bebu, Nestor Girolami, registr\u00f3 1m23s243 en su regreso a la categor\u00eda.\u00a0Sus escoltas fueron Germ\u00e1n Sirvent y el actual campe\u00f3n Agust\u00edn Canapino.<\/p>\n<p>&#8220;La verdad que estoy muy contento. Es un regreso muy lindo para m\u00ed. Ya hab\u00eda competidoen la categor\u00eda y hab\u00eda tenido muy buenos resultados. Esto era todo un desaf\u00edo porque el\u00a0auto es nuevo, el equipo tambi\u00e9n, pero por suerte arrancamos muy bien. Se dio un buen\u00a0rendimiento. Se nota que el auto funciona excelente. Quiero agradecerle a todo el equipo\u00a0por la m\u00e1quina que me entregaron. Tuve que ir acostumbr\u00e1ndome al auto vuelta a vuelta,\u00a0pero ellos no tuvieron que tocar nada, funcion\u00f3 perfecto.&#8221;<\/p>\n<p>CLASIFICACION<\/p>\n<p>Auto Piloto Marca Vtas Tiempo Dif.<br \/>\n1\u00b0 63 GIROLAMI NESTOR LANCER 2 1;23,243<br \/>\n2\u00b0 9 SIRVENT GERMAN CRUZE 5 1;23,326 0,083<br \/>\n3\u00b0 1 CANAPINO AGUSTIN MERCEDES 7 1;23,414 0,171<br \/>\n4\u00b0 666 TADEI GUSTAVO CRUZE 5 1;23,583 0,340<br \/>\n5\u00b0 55 AGRELO MARCELO CRUZE 5 1;23,674 0,431<br \/>\n6\u00b0 3 MORGENSTERN RAFAEL LANCER 4 1;23,682 0,439<br \/>\n7\u00b0 75 FONTANA NORBERTO PASSAT 8 1;23,688 0,445<br \/>\n8\u00b0 333 MICHELOUD GUSTAVO MONDEO 6 1;23,810 0,567<br \/>\n9\u00b0 2 ALVAREZ JUAN CRUZ PASSAT 9 1;23,881 0,638<br \/>\n10\u00b0 17 COTIGNOLA NICOLAS MONDEO 6 1;24,111 0,868<br \/>\n11\u00b0 23 BENAMO LUCAS PASSAT 7 1;24,172 0,929<br \/>\n12\u00b0 12 MOISES FEDERICO MERCEDES 8 1;24,261 1,018<br \/>\n13\u00b0 7 SGANGA ANTONINO MERCEDES 9 1;24,289 1,046<br \/>\n14\u00b0 19 KRUJOSKI HUMBERTO MERCEDES 8 1;24,456 1,213<br \/>\n15\u00b0 10 AZAR DIEGO MERCEDES 8 1;24,502 1,259<br \/>\n16\u00b0 18 VAZQUEZ MARCOS LANCER 9 1;24,569 1,326<br \/>\n17\u00b0 95 MONTENEGRO GONZALO MONDEO 4 1;25,648 2,405<\/p>\n","protected":false},"excerpt":{"rendered":"<p>El piloto del equipo Mitsubishi Dupont Racing se qued\u00f3 con la prueba clasificatoria en la primera fecha de Top Race V6, que se disputa en el aut\u00f3dromo Eucebio Marcilla de Jun\u00edn. &nbsp; El Bebu, Nestor Girolami, registr\u00f3 1m23s243 en su regreso a la categor\u00eda.\u00a0Sus escoltas fueron Germ\u00e1n Sirvent y el actual campe\u00f3n Agust\u00edn Canapino. &#8220;La [&hellip;]<\/p>\n","protected":false},"author":6,"featured_media":8206,"comment_status":"open","ping_status":"open","sticky":false,"template":"","format":"standard","meta":{"_seopress_robots_primary_cat":"","_seopress_titles_title":"","_seopress_titles_desc":"","_seopress_robots_index":"","footnotes":""},"categories":[1,15],"tags":[1883,1884,196,195],"class_list":["post-8205","post","type-post","status-publish","format-standard","has-post-thumbnail","hentry","category-automovilismo","category-top-race","tag-bebu-girolami","tag-nestor-girolami","tag-top-race-v6","tag-trv6"],"_links":{"self":[{"href":"https:\/\/www.cordobatimes.com\/deportes\/wp-json\/wp\/v2\/posts\/8205","targetHints":{"allow":["GET"]}}],"collection":[{"href":"https:\/\/www.cordobatimes.com\/deportes\/wp-json\/wp\/v2\/posts"}],"about":[{"href":"https:\/\/www.cordobatimes.com\/deportes\/wp-json\/wp\/v2\/types\/post"}],"author":[{"embeddable":true,"href":"https:\/\/www.cordobatimes.com\/deportes\/wp-json\/wp\/v2\/users\/6"}],"replies":[{"embeddable":true,"href":"https:\/\/www.cordobatimes.com\/deportes\/wp-json\/wp\/v2\/comments?post=8205"}],"version-history":[{"count":0,"href":"https:\/\/www.cordobatimes.com\/deportes\/wp-json\/wp\/v2\/posts\/8205\/revisions"}],"wp:featuredmedia":[{"embeddable":true,"href":"https:\/\/www.cordobatimes.com\/deportes\/wp-json\/wp\/v2\/media\/8206"}],"wp:attachment":[{"href":"https:\/\/www.cordobatimes.com\/deportes\/wp-json\/wp\/v2\/media?parent=8205"}],"wp:term":[{"taxonomy":"category","embeddable":true,"href":"https:\/\/www.cordobatimes.com\/deportes\/wp-json\/wp\/v2\/categories?post=8205"},{"taxonomy":"post_tag","embeddable":true,"href":"https:\/\/www.cordobatimes.com\/deportes\/wp-json\/wp\/v2\/tags?post=8205"}],"curies":[{"name":"wp","href":"https:\/\/api.w.org\/{rel}","templated":true}]}}