{"id":8196,"date":"2014-02-15T22:24:23","date_gmt":"2014-02-16T01:24:23","guid":{"rendered":"http:\/\/www.cordobatimes.com\/deportes\/?p=8196"},"modified":"2014-02-15T22:24:23","modified_gmt":"2014-02-16T01:24:23","slug":"tn-c2-mohamed-bosio-y-bagnera-los-duenos-de-las-series","status":"publish","type":"post","link":"https:\/\/www.cordobatimes.com\/deportes\/automovilismo\/2014\/02\/15\/tn-c2-mohamed-bosio-y-bagnera-los-duenos-de-las-series\/","title":{"rendered":"TN C2: Mohamed, Bosio y Bagnera los due\u00f1os de las series"},"content":{"rendered":"<p><a href=\"http:\/\/www.cordobatimes.com\/deportes\/wp-content\/uploads\/2014\/02\/tnc2.jpg\"><img loading=\"lazy\" decoding=\"async\" class=\"alignnone size-full wp-image-8197\" alt=\"tnc2\" src=\"http:\/\/www.cordobatimes.com\/deportes\/wp-content\/uploads\/2014\/02\/tnc2.jpg\" width=\"620\" height=\"465\" data-id=\"8197\" srcset=\"https:\/\/www.cordobatimes.com\/deportes\/wp-content\/uploads\/2014\/02\/tnc2.jpg 620w, https:\/\/www.cordobatimes.com\/deportes\/wp-content\/uploads\/2014\/02\/tnc2-300x225.jpg 300w\" sizes=\"auto, (max-width: 620px) 100vw, 620px\" \/><\/a><\/p>\n<p>&nbsp;<\/p>\n<h3>Cuando Ever Franetovich ten\u00eda todo para ganar la primera serie, un problema en el acelerador de su auto termin\u00f3 jugando a favor de Lucas Mohamed, vencedor del primer parcial.<\/h3>\n<p>&nbsp;<\/p>\n<p>Lucas Mohamed estuvo en el momento justo para quedarse con la primera serie de Turismo Nacional Clase Dos disputada en el Aut\u00f3dromo Roberto Mouras, por la primera fecha del Campeonato Argentino 2014.<\/p>\n<p>Mohamed fue siempre el escolta de Ever Franetovich en la serie cuando el l\u00edder era el piloto de Venado Tuerto, pero un problema en el acelerador del Chevrolet Corsa margin\u00f3 al volante del JCB Motorsport de la cima. Ello agigant\u00f3 la condici\u00f3n de Mohamed al frente del parcial, el que gan\u00f3 tras 10.42.475\/1000 llevando a la victoria al veterano pero efectivo VW Gol AB9 que alista su propio equipo de competici\u00f3n.<\/p>\n<p>Tras Mohamed, Pablo Ortega edific\u00f3 una notoria actuaci\u00f3n con el Renault Clio alistado por el equipo GR Competici\u00f3n, llegando por delante de Guillermo Albertengo, quien este fin de semana debuta en la divisional menor con el Renault Clio que entrega Sergio Giacone. La zona de puntos de este parcial los completaron Mariano Pernia, Emanuel Abdala y Amadis Farina. Marcos Fern\u00e1ndez, que hab\u00eda sido sexto, fue recargado por maniobra peligrosa a Farina.<\/p>\n<p>&nbsp;<\/p>\n<p>Mientras que,Luciano Bosio se fue victorioso de la edici\u00f3n 2013 de Turismo Nacional en La Plata. Pretendiendo hacer lo mismo en el d\u00eda de ma\u00f1ana, hoy gan\u00f3 la segunda serie de Clase Dos.<\/p>\n<p>Lucas Bagnera supo ser m\u00e1s r\u00e1pido que Lucas Mohamed y Luciano Bosio para quedarse con la serie m\u00e1s veloz de Turismo Nacional en La Plata, escenario de la primera fecha del Campeonato Argentino 2014 cuya final se disputar\u00e1 en el d\u00eda de ma\u00f1ana Domingo, a las 12.00 Horas. El tercer parcial de la Clase Dos cerr\u00f3 el espect\u00e1culo para la divisional menor.<\/p>\n<p>&nbsp;<\/p>\n<p><strong>1ra Serie<\/strong><\/p>\n<p>1. Mohamed (Gol), 10.42.475<br \/>\n2. Ortega (Clio), a 3.686<br \/>\n3. Albertengo (Clio), a 6.791<br \/>\n4. Pernia (Clio), a 9.186<br \/>\n5. Abdala (Corsa), a 14.615<br \/>\n6. Farina (Clio), a 16.334<br \/>\n7. Vallasciani (Gol Trend), a 17.768<br \/>\n8. Valderrey (Corsa), a 18.414<br \/>\n9. Giacoponi (Clio), a 20.647<br \/>\n10. Fern\u00e1ndez M. (Clio), a 24.868<\/p>\n<p><strong>2da Serie\u00a0<\/strong><\/p>\n<p>1. Bosio (Clio), 10.41.657<br \/>\n2. Domenech (Clio), a 0.924<br \/>\n3. Percaz, (207), a 3.104<br \/>\n4. Fernandez G. (Clio), a 3.378<br \/>\n5. Morini (Clio), a 4.156<br \/>\n6. Vidal (Clio), a 10.836<br \/>\n7. D&#8217;Amico (Gol Trend), a 13.838<br \/>\n8. Bestani (Clio), a 14.010<br \/>\n9. Faija (Gol Trend), a 24.440<br \/>\n10. Posco (Fiesta Kinetic), a 36.413<\/p>\n<p><strong>3ra Serie\u00a0<\/strong><\/p>\n<p>1. Bagnera (Clio), 10.40.751<br \/>\n2. Perez (Corsa), a 6.907<br \/>\n3. Borgobello (Clio), a 7.033<br \/>\n4. Eluchans (Clio), a 7.915<br \/>\n5. Penezone (Clio), a 12.222<br \/>\n6. Silvente (Gol Trend), a 13.019<br \/>\n7. Bassi (Gol Trend), a 14.239<br \/>\n8. Lombardo (Clio), a 15.486<br \/>\n9. Piermattei (Fiesta), a 17.315<br \/>\n10. Abdallah (Clio), a 17.661<\/p>\n<p>&nbsp;<\/p>\n<p>Cr\u00e9ditos y Foto: Prensa Apat<\/p>\n<p>&nbsp;<\/p>\n","protected":false},"excerpt":{"rendered":"<p>&nbsp; Cuando Ever Franetovich ten\u00eda todo para ganar la primera serie, un problema en el acelerador de su auto termin\u00f3 jugando a favor de Lucas Mohamed, vencedor del primer parcial. &nbsp; Lucas Mohamed estuvo en el momento justo para quedarse con la primera serie de Turismo Nacional Clase Dos disputada en el Aut\u00f3dromo Roberto Mouras, [&hellip;]<\/p>\n","protected":false},"author":6,"featured_media":8197,"comment_status":"open","ping_status":"open","sticky":false,"template":"","format":"standard","meta":{"_seopress_robots_primary_cat":"","_seopress_titles_title":"","_seopress_titles_desc":"","_seopress_robots_index":"","footnotes":""},"categories":[1,12],"tags":[5566,668],"class_list":["post-8196","post","type-post","status-publish","format-standard","has-post-thumbnail","hentry","category-automovilismo","category-turismo-nacional","tag-turismo-nacional","tag-turismo-nacional-clase2"],"_links":{"self":[{"href":"https:\/\/www.cordobatimes.com\/deportes\/wp-json\/wp\/v2\/posts\/8196","targetHints":{"allow":["GET"]}}],"collection":[{"href":"https:\/\/www.cordobatimes.com\/deportes\/wp-json\/wp\/v2\/posts"}],"about":[{"href":"https:\/\/www.cordobatimes.com\/deportes\/wp-json\/wp\/v2\/types\/post"}],"author":[{"embeddable":true,"href":"https:\/\/www.cordobatimes.com\/deportes\/wp-json\/wp\/v2\/users\/6"}],"replies":[{"embeddable":true,"href":"https:\/\/www.cordobatimes.com\/deportes\/wp-json\/wp\/v2\/comments?post=8196"}],"version-history":[{"count":0,"href":"https:\/\/www.cordobatimes.com\/deportes\/wp-json\/wp\/v2\/posts\/8196\/revisions"}],"wp:featuredmedia":[{"embeddable":true,"href":"https:\/\/www.cordobatimes.com\/deportes\/wp-json\/wp\/v2\/media\/8197"}],"wp:attachment":[{"href":"https:\/\/www.cordobatimes.com\/deportes\/wp-json\/wp\/v2\/media?parent=8196"}],"wp:term":[{"taxonomy":"category","embeddable":true,"href":"https:\/\/www.cordobatimes.com\/deportes\/wp-json\/wp\/v2\/categories?post=8196"},{"taxonomy":"post_tag","embeddable":true,"href":"https:\/\/www.cordobatimes.com\/deportes\/wp-json\/wp\/v2\/tags?post=8196"}],"curies":[{"name":"wp","href":"https:\/\/api.w.org\/{rel}","templated":true}]}}