{"id":8142,"date":"2014-02-15T20:00:51","date_gmt":"2014-02-15T23:00:51","guid":{"rendered":"http:\/\/www.cordobatimes.com\/deportes\/?p=8142"},"modified":"2014-02-15T20:20:27","modified_gmt":"2014-02-15T23:20:27","slug":"arsenal-y-velez-buscan-sus-primeros-tres-puntos","status":"publish","type":"post","link":"https:\/\/www.cordobatimes.com\/deportes\/futbol\/2014\/02\/15\/arsenal-y-velez-buscan-sus-primeros-tres-puntos\/","title":{"rendered":"Victoria de V\u00e9lez ante Arsenal con goles de Mauro Zarate"},"content":{"rendered":"<h3 style=\"text-align: justify;\"><a href=\"http:\/\/www.cordobatimes.com\/deportes\/wp-content\/uploads\/2014\/02\/velez-arsenal.jpg\"><img loading=\"lazy\" decoding=\"async\" class=\"size-full wp-image-8193 aligncenter\" alt=\"velez arsenal\" src=\"http:\/\/www.cordobatimes.com\/deportes\/wp-content\/uploads\/2014\/02\/velez-arsenal.jpg\" width=\"640\" height=\"300\" data-id=\"8193\" srcset=\"https:\/\/www.cordobatimes.com\/deportes\/wp-content\/uploads\/2014\/02\/velez-arsenal.jpg 640w, https:\/\/www.cordobatimes.com\/deportes\/wp-content\/uploads\/2014\/02\/velez-arsenal-300x140.jpg 300w\" sizes=\"auto, (max-width: 640px) 100vw, 640px\" \/><\/a><\/h3>\n<h3 style=\"text-align: justify;\"><b>El atacante meti\u00f3 dos goles y asisti\u00f3 a Correa para el tercero en el 3 a 1 en Sarand\u00ed.<\/b><\/h3>\n<p style=\"text-align: justify;\">\n<p style=\"text-align: justify;\">\n<p style=\"text-align: justify;\">Velez prolong\u00f3 la alegr\u00eda que se trajo de Per\u00fa y consigui\u00f3 una gran victoria, el primero en el campeonato, al vencer por 3 a 1 a Arsenal, en Sarand\u00ed. Mauro Z\u00e1rate fue la gran figura del encuentro tras marcar dos goles y meter una buena asistencia a Jorge Correa para que marcara el tercero del club de Liniers. Mariano Echeverr\u00eda descont\u00f3 en el final del partido.<\/p>\n<p style=\"text-align: justify;\">El \u201cFort\u00edn\u201d hab\u00eda debutado en el torneo Final con un pobre 0 a 0 ante Tigre, en Liniers, y ahora se anot\u00f3 con su primer triunfo. El martes intentar\u00e1 seguir por la senda del \u00e9xito cuando se enfrente a All Boys por la 3\u00aa fecha. Arsenal empez\u00f3 mal el a\u00f1o: perdi\u00f3 sus dos partidos en el campeonato, cay\u00f3 en su debut en la Copa Libertadores y perdi\u00f3, tambi\u00e9n ante el Fort\u00edn, la Supercopa Argentina.<\/p>\n<p><iframe loading=\"lazy\" src=\"\/\/www.youtube.com\/embed\/G5XchY4wTkY\" height=\"315\" width=\"560\" allowfullscreen=\"\" frameborder=\"0\"><\/iframe><br \/>\n<iframe loading=\"lazy\" src=\"\/\/www.youtube.com\/embed\/YZ5ESq0lD48\" height=\"315\" width=\"560\" allowfullscreen=\"\" frameborder=\"0\"><\/iframe><br \/>\n<iframe loading=\"lazy\" src=\"\/\/www.youtube.com\/embed\/7L3bPSLWELA\" height=\"315\" width=\"560\" allowfullscreen=\"\" frameborder=\"0\"><\/iframe><\/p>\n","protected":false},"excerpt":{"rendered":"<p>El atacante meti\u00f3 dos goles y asisti\u00f3 a Correa para el tercero en el 3 a 1 en Sarand\u00ed. Velez prolong\u00f3 la alegr\u00eda que se trajo de Per\u00fa y consigui\u00f3 una gran victoria, el primero en el campeonato, al vencer por 3 a 1 a Arsenal, en Sarand\u00ed. Mauro Z\u00e1rate fue la gran figura del [&hellip;]<\/p>\n","protected":false},"author":5,"featured_media":8193,"comment_status":"open","ping_status":"open","sticky":false,"template":"","format":"standard","meta":{"_seopress_robots_primary_cat":"","_seopress_titles_title":"","_seopress_titles_desc":"","_seopress_robots_index":"","footnotes":""},"categories":[2,16],"tags":[33,71,1816,214],"class_list":["post-8142","post","type-post","status-publish","format-standard","has-post-thumbnail","hentry","category-futbol","category-primera-division","tag-afa","tag-arsenal","tag-torneo-final","tag-velez"],"_links":{"self":[{"href":"https:\/\/www.cordobatimes.com\/deportes\/wp-json\/wp\/v2\/posts\/8142","targetHints":{"allow":["GET"]}}],"collection":[{"href":"https:\/\/www.cordobatimes.com\/deportes\/wp-json\/wp\/v2\/posts"}],"about":[{"href":"https:\/\/www.cordobatimes.com\/deportes\/wp-json\/wp\/v2\/types\/post"}],"author":[{"embeddable":true,"href":"https:\/\/www.cordobatimes.com\/deportes\/wp-json\/wp\/v2\/users\/5"}],"replies":[{"embeddable":true,"href":"https:\/\/www.cordobatimes.com\/deportes\/wp-json\/wp\/v2\/comments?post=8142"}],"version-history":[{"count":0,"href":"https:\/\/www.cordobatimes.com\/deportes\/wp-json\/wp\/v2\/posts\/8142\/revisions"}],"wp:featuredmedia":[{"embeddable":true,"href":"https:\/\/www.cordobatimes.com\/deportes\/wp-json\/wp\/v2\/media\/8193"}],"wp:attachment":[{"href":"https:\/\/www.cordobatimes.com\/deportes\/wp-json\/wp\/v2\/media?parent=8142"}],"wp:term":[{"taxonomy":"category","embeddable":true,"href":"https:\/\/www.cordobatimes.com\/deportes\/wp-json\/wp\/v2\/categories?post=8142"},{"taxonomy":"post_tag","embeddable":true,"href":"https:\/\/www.cordobatimes.com\/deportes\/wp-json\/wp\/v2\/tags?post=8142"}],"curies":[{"name":"wp","href":"https:\/\/api.w.org\/{rel}","templated":true}]}}