{"id":8098,"date":"2014-02-14T12:00:43","date_gmt":"2014-02-14T15:00:43","guid":{"rendered":"http:\/\/www.cordobatimes.com\/deportes\/?p=8098"},"modified":"2014-02-14T12:43:53","modified_gmt":"2014-02-14T15:43:53","slug":"la-esperanza-de-la-familia-de-schumacher","status":"publish","type":"post","link":"https:\/\/www.cordobatimes.com\/deportes\/automovilismo\/2014\/02\/14\/la-esperanza-de-la-familia-de-schumacher\/","title":{"rendered":"La esperanza de la familia de Schumacher"},"content":{"rendered":"<h3><a href=\"http:\/\/www.cordobatimes.com\/deportes\/wp-content\/uploads\/2014\/02\/Michael.jpg\"><img loading=\"lazy\" decoding=\"async\" class=\"alignnone size-full wp-image-8101\" alt=\"Michael\" src=\"http:\/\/www.cordobatimes.com\/deportes\/wp-content\/uploads\/2014\/02\/Michael.jpg\" width=\"800\" height=\"600\" data-id=\"8101\" srcset=\"https:\/\/www.cordobatimes.com\/deportes\/wp-content\/uploads\/2014\/02\/Michael.jpg 800w, https:\/\/www.cordobatimes.com\/deportes\/wp-content\/uploads\/2014\/02\/Michael-300x225.jpg 300w\" sizes=\"auto, (max-width: 800px) 100vw, 800px\" \/><\/a><\/h3>\n<h3>Luego que el diario alem\u00e1n Bild afirmara la noticia que el ex piloto de F1 hab\u00eda contra\u00eddo una neumon\u00eda, la portavoz de la familia emiti\u00f3 un comunicado.<\/h3>\n<p>&nbsp;<\/p>\n<p>&nbsp;<\/p>\n<p>Sabine Khem comparti\u00f3 las palabras esperanzadoras del clan Schumacher sobra la recuperaci\u00f3n del heptacampe\u00f3n:\u00a0&#8220;La familia sigue creyendo firmemente en la curaci\u00f3n de Michael y otorga su total confianza al equipo m\u00e9dico&#8221;, \u00a0y agreg\u00f3: &#8220;Lo importante no es la rapidez del proceso, sino que \u00e9ste se desarrolle de manera continua y controlada&#8221;.<\/p>\n<p>Con respecto a la infecci\u00f3n pulmonar, Khem expres\u00f3:\u00a0\u00a0&#8220;Como lo hemos dicho desde el principio, seguiremos dando informaciones decisivas sobre el estado de salud de Michael. Y somos conscientes de que esta etapa puede ser larga&#8221;.<\/p>\n<p><strong>Por Laura Rodriguez | Tw: @laurodriguez6<\/strong><\/p>\n","protected":false},"excerpt":{"rendered":"<p>Luego que el diario alem\u00e1n Bild afirmara la noticia que el ex piloto de F1 hab\u00eda contra\u00eddo una neumon\u00eda, la portavoz de la familia emiti\u00f3 un comunicado. &nbsp; &nbsp; Sabine Khem comparti\u00f3 las palabras esperanzadoras del clan Schumacher sobra la recuperaci\u00f3n del heptacampe\u00f3n:\u00a0&#8220;La familia sigue creyendo firmemente en la curaci\u00f3n de Michael y otorga su [&hellip;]<\/p>\n","protected":false},"author":6,"featured_media":8101,"comment_status":"open","ping_status":"open","sticky":false,"template":"","format":"standard","meta":{"_seopress_robots_primary_cat":"","_seopress_titles_title":"","_seopress_titles_desc":"","_seopress_robots_index":"","footnotes":""},"categories":[1],"tags":[1635,1348,1874],"class_list":["post-8098","post","type-post","status-publish","format-standard","has-post-thumbnail","hentry","category-automovilismo","tag-fuerza-schumi","tag-michael-schumacher","tag-sabine-khem"],"_links":{"self":[{"href":"https:\/\/www.cordobatimes.com\/deportes\/wp-json\/wp\/v2\/posts\/8098","targetHints":{"allow":["GET"]}}],"collection":[{"href":"https:\/\/www.cordobatimes.com\/deportes\/wp-json\/wp\/v2\/posts"}],"about":[{"href":"https:\/\/www.cordobatimes.com\/deportes\/wp-json\/wp\/v2\/types\/post"}],"author":[{"embeddable":true,"href":"https:\/\/www.cordobatimes.com\/deportes\/wp-json\/wp\/v2\/users\/6"}],"replies":[{"embeddable":true,"href":"https:\/\/www.cordobatimes.com\/deportes\/wp-json\/wp\/v2\/comments?post=8098"}],"version-history":[{"count":0,"href":"https:\/\/www.cordobatimes.com\/deportes\/wp-json\/wp\/v2\/posts\/8098\/revisions"}],"wp:featuredmedia":[{"embeddable":true,"href":"https:\/\/www.cordobatimes.com\/deportes\/wp-json\/wp\/v2\/media\/8101"}],"wp:attachment":[{"href":"https:\/\/www.cordobatimes.com\/deportes\/wp-json\/wp\/v2\/media?parent=8098"}],"wp:term":[{"taxonomy":"category","embeddable":true,"href":"https:\/\/www.cordobatimes.com\/deportes\/wp-json\/wp\/v2\/categories?post=8098"},{"taxonomy":"post_tag","embeddable":true,"href":"https:\/\/www.cordobatimes.com\/deportes\/wp-json\/wp\/v2\/tags?post=8098"}],"curies":[{"name":"wp","href":"https:\/\/api.w.org\/{rel}","templated":true}]}}